{"id":2727,"date":"2020-03-23T19:11:07","date_gmt":"2020-03-23T18:11:07","guid":{"rendered":"https:\/\/blogs.fu-berlin.de\/?p=2727"},"modified":"2020-03-23T19:13:19","modified_gmt":"2020-03-23T18:13:19","slug":"online-lehren-lernen","status":"publish","type":"post","link":"https:\/\/blogs.fu-berlin.de\/?p=2727","title":{"rendered":"Coronavirus &#8211; Online Lehren &#038; Lernen"},"content":{"rendered":"<div class=\"editor-content \">\n<p>Wegen der Ausbreitung des Coronavirus wurden an der Freien Universit\u00e4t Berlin alle Pr\u00e4senzveranstaltungen abgesagt. Das kommende Sommersemester soll weitgehend kontaktfrei und digital stattfinden.<\/p>\n<p>In diesem Prozess m\u00f6chten wir die Lehrenden und Lernenden bestm\u00f6glich unterst\u00fctzen. Daf\u00fcr werden ab heute Informationen und Hilfestellungen zur Umstellung von Vorlesungen, Seminaren und \u00dcbungen auf digitale Formate bereitgestellt und stetig erweitert.<br \/>\nEntstanden sind:<br \/>\n1) eine Website mit ausf\u00fchrlichen Anleitungen: <a href=\"http:\/\/www.cedis.fu-berlin.de\/online-lehren-lernen\" target=\"_blank\" rel=\"noopener\">www.cedis.fu-berlin.de\/online-lehren-lernen<\/a><br \/>\n2) ein Blog zum Austausch der Lehrenden untereinander:\u00a0<a href=\"https:\/\/blogs.fu-berlin.de\/online-lehre\" target=\"_blank\" rel=\"noopener\">https:\/\/blogs.fu-berlin.de\/online-lehre<\/a> und<br \/>\n3) eine E-Mail-Adresse, \u00fcber die Sie uns jederzeit Ihre spezifischen Fragen stellen k\u00f6nnen: <a href=\"mailto:digitale-lehre@fu-berlin.de\">digitale-lehre@fu-berlin.de.<\/a><\/p>\n<\/div>\n<div class=\"shariff shariff-align-flex-start shariff-widget-align-flex-start\"><ul class=\"shariff-buttons theme-default orientation-horizontal buttonsize-medium\"><li class=\"shariff-button twitter shariff-nocustomcolor\" style=\"background-color:#595959\"><a href=\"https:\/\/twitter.com\/share?url=https%3A%2F%2Fblogs.fu-berlin.de%2F%3Fp%3D2727&text=Coronavirus%20%E2%80%93%20Online%20Lehren%20%26%20Lernen\" title=\"Bei X teilen\" aria-label=\"Bei X teilen\" role=\"button\" rel=\"noopener nofollow\" class=\"shariff-link\" style=\"; background-color:#000; color:#fff\" target=\"_blank\"><span class=\"shariff-icon\" style=\"\"><svg width=\"32px\" height=\"20px\" xmlns=\"http:\/\/www.w3.org\/2000\/svg\" viewBox=\"0 0 24 24\"><path fill=\"#000\" d=\"M14.258 10.152L23.176 0h-2.113l-7.747 8.813L7.133 0H0l9.352 13.328L0 23.973h2.113l8.176-9.309 6.531 9.309h7.133zm-2.895 3.293l-.949-1.328L2.875 1.56h3.246l6.086 8.523.945 1.328 7.91 11.078h-3.246zm0 0\"\/><\/svg><\/span><span class=\"shariff-text\">teilen<\/span>&nbsp;<\/a><\/li><li class=\"shariff-button facebook shariff-nocustomcolor\" style=\"background-color:#4273c8\"><a href=\"https:\/\/www.facebook.com\/sharer\/sharer.php?u=https%3A%2F%2Fblogs.fu-berlin.de%2F%3Fp%3D2727\" title=\"Bei Facebook teilen\" aria-label=\"Bei Facebook teilen\" role=\"button\" rel=\"nofollow\" class=\"shariff-link\" style=\"; background-color:#3b5998; color:#fff\" target=\"_blank\"><span class=\"shariff-icon\" style=\"\"><svg width=\"32px\" height=\"20px\" xmlns=\"http:\/\/www.w3.org\/2000\/svg\" viewBox=\"0 0 18 32\"><path fill=\"#3b5998\" d=\"M17.1 0.2v4.7h-2.8q-1.5 0-2.1 0.6t-0.5 1.9v3.4h5.2l-0.7 5.3h-4.5v13.6h-5.5v-13.6h-4.5v-5.3h4.5v-3.9q0-3.3 1.9-5.2t5-1.8q2.6 0 4.1 0.2z\"\/><\/svg><\/span><span class=\"shariff-text\">teilen<\/span>&nbsp;<\/a><\/li><li class=\"shariff-button info shariff-nocustomcolor\" style=\"background-color:#eee\"><a href=\"http:\/\/ct.de\/-2467514\" title=\"Weitere Informationen\" aria-label=\"Weitere Informationen\" role=\"button\" rel=\"noopener \" class=\"shariff-link\" style=\"; background-color:#fff; color:#fff\" target=\"_blank\"><span class=\"shariff-icon\" style=\"\"><svg width=\"32px\" height=\"20px\" xmlns=\"http:\/\/www.w3.org\/2000\/svg\" viewBox=\"0 0 11 32\"><path fill=\"#999\" d=\"M11.4 24v2.3q0 0.5-0.3 0.8t-0.8 0.4h-9.1q-0.5 0-0.8-0.4t-0.4-0.8v-2.3q0-0.5 0.4-0.8t0.8-0.4h1.1v-6.8h-1.1q-0.5 0-0.8-0.4t-0.4-0.8v-2.3q0-0.5 0.4-0.8t0.8-0.4h6.8q0.5 0 0.8 0.4t0.4 0.8v10.3h1.1q0.5 0 0.8 0.4t0.3 0.8zM9.2 3.4v3.4q0 0.5-0.4 0.8t-0.8 0.4h-4.6q-0.4 0-0.8-0.4t-0.4-0.8v-3.4q0-0.4 0.4-0.8t0.8-0.4h4.6q0.5 0 0.8 0.4t0.4 0.8z\"\/><\/svg><\/span><\/a><\/li><\/ul><\/div>","protected":false},"excerpt":{"rendered":"<p>Wegen der Ausbreitung des Coronavirus wurden an der Freien Universit\u00e4t Berlin alle Pr\u00e4senzveranstaltungen abgesagt. Das kommende Sommersemester soll weitgehend kontaktfrei und digital stattfinden. In diesem Prozess m\u00f6chten wir die Lehrenden und Lernenden bestm\u00f6glich unterst\u00fctzen. Daf\u00fcr werden ab heute Informationen und Hilfestellungen zur Umstellung von Vorlesungen, Seminaren und \u00dcbungen auf digitale Formate bereitgestellt und stetig erweitert. &hellip; <a href=\"https:\/\/blogs.fu-berlin.de\/?p=2727\" class=\"more-link\"><span class=\"screen-reader-text\">\u201eCoronavirus &#8211; Online Lehren &#038; Lernen\u201c<\/span> weiterlesen<\/a><\/p>\n","protected":false},"author":5,"featured_media":0,"comment_status":"open","ping_status":"closed","sticky":false,"template":"","format":"standard","meta":{"footnotes":""},"categories":[1,236],"tags":[],"class_list":["post-2727","post","type-post","status-publish","format-standard","hentry","category-uncategorized","category-blog"],"_links":{"self":[{"href":"https:\/\/blogs.fu-berlin.de\/index.php?rest_route=\/wp\/v2\/posts\/2727","targetHints":{"allow":["GET"]}}],"collection":[{"href":"https:\/\/blogs.fu-berlin.de\/index.php?rest_route=\/wp\/v2\/posts"}],"about":[{"href":"https:\/\/blogs.fu-berlin.de\/index.php?rest_route=\/wp\/v2\/types\/post"}],"author":[{"embeddable":true,"href":"https:\/\/blogs.fu-berlin.de\/index.php?rest_route=\/wp\/v2\/users\/5"}],"replies":[{"embeddable":true,"href":"https:\/\/blogs.fu-berlin.de\/index.php?rest_route=%2Fwp%2Fv2%2Fcomments&post=2727"}],"version-history":[{"count":3,"href":"https:\/\/blogs.fu-berlin.de\/index.php?rest_route=\/wp\/v2\/posts\/2727\/revisions"}],"predecessor-version":[{"id":2730,"href":"https:\/\/blogs.fu-berlin.de\/index.php?rest_route=\/wp\/v2\/posts\/2727\/revisions\/2730"}],"wp:attachment":[{"href":"https:\/\/blogs.fu-berlin.de\/index.php?rest_route=%2Fwp%2Fv2%2Fmedia&parent=2727"}],"wp:term":[{"taxonomy":"category","embeddable":true,"href":"https:\/\/blogs.fu-berlin.de\/index.php?rest_route=%2Fwp%2Fv2%2Fcategories&post=2727"},{"taxonomy":"post_tag","embeddable":true,"href":"https:\/\/blogs.fu-berlin.de\/index.php?rest_route=%2Fwp%2Fv2%2Ftags&post=2727"}],"curies":[{"name":"wp","href":"https:\/\/api.w.org\/{rel}","templated":true}]}}