{"id":288,"date":"2010-02-03T11:35:49","date_gmt":"2010-02-03T10:35:49","guid":{"rendered":"https:\/\/blogs.fu-berlin.de\/?p=288"},"modified":"2018-11-21T10:19:16","modified_gmt":"2018-11-21T09:19:16","slug":"educamp-2010-tweets","status":"publish","type":"post","link":"https:\/\/blogs.fu-berlin.de\/?p=288","title":{"rendered":"educamp 2010 Tweets"},"content":{"rendered":"<p><img loading=\"lazy\" decoding=\"async\" src=\"https:\/\/blogs.epb.uni-hamburg.de\/educamp\/files\/2009\/12\/twitter1.gif\" alt=\"\" align=\"right\" width=\"227\" height=\"85\" \/>Am 5.+6. Februar 2010 wird das Geb\u00e4ude Von-Melle-Park 8 der <a href=\"https:\/\/epb.uni-hamburg.de\/\">Fakult\u00e4t EPB<\/a> an der <a href=\"https:\/\/www.uni-hamburg.de\/\">Uni Hamburg<\/a> Treffpunkt f\u00fcr  Bildungsinteressierte aus den unterschiedlichsten Bereichen. Schule,  Hochschule, Volkshochschule, Corporate Learning, Erwachsenenbildung etc. Dabei werden neue Techniken und Methoden in der Bildungsarbeit die Themen  des <a href=\"https:\/\/educamp.mixxt.de\/\" target=\"_blank\">EduCamps<\/a> bestimmen. Die Veranstaltung ist nach dem BarCamp-Prinzip  organisiert. Es wird also keine Zuschauer geben, sondern nur Teilnehmer\/innen.<br \/>\nAm 05.02.2010 wird das Veranstaltungsprogramm zusammengestellt.  Jeder kann (und sollte) eine Session vorbereiten.<br \/>\nF\u00fcr Interessierte haben wir die Tweets zum educmap 2010 in Hamburg in unser Blog aufgenommen.<\/p>\n<div class=\"shariff shariff-align-flex-start shariff-widget-align-flex-start\"><ul class=\"shariff-buttons theme-default orientation-horizontal buttonsize-medium\"><li class=\"shariff-button twitter shariff-nocustomcolor\" style=\"background-color:#595959\"><a href=\"https:\/\/twitter.com\/share?url=https%3A%2F%2Fblogs.fu-berlin.de%2F%3Fp%3D288&text=educamp%202010%20Tweets\" title=\"Bei X teilen\" aria-label=\"Bei X teilen\" role=\"button\" rel=\"noopener nofollow\" class=\"shariff-link\" style=\"; background-color:#000; color:#fff\" target=\"_blank\"><span class=\"shariff-icon\" style=\"\"><svg width=\"32px\" height=\"20px\" xmlns=\"http:\/\/www.w3.org\/2000\/svg\" viewBox=\"0 0 24 24\"><path fill=\"#000\" d=\"M14.258 10.152L23.176 0h-2.113l-7.747 8.813L7.133 0H0l9.352 13.328L0 23.973h2.113l8.176-9.309 6.531 9.309h7.133zm-2.895 3.293l-.949-1.328L2.875 1.56h3.246l6.086 8.523.945 1.328 7.91 11.078h-3.246zm0 0\"\/><\/svg><\/span><span class=\"shariff-text\">teilen<\/span>&nbsp;<\/a><\/li><li class=\"shariff-button facebook shariff-nocustomcolor\" style=\"background-color:#4273c8\"><a href=\"https:\/\/www.facebook.com\/sharer\/sharer.php?u=https%3A%2F%2Fblogs.fu-berlin.de%2F%3Fp%3D288\" title=\"Bei Facebook teilen\" aria-label=\"Bei Facebook teilen\" role=\"button\" rel=\"nofollow\" class=\"shariff-link\" style=\"; background-color:#3b5998; color:#fff\" target=\"_blank\"><span class=\"shariff-icon\" style=\"\"><svg width=\"32px\" height=\"20px\" xmlns=\"http:\/\/www.w3.org\/2000\/svg\" viewBox=\"0 0 18 32\"><path fill=\"#3b5998\" d=\"M17.1 0.2v4.7h-2.8q-1.5 0-2.1 0.6t-0.5 1.9v3.4h5.2l-0.7 5.3h-4.5v13.6h-5.5v-13.6h-4.5v-5.3h4.5v-3.9q0-3.3 1.9-5.2t5-1.8q2.6 0 4.1 0.2z\"\/><\/svg><\/span><span class=\"shariff-text\">teilen<\/span>&nbsp;<\/a><\/li><li class=\"shariff-button info shariff-nocustomcolor\" style=\"background-color:#eee\"><a href=\"http:\/\/ct.de\/-2467514\" title=\"Weitere Informationen\" aria-label=\"Weitere Informationen\" role=\"button\" rel=\"noopener \" class=\"shariff-link\" style=\"; background-color:#fff; color:#fff\" target=\"_blank\"><span class=\"shariff-icon\" style=\"\"><svg width=\"32px\" height=\"20px\" xmlns=\"http:\/\/www.w3.org\/2000\/svg\" viewBox=\"0 0 11 32\"><path fill=\"#999\" d=\"M11.4 24v2.3q0 0.5-0.3 0.8t-0.8 0.4h-9.1q-0.5 0-0.8-0.4t-0.4-0.8v-2.3q0-0.5 0.4-0.8t0.8-0.4h1.1v-6.8h-1.1q-0.5 0-0.8-0.4t-0.4-0.8v-2.3q0-0.5 0.4-0.8t0.8-0.4h6.8q0.5 0 0.8 0.4t0.4 0.8v10.3h1.1q0.5 0 0.8 0.4t0.3 0.8zM9.2 3.4v3.4q0 0.5-0.4 0.8t-0.8 0.4h-4.6q-0.4 0-0.8-0.4t-0.4-0.8v-3.4q0-0.4 0.4-0.8t0.8-0.4h4.6q0.5 0 0.8 0.4t0.4 0.8z\"\/><\/svg><\/span><\/a><\/li><\/ul><\/div>","protected":false},"excerpt":{"rendered":"<p>Am 5.+6. Februar 2010 wird das Geb\u00e4ude Von-Melle-Park 8 der Fakult\u00e4t EPB an der Uni Hamburg Treffpunkt f\u00fcr Bildungsinteressierte aus den unterschiedlichsten Bereichen. Schule, Hochschule, Volkshochschule, Corporate Learning, Erwachsenenbildung etc. Dabei werden neue Techniken und Methoden in der Bildungsarbeit die Themen des EduCamps bestimmen. Die Veranstaltung ist nach dem BarCamp-Prinzip organisiert. Es wird also keine &hellip; <a href=\"https:\/\/blogs.fu-berlin.de\/?p=288\" class=\"more-link\"><span class=\"screen-reader-text\">\u201eeducamp 2010 Tweets\u201c<\/span> weiterlesen<\/a><\/p>\n","protected":false},"author":5,"featured_media":0,"comment_status":"open","ping_status":"closed","sticky":false,"template":"","format":"standard","meta":{"footnotes":""},"categories":[236,107,70],"tags":[869],"class_list":["post-288","post","type-post","status-publish","format-standard","hentry","category-blog","category-tools","category-veranstaltungen","tag-twitter"],"_links":{"self":[{"href":"https:\/\/blogs.fu-berlin.de\/index.php?rest_route=\/wp\/v2\/posts\/288","targetHints":{"allow":["GET"]}}],"collection":[{"href":"https:\/\/blogs.fu-berlin.de\/index.php?rest_route=\/wp\/v2\/posts"}],"about":[{"href":"https:\/\/blogs.fu-berlin.de\/index.php?rest_route=\/wp\/v2\/types\/post"}],"author":[{"embeddable":true,"href":"https:\/\/blogs.fu-berlin.de\/index.php?rest_route=\/wp\/v2\/users\/5"}],"replies":[{"embeddable":true,"href":"https:\/\/blogs.fu-berlin.de\/index.php?rest_route=%2Fwp%2Fv2%2Fcomments&post=288"}],"version-history":[{"count":5,"href":"https:\/\/blogs.fu-berlin.de\/index.php?rest_route=\/wp\/v2\/posts\/288\/revisions"}],"predecessor-version":[{"id":342,"href":"https:\/\/blogs.fu-berlin.de\/index.php?rest_route=\/wp\/v2\/posts\/288\/revisions\/342"}],"wp:attachment":[{"href":"https:\/\/blogs.fu-berlin.de\/index.php?rest_route=%2Fwp%2Fv2%2Fmedia&parent=288"}],"wp:term":[{"taxonomy":"category","embeddable":true,"href":"https:\/\/blogs.fu-berlin.de\/index.php?rest_route=%2Fwp%2Fv2%2Fcategories&post=288"},{"taxonomy":"post_tag","embeddable":true,"href":"https:\/\/blogs.fu-berlin.de\/index.php?rest_route=%2Fwp%2Fv2%2Ftags&post=288"}],"curies":[{"name":"wp","href":"https:\/\/api.w.org\/{rel}","templated":true}]}}