{"id":35,"date":"2007-05-16T15:20:39","date_gmt":"2007-05-16T14:20:39","guid":{"rendered":"https:\/\/blogs.fu-berlin.de\/?p=35"},"modified":"2018-11-21T10:19:18","modified_gmt":"2018-11-21T09:19:18","slug":"neue-themes-im-fu-corporate-design","status":"publish","type":"post","link":"https:\/\/blogs.fu-berlin.de\/?p=35","title":{"rendered":"Neue Themes im FU-Corporate Design"},"content":{"rendered":"<p>Im Zuge des Testbetriebs unseres Blogsystems haben wir ab sofort neue Themes im Corporate-Design der Freien Universit\u00e4t Berlin verf\u00fcgbar gemacht. Das bisherige gr\u00fcne Standard-Theme wurde durch das neue ersetzt. Falls es Nutzer gibt, die sich das alte Theme zur\u00fcckw\u00fcnschen, m\u00f6gen Sie sich bei uns melden. Beim Einsatz des neuen Themes k\u00f6nnen Sie zwischen 12 verschiedenen Foto-Motiven im Kopfbereich Ihres Blogs w\u00e4hlen. Die Funktionalit\u00e4ten des alten Themes sind vollst\u00e4ndig erhalten geblieben. Die Suchfunktion ist nun optisch etwas h\u00f6her ger\u00fcckt.<\/p>\n<p>Und so k\u00f6nnen Sie Ihr Lieblingsmotiv freischalten: Gehen Sie im Backend Ihres Blogs auf den Men\u00fcpunkt &#8222;Themes&#8220;. Klicken Sie dort einfach auf das Foto-Motiv des neuen Standard-Themes, das Ihnen am meisten zusagt. Der Blog ist dann unmittelbar mit dem neu gew\u00e4hlten Motiv verf\u00fcgbar. Sie k\u00f6nnen dieses Motiv auch jederzeit wieder wechseln.<\/p>\n<div class=\"shariff shariff-align-flex-start shariff-widget-align-flex-start\"><ul class=\"shariff-buttons theme-default orientation-horizontal buttonsize-medium\"><li class=\"shariff-button twitter shariff-nocustomcolor\" style=\"background-color:#595959\"><a href=\"https:\/\/twitter.com\/share?url=https%3A%2F%2Fblogs.fu-berlin.de%2F%3Fp%3D35&text=Neue%20Themes%20im%20FU-Corporate%20Design\" title=\"Bei X teilen\" aria-label=\"Bei X teilen\" role=\"button\" rel=\"noopener nofollow\" class=\"shariff-link\" style=\"; background-color:#000; color:#fff\" target=\"_blank\"><span class=\"shariff-icon\" style=\"\"><svg width=\"32px\" height=\"20px\" xmlns=\"http:\/\/www.w3.org\/2000\/svg\" viewBox=\"0 0 24 24\"><path fill=\"#000\" d=\"M14.258 10.152L23.176 0h-2.113l-7.747 8.813L7.133 0H0l9.352 13.328L0 23.973h2.113l8.176-9.309 6.531 9.309h7.133zm-2.895 3.293l-.949-1.328L2.875 1.56h3.246l6.086 8.523.945 1.328 7.91 11.078h-3.246zm0 0\"\/><\/svg><\/span><span class=\"shariff-text\">teilen<\/span>&nbsp;<\/a><\/li><li class=\"shariff-button facebook shariff-nocustomcolor\" style=\"background-color:#4273c8\"><a href=\"https:\/\/www.facebook.com\/sharer\/sharer.php?u=https%3A%2F%2Fblogs.fu-berlin.de%2F%3Fp%3D35\" title=\"Bei Facebook teilen\" aria-label=\"Bei Facebook teilen\" role=\"button\" rel=\"nofollow\" class=\"shariff-link\" style=\"; background-color:#3b5998; color:#fff\" target=\"_blank\"><span class=\"shariff-icon\" style=\"\"><svg width=\"32px\" height=\"20px\" xmlns=\"http:\/\/www.w3.org\/2000\/svg\" viewBox=\"0 0 18 32\"><path fill=\"#3b5998\" d=\"M17.1 0.2v4.7h-2.8q-1.5 0-2.1 0.6t-0.5 1.9v3.4h5.2l-0.7 5.3h-4.5v13.6h-5.5v-13.6h-4.5v-5.3h4.5v-3.9q0-3.3 1.9-5.2t5-1.8q2.6 0 4.1 0.2z\"\/><\/svg><\/span><span class=\"shariff-text\">teilen<\/span>&nbsp;<\/a><\/li><li class=\"shariff-button info shariff-nocustomcolor\" style=\"background-color:#eee\"><a href=\"http:\/\/ct.de\/-2467514\" title=\"Weitere Informationen\" aria-label=\"Weitere Informationen\" role=\"button\" rel=\"noopener \" class=\"shariff-link\" style=\"; background-color:#fff; color:#fff\" target=\"_blank\"><span class=\"shariff-icon\" style=\"\"><svg width=\"32px\" height=\"20px\" xmlns=\"http:\/\/www.w3.org\/2000\/svg\" viewBox=\"0 0 11 32\"><path fill=\"#999\" d=\"M11.4 24v2.3q0 0.5-0.3 0.8t-0.8 0.4h-9.1q-0.5 0-0.8-0.4t-0.4-0.8v-2.3q0-0.5 0.4-0.8t0.8-0.4h1.1v-6.8h-1.1q-0.5 0-0.8-0.4t-0.4-0.8v-2.3q0-0.5 0.4-0.8t0.8-0.4h6.8q0.5 0 0.8 0.4t0.4 0.8v10.3h1.1q0.5 0 0.8 0.4t0.3 0.8zM9.2 3.4v3.4q0 0.5-0.4 0.8t-0.8 0.4h-4.6q-0.4 0-0.8-0.4t-0.4-0.8v-3.4q0-0.4 0.4-0.8t0.8-0.4h4.6q0.5 0 0.8 0.4t0.4 0.8z\"\/><\/svg><\/span><\/a><\/li><\/ul><\/div>","protected":false},"excerpt":{"rendered":"<p>Im Zuge des Testbetriebs unseres Blogsystems haben wir ab sofort neue Themes im Corporate-Design der Freien Universit\u00e4t Berlin verf\u00fcgbar gemacht. Das bisherige gr\u00fcne Standard-Theme wurde durch das neue ersetzt. Falls es Nutzer gibt, die sich das alte Theme zur\u00fcckw\u00fcnschen, m\u00f6gen Sie sich bei uns melden. Beim Einsatz des neuen Themes k\u00f6nnen Sie zwischen 12 verschiedenen &hellip; <a href=\"https:\/\/blogs.fu-berlin.de\/?p=35\" class=\"more-link\"><span class=\"screen-reader-text\">\u201eNeue Themes im FU-Corporate Design\u201c<\/span> weiterlesen<\/a><\/p>\n","protected":false},"author":5,"featured_media":0,"comment_status":"open","ping_status":"closed","sticky":false,"template":"","format":"standard","meta":{"footnotes":""},"categories":[1,236,346],"tags":[75],"class_list":["post-35","post","type-post","status-publish","format-standard","hentry","category-uncategorized","category-blog","category-tutorials","tag-wordpress"],"_links":{"self":[{"href":"https:\/\/blogs.fu-berlin.de\/index.php?rest_route=\/wp\/v2\/posts\/35","targetHints":{"allow":["GET"]}}],"collection":[{"href":"https:\/\/blogs.fu-berlin.de\/index.php?rest_route=\/wp\/v2\/posts"}],"about":[{"href":"https:\/\/blogs.fu-berlin.de\/index.php?rest_route=\/wp\/v2\/types\/post"}],"author":[{"embeddable":true,"href":"https:\/\/blogs.fu-berlin.de\/index.php?rest_route=\/wp\/v2\/users\/5"}],"replies":[{"embeddable":true,"href":"https:\/\/blogs.fu-berlin.de\/index.php?rest_route=%2Fwp%2Fv2%2Fcomments&post=35"}],"version-history":[{"count":3,"href":"https:\/\/blogs.fu-berlin.de\/index.php?rest_route=\/wp\/v2\/posts\/35\/revisions"}],"predecessor-version":[{"id":334,"href":"https:\/\/blogs.fu-berlin.de\/index.php?rest_route=\/wp\/v2\/posts\/35\/revisions\/334"}],"wp:attachment":[{"href":"https:\/\/blogs.fu-berlin.de\/index.php?rest_route=%2Fwp%2Fv2%2Fmedia&parent=35"}],"wp:term":[{"taxonomy":"category","embeddable":true,"href":"https:\/\/blogs.fu-berlin.de\/index.php?rest_route=%2Fwp%2Fv2%2Fcategories&post=35"},{"taxonomy":"post_tag","embeddable":true,"href":"https:\/\/blogs.fu-berlin.de\/index.php?rest_route=%2Fwp%2Fv2%2Ftags&post=35"}],"curies":[{"name":"wp","href":"https:\/\/api.w.org\/{rel}","templated":true}]}}