{"id":351,"date":"2010-03-05T12:35:51","date_gmt":"2010-03-05T11:35:51","guid":{"rendered":"https:\/\/blogs.fu-berlin.de\/?p=351"},"modified":"2018-11-21T10:19:15","modified_gmt":"2018-11-21T09:19:15","slug":"republica-2010-wie-verandert-twitter-unser-kommunikationsverhalten","status":"publish","type":"post","link":"https:\/\/blogs.fu-berlin.de\/?p=351","title":{"rendered":"Re:publica&#8220; 2010: Wie ver\u00e4ndert Twitter unser Kommunikationsverhalten"},"content":{"rendered":"<p>Die Organisatoren der Berliner Netzkonferenz re:publica haben am  Donnerstag<span>das <a href=\"https:\/\/re-publica.de\/10\/programm\/\">vorl\u00e4ufige      Programm<\/a> <\/span>f\u00fcr die diesj\u00e4hrige Ausgabe der Veranstaltung <span>ver\u00f6ffentlicht. Das Symposium wird vom 14. bis  16.    M\u00e4rz an drei Orten in Berlin-Mitte veranstaltet: dem  Friedrichstadtpalast,    der Kalkscheune und dem Quatsch Comedy Club.<\/span><\/p>\n<blockquote><p>Das Thema der re:publica\u20192010 ist \u201cnowHere\u201d. Damit meinen die Organisatoren einerseits  die Echtzeitkommunikation, andererseits wird die re:publica 2010  deutlich internationaler und\u00a0 bringt zahlreiche spannende Projekte  und Blogger aus anderen L\u00e4ndern und Kulturkreisen auf die B\u00fchne.<\/p><\/blockquote>\n<p>Eine von der Bundeszentrale f\u00fcr politische Bildung gef\u00f6rderte  Subkonferenz wird sich am 15. April mit dem Thema Netzneutralit\u00e4t  befassen.<\/p>\n<p><span><br \/>\n<\/span><\/p>\n<div class=\"shariff shariff-align-flex-start shariff-widget-align-flex-start\"><ul class=\"shariff-buttons theme-default orientation-horizontal buttonsize-medium\"><li class=\"shariff-button twitter shariff-nocustomcolor\" style=\"background-color:#595959\"><a href=\"https:\/\/twitter.com\/share?url=https%3A%2F%2Fblogs.fu-berlin.de%2F%3Fp%3D351&text=Re%3Apublica%E2%80%9C%202010%3A%20Wie%20ver%C3%A4ndert%20Twitter%20unser%20Kommunikationsverhalten\" title=\"Bei X teilen\" aria-label=\"Bei X teilen\" role=\"button\" rel=\"noopener nofollow\" class=\"shariff-link\" style=\"; background-color:#000; color:#fff\" target=\"_blank\"><span class=\"shariff-icon\" style=\"\"><svg width=\"32px\" height=\"20px\" xmlns=\"http:\/\/www.w3.org\/2000\/svg\" viewBox=\"0 0 24 24\"><path fill=\"#000\" d=\"M14.258 10.152L23.176 0h-2.113l-7.747 8.813L7.133 0H0l9.352 13.328L0 23.973h2.113l8.176-9.309 6.531 9.309h7.133zm-2.895 3.293l-.949-1.328L2.875 1.56h3.246l6.086 8.523.945 1.328 7.91 11.078h-3.246zm0 0\"\/><\/svg><\/span><span class=\"shariff-text\">teilen<\/span>&nbsp;<\/a><\/li><li class=\"shariff-button facebook shariff-nocustomcolor\" style=\"background-color:#4273c8\"><a href=\"https:\/\/www.facebook.com\/sharer\/sharer.php?u=https%3A%2F%2Fblogs.fu-berlin.de%2F%3Fp%3D351\" title=\"Bei Facebook teilen\" aria-label=\"Bei Facebook teilen\" role=\"button\" rel=\"nofollow\" class=\"shariff-link\" style=\"; background-color:#3b5998; color:#fff\" target=\"_blank\"><span class=\"shariff-icon\" style=\"\"><svg width=\"32px\" height=\"20px\" xmlns=\"http:\/\/www.w3.org\/2000\/svg\" viewBox=\"0 0 18 32\"><path fill=\"#3b5998\" d=\"M17.1 0.2v4.7h-2.8q-1.5 0-2.1 0.6t-0.5 1.9v3.4h5.2l-0.7 5.3h-4.5v13.6h-5.5v-13.6h-4.5v-5.3h4.5v-3.9q0-3.3 1.9-5.2t5-1.8q2.6 0 4.1 0.2z\"\/><\/svg><\/span><span class=\"shariff-text\">teilen<\/span>&nbsp;<\/a><\/li><li class=\"shariff-button info shariff-nocustomcolor\" style=\"background-color:#eee\"><a href=\"http:\/\/ct.de\/-2467514\" title=\"Weitere Informationen\" aria-label=\"Weitere Informationen\" role=\"button\" rel=\"noopener \" class=\"shariff-link\" style=\"; background-color:#fff; color:#fff\" target=\"_blank\"><span class=\"shariff-icon\" style=\"\"><svg width=\"32px\" height=\"20px\" xmlns=\"http:\/\/www.w3.org\/2000\/svg\" viewBox=\"0 0 11 32\"><path fill=\"#999\" d=\"M11.4 24v2.3q0 0.5-0.3 0.8t-0.8 0.4h-9.1q-0.5 0-0.8-0.4t-0.4-0.8v-2.3q0-0.5 0.4-0.8t0.8-0.4h1.1v-6.8h-1.1q-0.5 0-0.8-0.4t-0.4-0.8v-2.3q0-0.5 0.4-0.8t0.8-0.4h6.8q0.5 0 0.8 0.4t0.4 0.8v10.3h1.1q0.5 0 0.8 0.4t0.3 0.8zM9.2 3.4v3.4q0 0.5-0.4 0.8t-0.8 0.4h-4.6q-0.4 0-0.8-0.4t-0.4-0.8v-3.4q0-0.4 0.4-0.8t0.8-0.4h4.6q0.5 0 0.8 0.4t0.4 0.8z\"\/><\/svg><\/span><\/a><\/li><\/ul><\/div>","protected":false},"excerpt":{"rendered":"<p>Die Organisatoren der Berliner Netzkonferenz re:publica haben am Donnerstagdas vorl\u00e4ufige Programm f\u00fcr die diesj\u00e4hrige Ausgabe der Veranstaltung ver\u00f6ffentlicht. Das Symposium wird vom 14. bis 16. M\u00e4rz an drei Orten in Berlin-Mitte veranstaltet: dem Friedrichstadtpalast, der Kalkscheune und dem Quatsch Comedy Club. Das Thema der re:publica\u20192010 ist \u201cnowHere\u201d. Damit meinen die Organisatoren einerseits die Echtzeitkommunikation, andererseits &hellip; <a href=\"https:\/\/blogs.fu-berlin.de\/?p=351\" class=\"more-link\"><span class=\"screen-reader-text\">\u201eRe:publica&#8220; 2010: Wie ver\u00e4ndert Twitter unser Kommunikationsverhalten\u201c<\/span> weiterlesen<\/a><\/p>\n","protected":false},"author":5,"featured_media":0,"comment_status":"open","ping_status":"closed","sticky":false,"template":"","format":"standard","meta":{"footnotes":""},"categories":[236,402,70],"tags":[],"class_list":["post-351","post","type-post","status-publish","format-standard","hentry","category-blog","category-presse","category-veranstaltungen"],"_links":{"self":[{"href":"https:\/\/blogs.fu-berlin.de\/index.php?rest_route=\/wp\/v2\/posts\/351","targetHints":{"allow":["GET"]}}],"collection":[{"href":"https:\/\/blogs.fu-berlin.de\/index.php?rest_route=\/wp\/v2\/posts"}],"about":[{"href":"https:\/\/blogs.fu-berlin.de\/index.php?rest_route=\/wp\/v2\/types\/post"}],"author":[{"embeddable":true,"href":"https:\/\/blogs.fu-berlin.de\/index.php?rest_route=\/wp\/v2\/users\/5"}],"replies":[{"embeddable":true,"href":"https:\/\/blogs.fu-berlin.de\/index.php?rest_route=%2Fwp%2Fv2%2Fcomments&post=351"}],"version-history":[{"count":4,"href":"https:\/\/blogs.fu-berlin.de\/index.php?rest_route=\/wp\/v2\/posts\/351\/revisions"}],"predecessor-version":[{"id":2513,"href":"https:\/\/blogs.fu-berlin.de\/index.php?rest_route=\/wp\/v2\/posts\/351\/revisions\/2513"}],"wp:attachment":[{"href":"https:\/\/blogs.fu-berlin.de\/index.php?rest_route=%2Fwp%2Fv2%2Fmedia&parent=351"}],"wp:term":[{"taxonomy":"category","embeddable":true,"href":"https:\/\/blogs.fu-berlin.de\/index.php?rest_route=%2Fwp%2Fv2%2Fcategories&post=351"},{"taxonomy":"post_tag","embeddable":true,"href":"https:\/\/blogs.fu-berlin.de\/index.php?rest_route=%2Fwp%2Fv2%2Ftags&post=351"}],"curies":[{"name":"wp","href":"https:\/\/api.w.org\/{rel}","templated":true}]}}