{"id":358,"date":"2010-03-17T10:34:54","date_gmt":"2010-03-17T09:34:54","guid":{"rendered":"https:\/\/blogs.fu-berlin.de\/?p=358"},"modified":"2018-11-21T10:19:15","modified_gmt":"2018-11-21T09:19:15","slug":"upgrade-blackboard-neue-funktionalitaten-mehr-benutzerfreundlichkeit","status":"publish","type":"post","link":"https:\/\/blogs.fu-berlin.de\/?p=358","title":{"rendered":"Upgrade Blackboard: Neue Funktionalit\u00e4ten, mehr Benutzerfreundlichkeit"},"content":{"rendered":"<p>Am 22. M\u00e4rz 2010 stellt das Center f\u00fcr Digitale Systeme (CeDiS) die  zentrale Lernplattform Blackboard an der Freien Universit\u00e4t Berlin auf  eine neue Version um. Dieses Upgrade bringt f\u00fcr alle Nutzer\/innen neue  Bedienungs- und Gestaltungsm\u00f6glichkeiten sowie zus\u00e4tzliche  Funktionalit\u00e4ten mit sich.<a title=\"LMS-Seite Upgrade Informationen\" href=\"https:\/\/www.cms.fu-berlin.de\/lms\/allgemein\/ankuendigungen_neu\/upgrade_version9.html\" target=\"_blank\"><span><br \/>\n<\/span><\/a><br \/>\n<strong>ACHTUNG:<\/strong> Aufgrund des Upgrades ist das gesamte  System am 22. M\u00e4rz 2010 bis 14 Uhr nicht verf\u00fcgbar. Nach diesem  Zeitpunkt k\u00f6nnen alle Nutzer\/innen mit ihren bisherigen Zugangsdaten die  Lernplattform wieder verwenden. Alle bereits bestehenden Kurse und  pers\u00f6nlichen Einstellungen bleiben erhalten.<\/p>\n<h3>Schulungen, Materialien und Hotline<\/h3>\n<p>Um Lehrende bei der Nutzung der neuen Version von Blackboard aktiv zu  unterst\u00fctzen, bietet CeDiS v.a. w\u00e4hrend der Semesterferien zahlreiche  Schulungen an. Dazu geh\u00f6ren:<\/p>\n<ul type=\"disc\">\n<li><strong>&#8222;Blackboard f\u00fcr Umsteiger&#8220; <\/strong>f\u00fcr Lehrende, die  die Lernplattform bereits in der Lehre einsetzen und die Neuerungen des  Upgrades kennenlernen m\u00f6chten<\/li>\n<li><strong>&#8222;Blackboard f\u00fcr Einsteiger&#8220;<\/strong> <span>f\u00fcr Lehrende,  die bislang keine Erfahrungen mit der Lernplattform haben und einen  \u00dcberblick \u00fcber die M\u00f6glichkeiten erhalten m\u00f6chten<\/span><\/li>\n<li><strong>&#8222;Blackoard f\u00fcr Fortgeschrittene&#8220;<\/strong> f\u00fcr Lehrende,  die bereits \u00fcber praktische Erfahrungen mit der Lernplattform verf\u00fcgen  und die im Kurs \u201eBlackboard f\u00fcr Einsteiger\u201c enthaltenen  Grundfunktionalit\u00e4ten genauer kennenlernen und weitere M\u00f6glichkeiten  erfahren wollen<\/li>\n<\/ul>\n<p><a href=\"https:\/\/www.e-learning.fu-berlin.de\/schulungen\/lehrende\/lernplattform\/index.html\" target=\"_blank\">N\u00e4here  Informationen zu den Schulungsangeboten sowie Termine \u00bb<\/a><\/p>\n<div class=\"shariff shariff-align-flex-start shariff-widget-align-flex-start\"><ul class=\"shariff-buttons theme-default orientation-horizontal buttonsize-medium\"><li class=\"shariff-button twitter shariff-nocustomcolor\" style=\"background-color:#595959\"><a href=\"https:\/\/twitter.com\/share?url=https%3A%2F%2Fblogs.fu-berlin.de%2F%3Fp%3D358&text=Upgrade%20Blackboard%3A%20Neue%20Funktionalit%C3%A4ten%2C%20mehr%20Benutzerfreundlichkeit\" title=\"Bei X teilen\" aria-label=\"Bei X teilen\" role=\"button\" rel=\"noopener nofollow\" class=\"shariff-link\" style=\"; background-color:#000; color:#fff\" target=\"_blank\"><span class=\"shariff-icon\" style=\"\"><svg width=\"32px\" height=\"20px\" xmlns=\"http:\/\/www.w3.org\/2000\/svg\" viewBox=\"0 0 24 24\"><path fill=\"#000\" d=\"M14.258 10.152L23.176 0h-2.113l-7.747 8.813L7.133 0H0l9.352 13.328L0 23.973h2.113l8.176-9.309 6.531 9.309h7.133zm-2.895 3.293l-.949-1.328L2.875 1.56h3.246l6.086 8.523.945 1.328 7.91 11.078h-3.246zm0 0\"\/><\/svg><\/span><span class=\"shariff-text\">teilen<\/span>&nbsp;<\/a><\/li><li class=\"shariff-button facebook shariff-nocustomcolor\" style=\"background-color:#4273c8\"><a href=\"https:\/\/www.facebook.com\/sharer\/sharer.php?u=https%3A%2F%2Fblogs.fu-berlin.de%2F%3Fp%3D358\" title=\"Bei Facebook teilen\" aria-label=\"Bei Facebook teilen\" role=\"button\" rel=\"nofollow\" class=\"shariff-link\" style=\"; background-color:#3b5998; color:#fff\" target=\"_blank\"><span class=\"shariff-icon\" style=\"\"><svg width=\"32px\" height=\"20px\" xmlns=\"http:\/\/www.w3.org\/2000\/svg\" viewBox=\"0 0 18 32\"><path fill=\"#3b5998\" d=\"M17.1 0.2v4.7h-2.8q-1.5 0-2.1 0.6t-0.5 1.9v3.4h5.2l-0.7 5.3h-4.5v13.6h-5.5v-13.6h-4.5v-5.3h4.5v-3.9q0-3.3 1.9-5.2t5-1.8q2.6 0 4.1 0.2z\"\/><\/svg><\/span><span class=\"shariff-text\">teilen<\/span>&nbsp;<\/a><\/li><li class=\"shariff-button info shariff-nocustomcolor\" style=\"background-color:#eee\"><a href=\"http:\/\/ct.de\/-2467514\" title=\"Weitere Informationen\" aria-label=\"Weitere Informationen\" role=\"button\" rel=\"noopener \" class=\"shariff-link\" style=\"; background-color:#fff; color:#fff\" target=\"_blank\"><span class=\"shariff-icon\" style=\"\"><svg width=\"32px\" height=\"20px\" xmlns=\"http:\/\/www.w3.org\/2000\/svg\" viewBox=\"0 0 11 32\"><path fill=\"#999\" d=\"M11.4 24v2.3q0 0.5-0.3 0.8t-0.8 0.4h-9.1q-0.5 0-0.8-0.4t-0.4-0.8v-2.3q0-0.5 0.4-0.8t0.8-0.4h1.1v-6.8h-1.1q-0.5 0-0.8-0.4t-0.4-0.8v-2.3q0-0.5 0.4-0.8t0.8-0.4h6.8q0.5 0 0.8 0.4t0.4 0.8v10.3h1.1q0.5 0 0.8 0.4t0.3 0.8zM9.2 3.4v3.4q0 0.5-0.4 0.8t-0.8 0.4h-4.6q-0.4 0-0.8-0.4t-0.4-0.8v-3.4q0-0.4 0.4-0.8t0.8-0.4h4.6q0.5 0 0.8 0.4t0.4 0.8z\"\/><\/svg><\/span><\/a><\/li><\/ul><\/div>","protected":false},"excerpt":{"rendered":"<p>Am 22. M\u00e4rz 2010 stellt das Center f\u00fcr Digitale Systeme (CeDiS) die zentrale Lernplattform Blackboard an der Freien Universit\u00e4t Berlin auf eine neue Version um. Dieses Upgrade bringt f\u00fcr alle Nutzer\/innen neue Bedienungs- und Gestaltungsm\u00f6glichkeiten sowie zus\u00e4tzliche Funktionalit\u00e4ten mit sich. ACHTUNG: Aufgrund des Upgrades ist das gesamte System am 22. M\u00e4rz 2010 bis 14 Uhr &hellip; <a href=\"https:\/\/blogs.fu-berlin.de\/?p=358\" class=\"more-link\"><span class=\"screen-reader-text\">\u201eUpgrade Blackboard: Neue Funktionalit\u00e4ten, mehr Benutzerfreundlichkeit\u201c<\/span> weiterlesen<\/a><\/p>\n","protected":false},"author":5,"featured_media":0,"comment_status":"open","ping_status":"closed","sticky":false,"template":"","format":"standard","meta":{"footnotes":""},"categories":[1,236,80],"tags":[],"class_list":["post-358","post","type-post","status-publish","format-standard","hentry","category-uncategorized","category-blog","category-technik"],"_links":{"self":[{"href":"https:\/\/blogs.fu-berlin.de\/index.php?rest_route=\/wp\/v2\/posts\/358","targetHints":{"allow":["GET"]}}],"collection":[{"href":"https:\/\/blogs.fu-berlin.de\/index.php?rest_route=\/wp\/v2\/posts"}],"about":[{"href":"https:\/\/blogs.fu-berlin.de\/index.php?rest_route=\/wp\/v2\/types\/post"}],"author":[{"embeddable":true,"href":"https:\/\/blogs.fu-berlin.de\/index.php?rest_route=\/wp\/v2\/users\/5"}],"replies":[{"embeddable":true,"href":"https:\/\/blogs.fu-berlin.de\/index.php?rest_route=%2Fwp%2Fv2%2Fcomments&post=358"}],"version-history":[{"count":1,"href":"https:\/\/blogs.fu-berlin.de\/index.php?rest_route=\/wp\/v2\/posts\/358\/revisions"}],"predecessor-version":[{"id":359,"href":"https:\/\/blogs.fu-berlin.de\/index.php?rest_route=\/wp\/v2\/posts\/358\/revisions\/359"}],"wp:attachment":[{"href":"https:\/\/blogs.fu-berlin.de\/index.php?rest_route=%2Fwp%2Fv2%2Fmedia&parent=358"}],"wp:term":[{"taxonomy":"category","embeddable":true,"href":"https:\/\/blogs.fu-berlin.de\/index.php?rest_route=%2Fwp%2Fv2%2Fcategories&post=358"},{"taxonomy":"post_tag","embeddable":true,"href":"https:\/\/blogs.fu-berlin.de\/index.php?rest_route=%2Fwp%2Fv2%2Ftags&post=358"}],"curies":[{"name":"wp","href":"https:\/\/api.w.org\/{rel}","templated":true}]}}