{"id":39,"date":"2007-06-04T20:59:30","date_gmt":"2007-06-04T19:59:30","guid":{"rendered":"https:\/\/blogs.fu-berlin.de\/?p=39"},"modified":"2018-11-21T10:19:17","modified_gmt":"2018-11-21T09:19:17","slug":"39","status":"publish","type":"post","link":"https:\/\/blogs.fu-berlin.de\/?p=39","title":{"rendered":"Blogs erleichtern das Projekt-Management"},"content":{"rendered":"<p><img loading=\"lazy\" decoding=\"async\" src=\"https:\/\/farm1.static.flickr.com\/135\/400430937_92beec90c2_m.jpg\" align=\"right\" height=\"153\" width=\"205\" \/>&#8230; meint zumindest <a href=\"https:\/\/web.iwi.unisg.ch\/org\/iwi\/iwi_web.nsf\/wwwTeamGer\/BackAndrea.htm\" target=\"_blank\">Andrea Back<\/a>, Direktorin am Institut f\u00fcr Wirtschaftsinformatik der Universit\u00e4t St. Gallen, in ihrem gleichnamigen <a href=\"https:\/\/www.computerwoche.de\/it_strategien\/it_management\/592676\/\" target=\"_blank\">Aufsatz<\/a>. Am Beispiel von Projektteams beschreibt die Professorin den erfolgreichen Einsatz von Weblogs, die die Kommunikation im Unternehmen effizienter und effektiver machen.<\/p>\n<blockquote><p>Zur Unterst\u00fctzung der Projektkommunikation bieten sich aus dem B\u00fcndel der heute verf\u00fcgbaren Social-Software-Anwendungen besonders die Weblogs oder kurz: Blogs an. Sie werden hier vor allem als Projektjournale eingesetzt, in denen die Teammitglieder oder der Projektleiter regelm\u00e4\u00dfig den Verlauf des Vorhabens festhalten. [&#8230;]<br \/>\nWissensspeicherung bedeutet in diesem Zusammenhang, nicht nur die \u00fcblichen Fortschrittsberichte, sondern auch die &#8222;Lessons Learned&#8220; festzuhalten. Mit welchen besonderen Herausforderungen war das Team im Rahmen des Projekts konfrontiert? Wie wurden sie gel\u00f6st? Von welchen Informationen k\u00f6nnten nachfolgende Projekte profitieren?<\/p><\/blockquote>\n<p>Werden die Blogs zudem durch Wikis und andere Social Software unterst\u00fctzt, erh\u00e4lt man ein unvergleichbar flexibles System von Werkzeugen, die Kommunikations- und Kollaborationsprozesse in Arbeitsgruppen verbessern k\u00f6nnen.<\/p>\n<p align=\"right\"><font size=\"1\">(via <a href=\"https:\/\/www.computerwoche.de\/it_strategien\/it_management\/592676\/\" target=\"_blank\">computerwoche.de<\/a>)<\/font><\/p>\n<div class=\"shariff shariff-align-flex-start shariff-widget-align-flex-start\"><ul class=\"shariff-buttons theme-default orientation-horizontal buttonsize-medium\"><li class=\"shariff-button twitter shariff-nocustomcolor\" style=\"background-color:#595959\"><a href=\"https:\/\/twitter.com\/share?url=https%3A%2F%2Fblogs.fu-berlin.de%2F%3Fp%3D39&text=Blogs%20erleichtern%20das%20Projekt-Management\" title=\"Bei X teilen\" aria-label=\"Bei X teilen\" role=\"button\" rel=\"noopener nofollow\" class=\"shariff-link\" style=\"; background-color:#000; color:#fff\" target=\"_blank\"><span class=\"shariff-icon\" style=\"\"><svg width=\"32px\" height=\"20px\" xmlns=\"http:\/\/www.w3.org\/2000\/svg\" viewBox=\"0 0 24 24\"><path fill=\"#000\" d=\"M14.258 10.152L23.176 0h-2.113l-7.747 8.813L7.133 0H0l9.352 13.328L0 23.973h2.113l8.176-9.309 6.531 9.309h7.133zm-2.895 3.293l-.949-1.328L2.875 1.56h3.246l6.086 8.523.945 1.328 7.91 11.078h-3.246zm0 0\"\/><\/svg><\/span><span class=\"shariff-text\">teilen<\/span>&nbsp;<\/a><\/li><li class=\"shariff-button facebook shariff-nocustomcolor\" style=\"background-color:#4273c8\"><a href=\"https:\/\/www.facebook.com\/sharer\/sharer.php?u=https%3A%2F%2Fblogs.fu-berlin.de%2F%3Fp%3D39\" title=\"Bei Facebook teilen\" aria-label=\"Bei Facebook teilen\" role=\"button\" rel=\"nofollow\" class=\"shariff-link\" style=\"; background-color:#3b5998; color:#fff\" target=\"_blank\"><span class=\"shariff-icon\" style=\"\"><svg width=\"32px\" height=\"20px\" xmlns=\"http:\/\/www.w3.org\/2000\/svg\" viewBox=\"0 0 18 32\"><path fill=\"#3b5998\" d=\"M17.1 0.2v4.7h-2.8q-1.5 0-2.1 0.6t-0.5 1.9v3.4h5.2l-0.7 5.3h-4.5v13.6h-5.5v-13.6h-4.5v-5.3h4.5v-3.9q0-3.3 1.9-5.2t5-1.8q2.6 0 4.1 0.2z\"\/><\/svg><\/span><span class=\"shariff-text\">teilen<\/span>&nbsp;<\/a><\/li><li class=\"shariff-button info shariff-nocustomcolor\" style=\"background-color:#eee\"><a href=\"http:\/\/ct.de\/-2467514\" title=\"Weitere Informationen\" aria-label=\"Weitere Informationen\" role=\"button\" rel=\"noopener \" class=\"shariff-link\" style=\"; background-color:#fff; color:#fff\" target=\"_blank\"><span class=\"shariff-icon\" style=\"\"><svg width=\"32px\" height=\"20px\" xmlns=\"http:\/\/www.w3.org\/2000\/svg\" viewBox=\"0 0 11 32\"><path fill=\"#999\" d=\"M11.4 24v2.3q0 0.5-0.3 0.8t-0.8 0.4h-9.1q-0.5 0-0.8-0.4t-0.4-0.8v-2.3q0-0.5 0.4-0.8t0.8-0.4h1.1v-6.8h-1.1q-0.5 0-0.8-0.4t-0.4-0.8v-2.3q0-0.5 0.4-0.8t0.8-0.4h6.8q0.5 0 0.8 0.4t0.4 0.8v10.3h1.1q0.5 0 0.8 0.4t0.3 0.8zM9.2 3.4v3.4q0 0.5-0.4 0.8t-0.8 0.4h-4.6q-0.4 0-0.8-0.4t-0.4-0.8v-3.4q0-0.4 0.4-0.8t0.8-0.4h4.6q0.5 0 0.8 0.4t0.4 0.8z\"\/><\/svg><\/span><\/a><\/li><\/ul><\/div>","protected":false},"excerpt":{"rendered":"<p>&#8230; meint zumindest Andrea Back, Direktorin am Institut f\u00fcr Wirtschaftsinformatik der Universit\u00e4t St. Gallen, in ihrem gleichnamigen Aufsatz. Am Beispiel von Projektteams beschreibt die Professorin den erfolgreichen Einsatz von Weblogs, die die Kommunikation im Unternehmen effizienter und effektiver machen. Zur Unterst\u00fctzung der Projektkommunikation bieten sich aus dem B\u00fcndel der heute verf\u00fcgbaren Social-Software-Anwendungen besonders die Weblogs &hellip; <a href=\"https:\/\/blogs.fu-berlin.de\/?p=39\" class=\"more-link\"><span class=\"screen-reader-text\">\u201eBlogs erleichtern das Projekt-Management\u201c<\/span> weiterlesen<\/a><\/p>\n","protected":false},"author":5,"featured_media":0,"comment_status":"open","ping_status":"closed","sticky":false,"template":"","format":"standard","meta":{"footnotes":""},"categories":[236,10],"tags":[],"class_list":["post-39","post","type-post","status-publish","format-standard","hentry","category-blog","category-szenarien"],"_links":{"self":[{"href":"https:\/\/blogs.fu-berlin.de\/index.php?rest_route=\/wp\/v2\/posts\/39","targetHints":{"allow":["GET"]}}],"collection":[{"href":"https:\/\/blogs.fu-berlin.de\/index.php?rest_route=\/wp\/v2\/posts"}],"about":[{"href":"https:\/\/blogs.fu-berlin.de\/index.php?rest_route=\/wp\/v2\/types\/post"}],"author":[{"embeddable":true,"href":"https:\/\/blogs.fu-berlin.de\/index.php?rest_route=\/wp\/v2\/users\/5"}],"replies":[{"embeddable":true,"href":"https:\/\/blogs.fu-berlin.de\/index.php?rest_route=%2Fwp%2Fv2%2Fcomments&post=39"}],"version-history":[{"count":1,"href":"https:\/\/blogs.fu-berlin.de\/index.php?rest_route=\/wp\/v2\/posts\/39\/revisions"}],"predecessor-version":[{"id":2547,"href":"https:\/\/blogs.fu-berlin.de\/index.php?rest_route=\/wp\/v2\/posts\/39\/revisions\/2547"}],"wp:attachment":[{"href":"https:\/\/blogs.fu-berlin.de\/index.php?rest_route=%2Fwp%2Fv2%2Fmedia&parent=39"}],"wp:term":[{"taxonomy":"category","embeddable":true,"href":"https:\/\/blogs.fu-berlin.de\/index.php?rest_route=%2Fwp%2Fv2%2Fcategories&post=39"},{"taxonomy":"post_tag","embeddable":true,"href":"https:\/\/blogs.fu-berlin.de\/index.php?rest_route=%2Fwp%2Fv2%2Ftags&post=39"}],"curies":[{"name":"wp","href":"https:\/\/api.w.org\/{rel}","templated":true}]}}