{"id":41,"date":"2007-06-12T09:50:10","date_gmt":"2007-06-12T08:50:10","guid":{"rendered":"https:\/\/blogs.fu-berlin.de\/?p=41"},"modified":"2018-11-21T10:19:17","modified_gmt":"2018-11-21T09:19:17","slug":"hochschulen-und-web-20","status":"publish","type":"post","link":"https:\/\/blogs.fu-berlin.de\/?p=41","title":{"rendered":"Hochschulen und Web 2.0"},"content":{"rendered":"<p><img loading=\"lazy\" decoding=\"async\" src=\"https:\/\/farm1.static.flickr.com\/185\/478162696_0d391362ff_m.jpg\" align=\"right\" height=\"135\" width=\"240\" \/>Unter diesem Titel erscheint das &#8222;Themenspecial&#8220; Mai\/Juni von &#8222;Campus Innovation&#8220; in Hamburg.<\/p>\n<blockquote><p>Das Web 2.0 hat in die Hochschulen Einzug gehalten. Und zwar genauso wie es typisch ist f\u00fcr diese Generation des Internets. Nicht als von oben f\u00fcr die gesamte Institution verordnete Plattform. Sondern als Instrument von Studierenden, Lehrkr\u00e4ften, Fachschaften, Fachbereichen und Fakult\u00e4ten zum einfachen und spontanen Austausch. Zum gemeinsamen Aufbau eines Online-Lexikons. Oder zur Ver\u00f6ffentlichung von interessanten Vorlesungen. Campus Innovation hat Universit\u00e4ten zum Web 2.0 befragt.<\/p>\n<p align=\"right\">(via <a href=\"https:\/\/www.campus-innovation.de\/marketing_web20\" target=\"_blank\">Campus Innovation<\/a>)<\/p>\n<\/blockquote>\n<p align=\"left\">Neben Blogs von <a href=\"https:\/\/mediendidaktik.uni-duisburg-essen.de\/blog\/2\" target=\"_blank\">Michael Kerres<\/a> und <a href=\"https:\/\/medienpaedagogik.phil.uni-augsburg.de\/denkarium\/\" target=\"_blank\">Gabi Reinmann<\/a> werden auch einige Wikis, Podcasts und Videocasts vorgestellt.<\/p>\n<div class=\"shariff shariff-align-flex-start shariff-widget-align-flex-start\"><ul class=\"shariff-buttons theme-default orientation-horizontal buttonsize-medium\"><li class=\"shariff-button twitter shariff-nocustomcolor\" style=\"background-color:#595959\"><a href=\"https:\/\/twitter.com\/share?url=https%3A%2F%2Fblogs.fu-berlin.de%2F%3Fp%3D41&text=Hochschulen%20und%20Web%202.0\" title=\"Bei X teilen\" aria-label=\"Bei X teilen\" role=\"button\" rel=\"noopener nofollow\" class=\"shariff-link\" style=\"; background-color:#000; color:#fff\" target=\"_blank\"><span class=\"shariff-icon\" style=\"\"><svg width=\"32px\" height=\"20px\" xmlns=\"http:\/\/www.w3.org\/2000\/svg\" viewBox=\"0 0 24 24\"><path fill=\"#000\" d=\"M14.258 10.152L23.176 0h-2.113l-7.747 8.813L7.133 0H0l9.352 13.328L0 23.973h2.113l8.176-9.309 6.531 9.309h7.133zm-2.895 3.293l-.949-1.328L2.875 1.56h3.246l6.086 8.523.945 1.328 7.91 11.078h-3.246zm0 0\"\/><\/svg><\/span><span class=\"shariff-text\">teilen<\/span>&nbsp;<\/a><\/li><li class=\"shariff-button facebook shariff-nocustomcolor\" style=\"background-color:#4273c8\"><a href=\"https:\/\/www.facebook.com\/sharer\/sharer.php?u=https%3A%2F%2Fblogs.fu-berlin.de%2F%3Fp%3D41\" title=\"Bei Facebook teilen\" aria-label=\"Bei Facebook teilen\" role=\"button\" rel=\"nofollow\" class=\"shariff-link\" style=\"; background-color:#3b5998; color:#fff\" target=\"_blank\"><span class=\"shariff-icon\" style=\"\"><svg width=\"32px\" height=\"20px\" xmlns=\"http:\/\/www.w3.org\/2000\/svg\" viewBox=\"0 0 18 32\"><path fill=\"#3b5998\" d=\"M17.1 0.2v4.7h-2.8q-1.5 0-2.1 0.6t-0.5 1.9v3.4h5.2l-0.7 5.3h-4.5v13.6h-5.5v-13.6h-4.5v-5.3h4.5v-3.9q0-3.3 1.9-5.2t5-1.8q2.6 0 4.1 0.2z\"\/><\/svg><\/span><span class=\"shariff-text\">teilen<\/span>&nbsp;<\/a><\/li><li class=\"shariff-button info shariff-nocustomcolor\" style=\"background-color:#eee\"><a href=\"http:\/\/ct.de\/-2467514\" title=\"Weitere Informationen\" aria-label=\"Weitere Informationen\" role=\"button\" rel=\"noopener \" class=\"shariff-link\" style=\"; background-color:#fff; color:#fff\" target=\"_blank\"><span class=\"shariff-icon\" style=\"\"><svg width=\"32px\" height=\"20px\" xmlns=\"http:\/\/www.w3.org\/2000\/svg\" viewBox=\"0 0 11 32\"><path fill=\"#999\" d=\"M11.4 24v2.3q0 0.5-0.3 0.8t-0.8 0.4h-9.1q-0.5 0-0.8-0.4t-0.4-0.8v-2.3q0-0.5 0.4-0.8t0.8-0.4h1.1v-6.8h-1.1q-0.5 0-0.8-0.4t-0.4-0.8v-2.3q0-0.5 0.4-0.8t0.8-0.4h6.8q0.5 0 0.8 0.4t0.4 0.8v10.3h1.1q0.5 0 0.8 0.4t0.3 0.8zM9.2 3.4v3.4q0 0.5-0.4 0.8t-0.8 0.4h-4.6q-0.4 0-0.8-0.4t-0.4-0.8v-3.4q0-0.4 0.4-0.8t0.8-0.4h4.6q0.5 0 0.8 0.4t0.4 0.8z\"\/><\/svg><\/span><\/a><\/li><\/ul><\/div>","protected":false},"excerpt":{"rendered":"<p>Unter diesem Titel erscheint das &#8222;Themenspecial&#8220; Mai\/Juni von &#8222;Campus Innovation&#8220; in Hamburg. Das Web 2.0 hat in die Hochschulen Einzug gehalten. Und zwar genauso wie es typisch ist f\u00fcr diese Generation des Internets. Nicht als von oben f\u00fcr die gesamte Institution verordnete Plattform. Sondern als Instrument von Studierenden, Lehrkr\u00e4ften, Fachschaften, Fachbereichen und Fakult\u00e4ten zum einfachen &hellip; <a href=\"https:\/\/blogs.fu-berlin.de\/?p=41\" class=\"more-link\"><span class=\"screen-reader-text\">\u201eHochschulen und Web 2.0\u201c<\/span> weiterlesen<\/a><\/p>\n","protected":false},"author":5,"featured_media":0,"comment_status":"open","ping_status":"closed","sticky":false,"template":"","format":"standard","meta":{"footnotes":""},"categories":[236,10],"tags":[],"class_list":["post-41","post","type-post","status-publish","format-standard","hentry","category-blog","category-szenarien"],"_links":{"self":[{"href":"https:\/\/blogs.fu-berlin.de\/index.php?rest_route=\/wp\/v2\/posts\/41","targetHints":{"allow":["GET"]}}],"collection":[{"href":"https:\/\/blogs.fu-berlin.de\/index.php?rest_route=\/wp\/v2\/posts"}],"about":[{"href":"https:\/\/blogs.fu-berlin.de\/index.php?rest_route=\/wp\/v2\/types\/post"}],"author":[{"embeddable":true,"href":"https:\/\/blogs.fu-berlin.de\/index.php?rest_route=\/wp\/v2\/users\/5"}],"replies":[{"embeddable":true,"href":"https:\/\/blogs.fu-berlin.de\/index.php?rest_route=%2Fwp%2Fv2%2Fcomments&post=41"}],"version-history":[{"count":1,"href":"https:\/\/blogs.fu-berlin.de\/index.php?rest_route=\/wp\/v2\/posts\/41\/revisions"}],"predecessor-version":[{"id":2546,"href":"https:\/\/blogs.fu-berlin.de\/index.php?rest_route=\/wp\/v2\/posts\/41\/revisions\/2546"}],"wp:attachment":[{"href":"https:\/\/blogs.fu-berlin.de\/index.php?rest_route=%2Fwp%2Fv2%2Fmedia&parent=41"}],"wp:term":[{"taxonomy":"category","embeddable":true,"href":"https:\/\/blogs.fu-berlin.de\/index.php?rest_route=%2Fwp%2Fv2%2Fcategories&post=41"},{"taxonomy":"post_tag","embeddable":true,"href":"https:\/\/blogs.fu-berlin.de\/index.php?rest_route=%2Fwp%2Fv2%2Ftags&post=41"}],"curies":[{"name":"wp","href":"https:\/\/api.w.org\/{rel}","templated":true}]}}