{"id":420,"date":"2010-04-21T10:00:45","date_gmt":"2010-04-21T09:00:45","guid":{"rendered":"https:\/\/blogs.fu-berlin.de\/?p=420"},"modified":"2018-11-21T10:19:15","modified_gmt":"2018-11-21T09:19:15","slug":"1-zukunftslabor-der-taz","status":"publish","type":"post","link":"https:\/\/blogs.fu-berlin.de\/?p=420","title":{"rendered":"1. Zukunftslabor der taz"},"content":{"rendered":"<p><img loading=\"lazy\" decoding=\"async\" class=\"alignright\" title=\"tazlab2010\" src=\"https:\/\/www.taz.de\/typo3temp\/pics\/0c8ce27028.jpg\" alt=\"\" width=\"110\" height=\"74\" \/>Ob man die Postille nun mag oder nicht&#8230;<br \/>\nAm Wochenende (Sonnabend, 24.4.2010) veranstaltet die taz das erste &#8222;<a href=\"https:\/\/www.tazlab.de\/zeitung\/taznews\/tazlab\/\" target=\"_blank\">tazlab<\/a>&#8220;  zum Thema: &#8222;Welche Universit\u00e4ten wollen wir?&#8220; Diskutiert werden viele  (auch durchaus bekannte) Fragen:<\/p>\n<blockquote><p>Welche Universit\u00e4ten haben wir n\u00f6tig? Was macht Lust am  Lernen, was  stiftet Zukunft? Konkret: Warum schneidet Deutschland im  internationalen  Vergleich in Sachen Erwachsenenbildung, auch und gerade  in der Frage  der Hochschulqualifikationen immer noch so mies ab? Woran  liegt es, dass  die deutsche Gesellschaft eine ist, in der es schwer  ist, den Aufstieg  \u00fcber Bildung zu schaffen? Was sind die Bedingungen,  dass die  wohlhabend-b\u00fcrgerlichen Schichten immer nur sich selbst \u00fcber  die  Universit\u00e4ten neu rekrutieren? Hat das deutsche Universit\u00e4tssystem   \u00fcberhaupt eine Zukunft, wenn es sich nur um Exzellenz k\u00fcmmert? Woran  liegt es, dass die Ausbildung von Menschen f\u00fcr eine immer  komplexer  werdende Berufswelt gerade bei jenen nicht anschl\u00e4gt, die aus  sogenannt  bildungsfernen Schichten kommen? Aus welchen Gr\u00fcnden wird  soviel Wert  auf Forschung gelegt, nicht jedoch auf die Lehre?  Weshalb  scheitert  die einheimische Bildungspolitik gerade bei den neuen  Deutschen, den  MigrantInnen? Ist der Prozess, der nur noch Abschl\u00fcsse in  Bachelor und  Master vorsieht, noch aufhaltbar? Was braucht es, um Lust  auf  lebenslanges Lernen zu machen \u2013 und nicht allein im Hinblick auf  einen  Abschluss?<\/p><\/blockquote>\n<p>Viele spannende Themen also und nach der re:publica hoffentlich mal  wieder eine konkretere Veranstaltung.<\/p>\n<div class=\"shariff shariff-align-flex-start shariff-widget-align-flex-start\"><ul class=\"shariff-buttons theme-default orientation-horizontal buttonsize-medium\"><li class=\"shariff-button twitter shariff-nocustomcolor\" style=\"background-color:#595959\"><a href=\"https:\/\/twitter.com\/share?url=https%3A%2F%2Fblogs.fu-berlin.de%2F%3Fp%3D420&text=1.%20Zukunftslabor%20der%20taz\" title=\"Bei X teilen\" aria-label=\"Bei X teilen\" role=\"button\" rel=\"noopener nofollow\" class=\"shariff-link\" style=\"; background-color:#000; color:#fff\" target=\"_blank\"><span class=\"shariff-icon\" style=\"\"><svg width=\"32px\" height=\"20px\" xmlns=\"http:\/\/www.w3.org\/2000\/svg\" viewBox=\"0 0 24 24\"><path fill=\"#000\" d=\"M14.258 10.152L23.176 0h-2.113l-7.747 8.813L7.133 0H0l9.352 13.328L0 23.973h2.113l8.176-9.309 6.531 9.309h7.133zm-2.895 3.293l-.949-1.328L2.875 1.56h3.246l6.086 8.523.945 1.328 7.91 11.078h-3.246zm0 0\"\/><\/svg><\/span><span class=\"shariff-text\">teilen<\/span>&nbsp;<\/a><\/li><li class=\"shariff-button facebook shariff-nocustomcolor\" style=\"background-color:#4273c8\"><a href=\"https:\/\/www.facebook.com\/sharer\/sharer.php?u=https%3A%2F%2Fblogs.fu-berlin.de%2F%3Fp%3D420\" title=\"Bei Facebook teilen\" aria-label=\"Bei Facebook teilen\" role=\"button\" rel=\"nofollow\" class=\"shariff-link\" style=\"; background-color:#3b5998; color:#fff\" target=\"_blank\"><span class=\"shariff-icon\" style=\"\"><svg width=\"32px\" height=\"20px\" xmlns=\"http:\/\/www.w3.org\/2000\/svg\" viewBox=\"0 0 18 32\"><path fill=\"#3b5998\" d=\"M17.1 0.2v4.7h-2.8q-1.5 0-2.1 0.6t-0.5 1.9v3.4h5.2l-0.7 5.3h-4.5v13.6h-5.5v-13.6h-4.5v-5.3h4.5v-3.9q0-3.3 1.9-5.2t5-1.8q2.6 0 4.1 0.2z\"\/><\/svg><\/span><span class=\"shariff-text\">teilen<\/span>&nbsp;<\/a><\/li><li class=\"shariff-button info shariff-nocustomcolor\" style=\"background-color:#eee\"><a href=\"http:\/\/ct.de\/-2467514\" title=\"Weitere Informationen\" aria-label=\"Weitere Informationen\" role=\"button\" rel=\"noopener \" class=\"shariff-link\" style=\"; background-color:#fff; color:#fff\" target=\"_blank\"><span class=\"shariff-icon\" style=\"\"><svg width=\"32px\" height=\"20px\" xmlns=\"http:\/\/www.w3.org\/2000\/svg\" viewBox=\"0 0 11 32\"><path fill=\"#999\" d=\"M11.4 24v2.3q0 0.5-0.3 0.8t-0.8 0.4h-9.1q-0.5 0-0.8-0.4t-0.4-0.8v-2.3q0-0.5 0.4-0.8t0.8-0.4h1.1v-6.8h-1.1q-0.5 0-0.8-0.4t-0.4-0.8v-2.3q0-0.5 0.4-0.8t0.8-0.4h6.8q0.5 0 0.8 0.4t0.4 0.8v10.3h1.1q0.5 0 0.8 0.4t0.3 0.8zM9.2 3.4v3.4q0 0.5-0.4 0.8t-0.8 0.4h-4.6q-0.4 0-0.8-0.4t-0.4-0.8v-3.4q0-0.4 0.4-0.8t0.8-0.4h4.6q0.5 0 0.8 0.4t0.4 0.8z\"\/><\/svg><\/span><\/a><\/li><\/ul><\/div>","protected":false},"excerpt":{"rendered":"<p>Ob man die Postille nun mag oder nicht&#8230; Am Wochenende (Sonnabend, 24.4.2010) veranstaltet die taz das erste &#8222;tazlab&#8220; zum Thema: &#8222;Welche Universit\u00e4ten wollen wir?&#8220; Diskutiert werden viele (auch durchaus bekannte) Fragen: Welche Universit\u00e4ten haben wir n\u00f6tig? Was macht Lust am Lernen, was stiftet Zukunft? Konkret: Warum schneidet Deutschland im internationalen Vergleich in Sachen Erwachsenenbildung, auch &hellip; <a href=\"https:\/\/blogs.fu-berlin.de\/?p=420\" class=\"more-link\"><span class=\"screen-reader-text\">\u201e1. Zukunftslabor der taz\u201c<\/span> weiterlesen<\/a><\/p>\n","protected":false},"author":5,"featured_media":0,"comment_status":"open","ping_status":"closed","sticky":false,"template":"","format":"standard","meta":{"footnotes":""},"categories":[236,70],"tags":[1661,1338],"class_list":["post-420","post","type-post","status-publish","format-standard","hentry","category-blog","category-veranstaltungen","tag-bildung","tag-web-2-0"],"_links":{"self":[{"href":"https:\/\/blogs.fu-berlin.de\/index.php?rest_route=\/wp\/v2\/posts\/420","targetHints":{"allow":["GET"]}}],"collection":[{"href":"https:\/\/blogs.fu-berlin.de\/index.php?rest_route=\/wp\/v2\/posts"}],"about":[{"href":"https:\/\/blogs.fu-berlin.de\/index.php?rest_route=\/wp\/v2\/types\/post"}],"author":[{"embeddable":true,"href":"https:\/\/blogs.fu-berlin.de\/index.php?rest_route=\/wp\/v2\/users\/5"}],"replies":[{"embeddable":true,"href":"https:\/\/blogs.fu-berlin.de\/index.php?rest_route=%2Fwp%2Fv2%2Fcomments&post=420"}],"version-history":[{"count":4,"href":"https:\/\/blogs.fu-berlin.de\/index.php?rest_route=\/wp\/v2\/posts\/420\/revisions"}],"predecessor-version":[{"id":2511,"href":"https:\/\/blogs.fu-berlin.de\/index.php?rest_route=\/wp\/v2\/posts\/420\/revisions\/2511"}],"wp:attachment":[{"href":"https:\/\/blogs.fu-berlin.de\/index.php?rest_route=%2Fwp%2Fv2%2Fmedia&parent=420"}],"wp:term":[{"taxonomy":"category","embeddable":true,"href":"https:\/\/blogs.fu-berlin.de\/index.php?rest_route=%2Fwp%2Fv2%2Fcategories&post=420"},{"taxonomy":"post_tag","embeddable":true,"href":"https:\/\/blogs.fu-berlin.de\/index.php?rest_route=%2Fwp%2Fv2%2Ftags&post=420"}],"curies":[{"name":"wp","href":"https:\/\/api.w.org\/{rel}","templated":true}]}}