{"id":430,"date":"2010-04-26T13:30:11","date_gmt":"2010-04-26T12:30:11","guid":{"rendered":"https:\/\/blogs.fu-berlin.de\/?p=430"},"modified":"2018-11-21T10:19:15","modified_gmt":"2018-11-21T09:19:15","slug":"eassessment-in-der-hochschule","status":"publish","type":"post","link":"https:\/\/blogs.fu-berlin.de\/?p=430","title":{"rendered":"eAssessment an der Hochschule"},"content":{"rendered":"<p>Die aktuelle Ausgabe der Zeitschrift  \u201c<a href=\"https:\/\/www.medienpaed.com\/\" target=\"_blank\">MedienP\u00e4dagogik<\/a>\u201d  besch\u00e4ftigt sich mit dem Einsatz elektronischer  Pr\u00fcfungsformen in  formellen Lernprozessen.<br \/>\n<strong>Zum Inhalt:<\/strong><\/p>\n<blockquote><p>\u201cDie Beitr\u00e4ge in diesem Themenheft stellen vielfach Erfahrungen mit der Konzeption und Implementierung von E-Lehr-\/Lern-Portfolios vor. Sie gehen auf die Funktionen und Zwecke von Methoden der individuellen Leistungsdarstellung ein. Sie erl\u00e4utern Ans\u00e4tze, die sich mit der Aneignung derartiger Methoden durch Lernende und Lehrende besch\u00e4ftigen, und dokumentieren die damit verbundenen Anforderungen auf der Grundlage empirischer Praxis. Thematisiert werden ebenfalls die Verfahren und Tools, die eingesetzt werden, um die Selbstreflexion und -steuerung des Lernprozesses bzw. der Kompetenzentwicklung zu unterst\u00fctzen. Dabei ist auch die Frage zentral, inwieweit informell erworbene Kenntnisse und Kompetenzen ber\u00fccksichtigt werden.\u201d<\/p><\/blockquote>\n<p><strong>DOWNLOAD<\/strong>: Die einzelnen Beitr\u00e4ge der 18ten Ausgabe  18 k\u00f6nnen Sie <a href=\"https:\/\/www.medienpaed.com\/zs\/content\/blogcategory\/44\/72\/\" target=\"_blank\">hier<\/a> im PDF-Format herunterladen.<\/p>\n<div class=\"shariff shariff-align-flex-start shariff-widget-align-flex-start\"><ul class=\"shariff-buttons theme-default orientation-horizontal buttonsize-medium\"><li class=\"shariff-button twitter shariff-nocustomcolor\" style=\"background-color:#595959\"><a href=\"https:\/\/twitter.com\/share?url=https%3A%2F%2Fblogs.fu-berlin.de%2F%3Fp%3D430&text=eAssessment%20an%20der%20Hochschule\" title=\"Bei X teilen\" aria-label=\"Bei X teilen\" role=\"button\" rel=\"noopener nofollow\" class=\"shariff-link\" style=\"; background-color:#000; color:#fff\" target=\"_blank\"><span class=\"shariff-icon\" style=\"\"><svg width=\"32px\" height=\"20px\" xmlns=\"http:\/\/www.w3.org\/2000\/svg\" viewBox=\"0 0 24 24\"><path fill=\"#000\" d=\"M14.258 10.152L23.176 0h-2.113l-7.747 8.813L7.133 0H0l9.352 13.328L0 23.973h2.113l8.176-9.309 6.531 9.309h7.133zm-2.895 3.293l-.949-1.328L2.875 1.56h3.246l6.086 8.523.945 1.328 7.91 11.078h-3.246zm0 0\"\/><\/svg><\/span><span class=\"shariff-text\">teilen<\/span>&nbsp;<\/a><\/li><li class=\"shariff-button facebook shariff-nocustomcolor\" style=\"background-color:#4273c8\"><a href=\"https:\/\/www.facebook.com\/sharer\/sharer.php?u=https%3A%2F%2Fblogs.fu-berlin.de%2F%3Fp%3D430\" title=\"Bei Facebook teilen\" aria-label=\"Bei Facebook teilen\" role=\"button\" rel=\"nofollow\" class=\"shariff-link\" style=\"; background-color:#3b5998; color:#fff\" target=\"_blank\"><span class=\"shariff-icon\" style=\"\"><svg width=\"32px\" height=\"20px\" xmlns=\"http:\/\/www.w3.org\/2000\/svg\" viewBox=\"0 0 18 32\"><path fill=\"#3b5998\" d=\"M17.1 0.2v4.7h-2.8q-1.5 0-2.1 0.6t-0.5 1.9v3.4h5.2l-0.7 5.3h-4.5v13.6h-5.5v-13.6h-4.5v-5.3h4.5v-3.9q0-3.3 1.9-5.2t5-1.8q2.6 0 4.1 0.2z\"\/><\/svg><\/span><span class=\"shariff-text\">teilen<\/span>&nbsp;<\/a><\/li><li class=\"shariff-button info shariff-nocustomcolor\" style=\"background-color:#eee\"><a href=\"http:\/\/ct.de\/-2467514\" title=\"Weitere Informationen\" aria-label=\"Weitere Informationen\" role=\"button\" rel=\"noopener \" class=\"shariff-link\" style=\"; background-color:#fff; color:#fff\" target=\"_blank\"><span class=\"shariff-icon\" style=\"\"><svg width=\"32px\" height=\"20px\" xmlns=\"http:\/\/www.w3.org\/2000\/svg\" viewBox=\"0 0 11 32\"><path fill=\"#999\" d=\"M11.4 24v2.3q0 0.5-0.3 0.8t-0.8 0.4h-9.1q-0.5 0-0.8-0.4t-0.4-0.8v-2.3q0-0.5 0.4-0.8t0.8-0.4h1.1v-6.8h-1.1q-0.5 0-0.8-0.4t-0.4-0.8v-2.3q0-0.5 0.4-0.8t0.8-0.4h6.8q0.5 0 0.8 0.4t0.4 0.8v10.3h1.1q0.5 0 0.8 0.4t0.3 0.8zM9.2 3.4v3.4q0 0.5-0.4 0.8t-0.8 0.4h-4.6q-0.4 0-0.8-0.4t-0.4-0.8v-3.4q0-0.4 0.4-0.8t0.8-0.4h4.6q0.5 0 0.8 0.4t0.4 0.8z\"\/><\/svg><\/span><\/a><\/li><\/ul><\/div>","protected":false},"excerpt":{"rendered":"<p>Die aktuelle Ausgabe der Zeitschrift \u201cMedienP\u00e4dagogik\u201d besch\u00e4ftigt sich mit dem Einsatz elektronischer Pr\u00fcfungsformen in formellen Lernprozessen. Zum Inhalt: \u201cDie Beitr\u00e4ge in diesem Themenheft stellen vielfach Erfahrungen mit der Konzeption und Implementierung von E-Lehr-\/Lern-Portfolios vor. Sie gehen auf die Funktionen und Zwecke von Methoden der individuellen Leistungsdarstellung ein. Sie erl\u00e4utern Ans\u00e4tze, die sich mit der Aneignung &hellip; <a href=\"https:\/\/blogs.fu-berlin.de\/?p=430\" class=\"more-link\"><span class=\"screen-reader-text\">\u201eeAssessment an der Hochschule\u201c<\/span> weiterlesen<\/a><\/p>\n","protected":false},"author":5,"featured_media":0,"comment_status":"open","ping_status":"closed","sticky":false,"template":"","format":"standard","meta":{"footnotes":""},"categories":[236,402],"tags":[1653],"class_list":["post-430","post","type-post","status-publish","format-standard","hentry","category-blog","category-presse","tag-e-assessment"],"_links":{"self":[{"href":"https:\/\/blogs.fu-berlin.de\/index.php?rest_route=\/wp\/v2\/posts\/430","targetHints":{"allow":["GET"]}}],"collection":[{"href":"https:\/\/blogs.fu-berlin.de\/index.php?rest_route=\/wp\/v2\/posts"}],"about":[{"href":"https:\/\/blogs.fu-berlin.de\/index.php?rest_route=\/wp\/v2\/types\/post"}],"author":[{"embeddable":true,"href":"https:\/\/blogs.fu-berlin.de\/index.php?rest_route=\/wp\/v2\/users\/5"}],"replies":[{"embeddable":true,"href":"https:\/\/blogs.fu-berlin.de\/index.php?rest_route=%2Fwp%2Fv2%2Fcomments&post=430"}],"version-history":[{"count":7,"href":"https:\/\/blogs.fu-berlin.de\/index.php?rest_route=\/wp\/v2\/posts\/430\/revisions"}],"predecessor-version":[{"id":2509,"href":"https:\/\/blogs.fu-berlin.de\/index.php?rest_route=\/wp\/v2\/posts\/430\/revisions\/2509"}],"wp:attachment":[{"href":"https:\/\/blogs.fu-berlin.de\/index.php?rest_route=%2Fwp%2Fv2%2Fmedia&parent=430"}],"wp:term":[{"taxonomy":"category","embeddable":true,"href":"https:\/\/blogs.fu-berlin.de\/index.php?rest_route=%2Fwp%2Fv2%2Fcategories&post=430"},{"taxonomy":"post_tag","embeddable":true,"href":"https:\/\/blogs.fu-berlin.de\/index.php?rest_route=%2Fwp%2Fv2%2Ftags&post=430"}],"curies":[{"name":"wp","href":"https:\/\/api.w.org\/{rel}","templated":true}]}}