{"id":459,"date":"2010-06-07T11:06:40","date_gmt":"2010-06-07T10:06:40","guid":{"rendered":"https:\/\/blogs.fu-berlin.de\/?p=459"},"modified":"2018-11-21T10:19:15","modified_gmt":"2018-11-21T09:19:15","slug":"veranstaltung-trendwerkstatt-web-2-0-im-berufsalltag-2","status":"publish","type":"post","link":"https:\/\/blogs.fu-berlin.de\/?p=459","title":{"rendered":"Veranstaltung: Trendwerkstatt Web 2.0 im Berufsalltag"},"content":{"rendered":"<p>Am 18. Juni findet die n\u00e4chste Veranstaltung im Rahmen der neuen   Schulungsreihe Trendwerkstatt zum Thema \u201eWeb 2.0 &#8211; Berufsalltag leicht   gemacht statt\u201c statt, die von CeDiS \u2013 dem Kompetenzzentrum   E-Learning\/Multimedia der FU \u2013 angeboten wird.<\/p>\n<blockquote><p>Wer kennt das nicht? Sie haben auf Ihrem Computer   Dokumente gespeichert, Termine eingetragen, Ihre Lieblingswebseiten als   Favoriten abgelegt und k\u00f6nnen darauf nicht von anderen Rechnern aus   zugreifen\u2026 Mit der Einf\u00fchrung sog. Web 2.0-Anwendungen geh\u00f6ren solche   Probleme der Vergangenheit an! In dieser Veranstaltung lernen Sie die   vielf\u00e4ltigen M\u00f6glich\u00adkeiten des computerunab\u00adh\u00e4ngigen Arbeitens kennen   und erhalten Antworten auf die folgenden Fragen:<\/p><\/blockquote>\n<blockquote>\n<ul>\n<li> Was verbirgt sich hinter dem Begriff \u201eWeb 2.0\u201c und welche   M\u00f6glichkeiten bieten webbasierte Anwendungen zur Unterst\u00fctzung des   Berufsalltags?<\/li>\n<li> Wie k\u00f6nnen Sie Ihre h\u00e4ufig besuchten Websites rechner\u00adunabh\u00e4ngig   speichern?<\/li>\n<li> Wie k\u00f6nnen Sie Dokumente online erstellen, speichern und mit   anderen gemeinsam bearbeiten?<\/li>\n<li> Wie k\u00f6nnen Sie oftmals genutzte Internet-Anwendungen in Ihre   Browser-Startseite integrieren und darauf von \u00fcberall her zugreifen?<\/li>\n<li> Wie k\u00f6nnen Sie Ihre Termine online verwalten?<\/li>\n<li> Was sind \u201eRSS-Feeds\u201c und welche Vorteile bietet deren Nutzung?<\/li>\n<\/ul>\n<\/blockquote>\n<p>Termin:\u00a0\u00a0 \u00a018.06.2010<br \/>\nUhrzeit: \u00a0\u00a0 \u00a010:00 \u2013 14:30 Uhr<br \/>\nAnmeldung: <a href=\"mailto:fortbildung@cedis.fu-berlin.de\">fortbildung@cedis.fu-berlin.de<\/a><\/p>\n<p>Informationen zu dieser und weiteren Fortbildungen zu Blackboard und   Web 2.0 erhalten Sie <a href=\"https:\/\/www.e-learning.fu-berlin.de\/schulungen\/lehrende\/terminuebersicht\/index.html\" target=\"_blank\">hier<\/a>.<\/p>\n<div class=\"shariff shariff-align-flex-start shariff-widget-align-flex-start\"><ul class=\"shariff-buttons theme-default orientation-horizontal buttonsize-medium\"><li class=\"shariff-button twitter shariff-nocustomcolor\" style=\"background-color:#595959\"><a href=\"https:\/\/twitter.com\/share?url=https%3A%2F%2Fblogs.fu-berlin.de%2F%3Fp%3D459&text=Veranstaltung%3A%20Trendwerkstatt%20Web%202.0%20im%20Berufsalltag\" title=\"Bei X teilen\" aria-label=\"Bei X teilen\" role=\"button\" rel=\"noopener nofollow\" class=\"shariff-link\" style=\"; background-color:#000; color:#fff\" target=\"_blank\"><span class=\"shariff-icon\" style=\"\"><svg width=\"32px\" height=\"20px\" xmlns=\"http:\/\/www.w3.org\/2000\/svg\" viewBox=\"0 0 24 24\"><path fill=\"#000\" d=\"M14.258 10.152L23.176 0h-2.113l-7.747 8.813L7.133 0H0l9.352 13.328L0 23.973h2.113l8.176-9.309 6.531 9.309h7.133zm-2.895 3.293l-.949-1.328L2.875 1.56h3.246l6.086 8.523.945 1.328 7.91 11.078h-3.246zm0 0\"\/><\/svg><\/span><span class=\"shariff-text\">teilen<\/span>&nbsp;<\/a><\/li><li class=\"shariff-button facebook shariff-nocustomcolor\" style=\"background-color:#4273c8\"><a href=\"https:\/\/www.facebook.com\/sharer\/sharer.php?u=https%3A%2F%2Fblogs.fu-berlin.de%2F%3Fp%3D459\" title=\"Bei Facebook teilen\" aria-label=\"Bei Facebook teilen\" role=\"button\" rel=\"nofollow\" class=\"shariff-link\" style=\"; background-color:#3b5998; color:#fff\" target=\"_blank\"><span class=\"shariff-icon\" style=\"\"><svg width=\"32px\" height=\"20px\" xmlns=\"http:\/\/www.w3.org\/2000\/svg\" viewBox=\"0 0 18 32\"><path fill=\"#3b5998\" d=\"M17.1 0.2v4.7h-2.8q-1.5 0-2.1 0.6t-0.5 1.9v3.4h5.2l-0.7 5.3h-4.5v13.6h-5.5v-13.6h-4.5v-5.3h4.5v-3.9q0-3.3 1.9-5.2t5-1.8q2.6 0 4.1 0.2z\"\/><\/svg><\/span><span class=\"shariff-text\">teilen<\/span>&nbsp;<\/a><\/li><li class=\"shariff-button info shariff-nocustomcolor\" style=\"background-color:#eee\"><a href=\"http:\/\/ct.de\/-2467514\" title=\"Weitere Informationen\" aria-label=\"Weitere Informationen\" role=\"button\" rel=\"noopener \" class=\"shariff-link\" style=\"; background-color:#fff; color:#fff\" target=\"_blank\"><span class=\"shariff-icon\" style=\"\"><svg width=\"32px\" height=\"20px\" xmlns=\"http:\/\/www.w3.org\/2000\/svg\" viewBox=\"0 0 11 32\"><path fill=\"#999\" d=\"M11.4 24v2.3q0 0.5-0.3 0.8t-0.8 0.4h-9.1q-0.5 0-0.8-0.4t-0.4-0.8v-2.3q0-0.5 0.4-0.8t0.8-0.4h1.1v-6.8h-1.1q-0.5 0-0.8-0.4t-0.4-0.8v-2.3q0-0.5 0.4-0.8t0.8-0.4h6.8q0.5 0 0.8 0.4t0.4 0.8v10.3h1.1q0.5 0 0.8 0.4t0.3 0.8zM9.2 3.4v3.4q0 0.5-0.4 0.8t-0.8 0.4h-4.6q-0.4 0-0.8-0.4t-0.4-0.8v-3.4q0-0.4 0.4-0.8t0.8-0.4h4.6q0.5 0 0.8 0.4t0.4 0.8z\"\/><\/svg><\/span><\/a><\/li><\/ul><\/div>","protected":false},"excerpt":{"rendered":"<p>Am 18. Juni findet die n\u00e4chste Veranstaltung im Rahmen der neuen Schulungsreihe Trendwerkstatt zum Thema \u201eWeb 2.0 &#8211; Berufsalltag leicht gemacht statt\u201c statt, die von CeDiS \u2013 dem Kompetenzzentrum E-Learning\/Multimedia der FU \u2013 angeboten wird. Wer kennt das nicht? Sie haben auf Ihrem Computer Dokumente gespeichert, Termine eingetragen, Ihre Lieblingswebseiten als Favoriten abgelegt und k\u00f6nnen &hellip; <a href=\"https:\/\/blogs.fu-berlin.de\/?p=459\" class=\"more-link\"><span class=\"screen-reader-text\">\u201eVeranstaltung: Trendwerkstatt Web 2.0 im Berufsalltag\u201c<\/span> weiterlesen<\/a><\/p>\n","protected":false},"author":5,"featured_media":0,"comment_status":"open","ping_status":"closed","sticky":false,"template":"","format":"standard","meta":{"footnotes":""},"categories":[1,236,70],"tags":[],"class_list":["post-459","post","type-post","status-publish","format-standard","hentry","category-uncategorized","category-blog","category-veranstaltungen"],"_links":{"self":[{"href":"https:\/\/blogs.fu-berlin.de\/index.php?rest_route=\/wp\/v2\/posts\/459","targetHints":{"allow":["GET"]}}],"collection":[{"href":"https:\/\/blogs.fu-berlin.de\/index.php?rest_route=\/wp\/v2\/posts"}],"about":[{"href":"https:\/\/blogs.fu-berlin.de\/index.php?rest_route=\/wp\/v2\/types\/post"}],"author":[{"embeddable":true,"href":"https:\/\/blogs.fu-berlin.de\/index.php?rest_route=\/wp\/v2\/users\/5"}],"replies":[{"embeddable":true,"href":"https:\/\/blogs.fu-berlin.de\/index.php?rest_route=%2Fwp%2Fv2%2Fcomments&post=459"}],"version-history":[{"count":2,"href":"https:\/\/blogs.fu-berlin.de\/index.php?rest_route=\/wp\/v2\/posts\/459\/revisions"}],"predecessor-version":[{"id":2508,"href":"https:\/\/blogs.fu-berlin.de\/index.php?rest_route=\/wp\/v2\/posts\/459\/revisions\/2508"}],"wp:attachment":[{"href":"https:\/\/blogs.fu-berlin.de\/index.php?rest_route=%2Fwp%2Fv2%2Fmedia&parent=459"}],"wp:term":[{"taxonomy":"category","embeddable":true,"href":"https:\/\/blogs.fu-berlin.de\/index.php?rest_route=%2Fwp%2Fv2%2Fcategories&post=459"},{"taxonomy":"post_tag","embeddable":true,"href":"https:\/\/blogs.fu-berlin.de\/index.php?rest_route=%2Fwp%2Fv2%2Ftags&post=459"}],"curies":[{"name":"wp","href":"https:\/\/api.w.org\/{rel}","templated":true}]}}