{"id":519,"date":"2011-01-11T16:16:11","date_gmt":"2011-01-11T15:16:11","guid":{"rendered":"https:\/\/blogs.fu-berlin.de\/?p=519"},"modified":"2018-11-21T10:19:15","modified_gmt":"2018-11-21T09:19:15","slug":"google-analytics-und-datenschutz","status":"publish","type":"post","link":"https:\/\/blogs.fu-berlin.de\/?p=519","title":{"rendered":"Google Analytics und Datenschutz"},"content":{"rendered":"<div>\n<p>Da wir schon mehrfach im Kontext der Blogs nach der M\u00f6glichkeit  der Einbettung von Google Analytics gefragt wurden, hier eine aktuelle  Pressemitteilung, die die datenschutzrechtlichen Aspekte der Google Software verdeutlicht.<\/p>\n<blockquote><p>Der Hamburger Datenschutzbeauftragte Caspar hat die  Verhandlungen  mit Google \u00fcber das Tracking-Programm \u201eGoogle Analytics\u201c  abgebrochen.  Unternehmen, die die Tracking-Software weiterhin  einsetzen, k\u00f6nnte ein  \u201eempfindliches Bu\u00dfgeld\u201c drohen. Auch ein  Musterprozess wird erwogen. [&#8230;]<\/p>\n<p>\u201eLeider mussten wir zu dem Ergebnis kommen, dass Google unseren   Datenschutzanforderungen nicht entsprochen hat\u201c, sagte Caspar am Montag   der F.A.Z. \u201eWir m\u00fcssen deutlich sagen: Was Google anbietet, reicht   nicht.\u201c Google Analytics (GA) ist eine weitverbreitete   \u201eTracking-Software\u201c. Mit ihr k\u00f6nnen die Betreiber von Internetangeboten   Statistiken \u00fcber die Nutzung ihrer Websites erstellen und Informationen   \u00fcber das Verhalten von Internetsurfern sammeln. Google stellt die  Software kostenlos zur Verf\u00fcgung. Wird sie eingesetzt,  werden die  erhobenen Nutzerdaten einschlie\u00dflich der sogenannten  IP-Adresse an  Google-Server in Amerika \u00fcbertragen und dort verarbeitet.  Dieses  Verfahren halten alle im \u201eD\u00fcsseldorfer Kreis\u201c organisierten   Datenschutz-Aufsichtsbeh\u00f6rden der L\u00e4nder f\u00fcr unzul\u00e4ssig.<br \/>\n(Quelle: <a href=\"https:\/\/www.faz.net\/s\/Rub594835B672714A1DB1A121534F010EE1\/Doc%7EE3FCFE8EC3AF34FEC84F22338721DCF2D%7EATpl%7EEcommon%7EScontent.html\" target=\"_blank\">FAZ<\/a>)<\/p><\/blockquote>\n<p>F\u00fcr die Blogs haben wir \u00fcbrigens die Verwendung der Tracking Software aus eben diesen Datenschutzgr\u00fcnden verworfen.<\/p>\n<\/div>\n<div class=\"shariff shariff-align-flex-start shariff-widget-align-flex-start\"><ul class=\"shariff-buttons theme-default orientation-horizontal buttonsize-medium\"><li class=\"shariff-button twitter shariff-nocustomcolor\" style=\"background-color:#595959\"><a href=\"https:\/\/twitter.com\/share?url=https%3A%2F%2Fblogs.fu-berlin.de%2F%3Fp%3D519&text=Google%20Analytics%20und%20Datenschutz\" title=\"Bei X teilen\" aria-label=\"Bei X teilen\" role=\"button\" rel=\"noopener nofollow\" class=\"shariff-link\" style=\"; background-color:#000; color:#fff\" target=\"_blank\"><span class=\"shariff-icon\" style=\"\"><svg width=\"32px\" height=\"20px\" xmlns=\"http:\/\/www.w3.org\/2000\/svg\" viewBox=\"0 0 24 24\"><path fill=\"#000\" d=\"M14.258 10.152L23.176 0h-2.113l-7.747 8.813L7.133 0H0l9.352 13.328L0 23.973h2.113l8.176-9.309 6.531 9.309h7.133zm-2.895 3.293l-.949-1.328L2.875 1.56h3.246l6.086 8.523.945 1.328 7.91 11.078h-3.246zm0 0\"\/><\/svg><\/span><span class=\"shariff-text\">teilen<\/span>&nbsp;<\/a><\/li><li class=\"shariff-button facebook shariff-nocustomcolor\" style=\"background-color:#4273c8\"><a href=\"https:\/\/www.facebook.com\/sharer\/sharer.php?u=https%3A%2F%2Fblogs.fu-berlin.de%2F%3Fp%3D519\" title=\"Bei Facebook teilen\" aria-label=\"Bei Facebook teilen\" role=\"button\" rel=\"nofollow\" class=\"shariff-link\" style=\"; background-color:#3b5998; color:#fff\" target=\"_blank\"><span class=\"shariff-icon\" style=\"\"><svg width=\"32px\" height=\"20px\" xmlns=\"http:\/\/www.w3.org\/2000\/svg\" viewBox=\"0 0 18 32\"><path fill=\"#3b5998\" d=\"M17.1 0.2v4.7h-2.8q-1.5 0-2.1 0.6t-0.5 1.9v3.4h5.2l-0.7 5.3h-4.5v13.6h-5.5v-13.6h-4.5v-5.3h4.5v-3.9q0-3.3 1.9-5.2t5-1.8q2.6 0 4.1 0.2z\"\/><\/svg><\/span><span class=\"shariff-text\">teilen<\/span>&nbsp;<\/a><\/li><li class=\"shariff-button info shariff-nocustomcolor\" style=\"background-color:#eee\"><a href=\"http:\/\/ct.de\/-2467514\" title=\"Weitere Informationen\" aria-label=\"Weitere Informationen\" role=\"button\" rel=\"noopener \" class=\"shariff-link\" style=\"; background-color:#fff; color:#fff\" target=\"_blank\"><span class=\"shariff-icon\" style=\"\"><svg width=\"32px\" height=\"20px\" xmlns=\"http:\/\/www.w3.org\/2000\/svg\" viewBox=\"0 0 11 32\"><path fill=\"#999\" d=\"M11.4 24v2.3q0 0.5-0.3 0.8t-0.8 0.4h-9.1q-0.5 0-0.8-0.4t-0.4-0.8v-2.3q0-0.5 0.4-0.8t0.8-0.4h1.1v-6.8h-1.1q-0.5 0-0.8-0.4t-0.4-0.8v-2.3q0-0.5 0.4-0.8t0.8-0.4h6.8q0.5 0 0.8 0.4t0.4 0.8v10.3h1.1q0.5 0 0.8 0.4t0.3 0.8zM9.2 3.4v3.4q0 0.5-0.4 0.8t-0.8 0.4h-4.6q-0.4 0-0.8-0.4t-0.4-0.8v-3.4q0-0.4 0.4-0.8t0.8-0.4h4.6q0.5 0 0.8 0.4t0.4 0.8z\"\/><\/svg><\/span><\/a><\/li><\/ul><\/div>","protected":false},"excerpt":{"rendered":"<p>Da wir schon mehrfach im Kontext der Blogs nach der M\u00f6glichkeit der Einbettung von Google Analytics gefragt wurden, hier eine aktuelle Pressemitteilung, die die datenschutzrechtlichen Aspekte der Google Software verdeutlicht. Der Hamburger Datenschutzbeauftragte Caspar hat die Verhandlungen mit Google \u00fcber das Tracking-Programm \u201eGoogle Analytics\u201c abgebrochen. Unternehmen, die die Tracking-Software weiterhin einsetzen, k\u00f6nnte ein \u201eempfindliches Bu\u00dfgeld\u201c &hellip; <a href=\"https:\/\/blogs.fu-berlin.de\/?p=519\" class=\"more-link\"><span class=\"screen-reader-text\">\u201eGoogle Analytics und Datenschutz\u201c<\/span> weiterlesen<\/a><\/p>\n","protected":false},"author":5,"featured_media":0,"comment_status":"open","ping_status":"closed","sticky":false,"template":"","format":"standard","meta":{"footnotes":""},"categories":[236,402,107],"tags":[370,371],"class_list":["post-519","post","type-post","status-publish","format-standard","hentry","category-blog","category-presse","category-tools","tag-datenschutz","tag-google"],"_links":{"self":[{"href":"https:\/\/blogs.fu-berlin.de\/index.php?rest_route=\/wp\/v2\/posts\/519","targetHints":{"allow":["GET"]}}],"collection":[{"href":"https:\/\/blogs.fu-berlin.de\/index.php?rest_route=\/wp\/v2\/posts"}],"about":[{"href":"https:\/\/blogs.fu-berlin.de\/index.php?rest_route=\/wp\/v2\/types\/post"}],"author":[{"embeddable":true,"href":"https:\/\/blogs.fu-berlin.de\/index.php?rest_route=\/wp\/v2\/users\/5"}],"replies":[{"embeddable":true,"href":"https:\/\/blogs.fu-berlin.de\/index.php?rest_route=%2Fwp%2Fv2%2Fcomments&post=519"}],"version-history":[{"count":3,"href":"https:\/\/blogs.fu-berlin.de\/index.php?rest_route=\/wp\/v2\/posts\/519\/revisions"}],"predecessor-version":[{"id":521,"href":"https:\/\/blogs.fu-berlin.de\/index.php?rest_route=\/wp\/v2\/posts\/519\/revisions\/521"}],"wp:attachment":[{"href":"https:\/\/blogs.fu-berlin.de\/index.php?rest_route=%2Fwp%2Fv2%2Fmedia&parent=519"}],"wp:term":[{"taxonomy":"category","embeddable":true,"href":"https:\/\/blogs.fu-berlin.de\/index.php?rest_route=%2Fwp%2Fv2%2Fcategories&post=519"},{"taxonomy":"post_tag","embeddable":true,"href":"https:\/\/blogs.fu-berlin.de\/index.php?rest_route=%2Fwp%2Fv2%2Ftags&post=519"}],"curies":[{"name":"wp","href":"https:\/\/api.w.org\/{rel}","templated":true}]}}