{"id":570,"date":"2011-02-02T10:54:49","date_gmt":"2011-02-02T09:54:49","guid":{"rendered":"https:\/\/blogs.fu-berlin.de\/?p=570"},"modified":"2018-11-21T10:19:14","modified_gmt":"2018-11-21T09:19:14","slug":"lehrbuch-lernen-und-lehren-mit-technologien","status":"publish","type":"post","link":"https:\/\/blogs.fu-berlin.de\/?p=570","title":{"rendered":"Lehrbuch Lernen und Lehren mit Technologien"},"content":{"rendered":"<p><img loading=\"lazy\" decoding=\"async\" class=\"alignright\" title=\"L3T\" src=\"https:\/\/farm5.static.flickr.com\/4153\/4987604374_7fb6ab440f.jpg\" alt=\"\" width=\"107\" height=\"107\" \/>Sandra Sch\u00f6n (Salzburg Research  Forschungsgesellschaft) und Martin Ebner (TU Graz) haben es geschafft, mit dem <a href=\"https:\/\/l3t.tugraz.at\/index.php\/LehrbuchEbner10\/issue\/current\/showToc\" target=\"_blank\">Lehrbuch f\u00fcr Lernen und Lehren mit Technologien<\/a> das Themenfeld als  Lerntexte f\u00fcr Studierende (und Lehrende)  aufzubereiten. Die Inhalte wurden  dazu f\u00e4cher\u00fcbergreifend bearbeitet  und sollen unterschiedliche  Lernniveaus ebenso wie vorhandene Vor- und  Fachkenntnisse  ber\u00fccksichtigen. Das Lehrbuch steht online und sp\u00e4ter  auch als Printversion zur Verf\u00fcgung.<\/p>\n<p>Aus der Einleitung:<\/p>\n<blockquote><p>Das Themenfeld \u201eLernen und Lehren mit Technologien\u201c ist dabei weit gefasst:<br \/>\nEs beinhaltet alle Lern- und Lehrprozesse sowie -handlungen, bei denen  technische, vor allem elektronische (zumeist auch digitale) Ger\u00e4te  und\/oder daf\u00fcr erstellte Anwendungen eingesetzt werden. Ein besonderes,  aber nicht ausschlie\u00dfliches, Augenmerk liegt dabei auf Anwendungen und  Ger\u00e4te der Informations- und Kommunikationstechnologien (IKT). Dieses  Lehrbuch f\u00fcr Lernen und Lehren mit Technologien wendet sich also an  Studierende und Lehrende in einem interdisziplin\u00e4ren Themenfeld, das  Aspekte von P\u00e4dagogik, Informatik, Psychologie und zahlreichen  angrenzenden Wissenschaftsgebieten ber\u00fchrt.<\/p><\/blockquote>\n<p>Das Ergebnis \u00fcberzeugt nicht zuletzt auch(!) vor dem Hintergrund der K\u00fcrze der Zeit der Fertigstellung:<\/p>\n<blockquote><p>Beginnend am 12.4.2010 mit dem Call for Chapters wurde  damit in  weniger als Jahresfrist ein au\u00dfergw\u00f6hnliches Projekt zum  ersten  sichtbaren Abschluss gebracht. In 48 Kapiteln von 115 AutorInnen  werden  Einf\u00fchrungen, Vertiefungen und Spezialthemen abgehandelt. So  ist ein  interdisziplin\u00e4res Grundlagenwerk mit insgesamt \u00fcber 400 Seiten   entstanden.<br \/>\n(via <a href=\"https:\/\/www.e-teaching.org\/news\/eteaching_blog\/et_showComments?entryid=blogentry.2011-02-02.3375622437\" target=\"_blank\">e-teaching.org<\/a>)<\/p><\/blockquote>\n<div class=\"shariff shariff-align-flex-start shariff-widget-align-flex-start\"><ul class=\"shariff-buttons theme-default orientation-horizontal buttonsize-medium\"><li class=\"shariff-button twitter shariff-nocustomcolor\" style=\"background-color:#595959\"><a href=\"https:\/\/twitter.com\/share?url=https%3A%2F%2Fblogs.fu-berlin.de%2F%3Fp%3D570&text=Lehrbuch%20Lernen%20und%20Lehren%20mit%20Technologien\" title=\"Bei X teilen\" aria-label=\"Bei X teilen\" role=\"button\" rel=\"noopener nofollow\" class=\"shariff-link\" style=\"; background-color:#000; color:#fff\" target=\"_blank\"><span class=\"shariff-icon\" style=\"\"><svg width=\"32px\" height=\"20px\" xmlns=\"http:\/\/www.w3.org\/2000\/svg\" viewBox=\"0 0 24 24\"><path fill=\"#000\" d=\"M14.258 10.152L23.176 0h-2.113l-7.747 8.813L7.133 0H0l9.352 13.328L0 23.973h2.113l8.176-9.309 6.531 9.309h7.133zm-2.895 3.293l-.949-1.328L2.875 1.56h3.246l6.086 8.523.945 1.328 7.91 11.078h-3.246zm0 0\"\/><\/svg><\/span><span class=\"shariff-text\">teilen<\/span>&nbsp;<\/a><\/li><li class=\"shariff-button facebook shariff-nocustomcolor\" style=\"background-color:#4273c8\"><a href=\"https:\/\/www.facebook.com\/sharer\/sharer.php?u=https%3A%2F%2Fblogs.fu-berlin.de%2F%3Fp%3D570\" title=\"Bei Facebook teilen\" aria-label=\"Bei Facebook teilen\" role=\"button\" rel=\"nofollow\" class=\"shariff-link\" style=\"; background-color:#3b5998; color:#fff\" target=\"_blank\"><span class=\"shariff-icon\" style=\"\"><svg width=\"32px\" height=\"20px\" xmlns=\"http:\/\/www.w3.org\/2000\/svg\" viewBox=\"0 0 18 32\"><path fill=\"#3b5998\" d=\"M17.1 0.2v4.7h-2.8q-1.5 0-2.1 0.6t-0.5 1.9v3.4h5.2l-0.7 5.3h-4.5v13.6h-5.5v-13.6h-4.5v-5.3h4.5v-3.9q0-3.3 1.9-5.2t5-1.8q2.6 0 4.1 0.2z\"\/><\/svg><\/span><span class=\"shariff-text\">teilen<\/span>&nbsp;<\/a><\/li><li class=\"shariff-button info shariff-nocustomcolor\" style=\"background-color:#eee\"><a href=\"http:\/\/ct.de\/-2467514\" title=\"Weitere Informationen\" aria-label=\"Weitere Informationen\" role=\"button\" rel=\"noopener \" class=\"shariff-link\" style=\"; background-color:#fff; color:#fff\" target=\"_blank\"><span class=\"shariff-icon\" style=\"\"><svg width=\"32px\" height=\"20px\" xmlns=\"http:\/\/www.w3.org\/2000\/svg\" viewBox=\"0 0 11 32\"><path fill=\"#999\" d=\"M11.4 24v2.3q0 0.5-0.3 0.8t-0.8 0.4h-9.1q-0.5 0-0.8-0.4t-0.4-0.8v-2.3q0-0.5 0.4-0.8t0.8-0.4h1.1v-6.8h-1.1q-0.5 0-0.8-0.4t-0.4-0.8v-2.3q0-0.5 0.4-0.8t0.8-0.4h6.8q0.5 0 0.8 0.4t0.4 0.8v10.3h1.1q0.5 0 0.8 0.4t0.3 0.8zM9.2 3.4v3.4q0 0.5-0.4 0.8t-0.8 0.4h-4.6q-0.4 0-0.8-0.4t-0.4-0.8v-3.4q0-0.4 0.4-0.8t0.8-0.4h4.6q0.5 0 0.8 0.4t0.4 0.8z\"\/><\/svg><\/span><\/a><\/li><\/ul><\/div>","protected":false},"excerpt":{"rendered":"<p>Sandra Sch\u00f6n (Salzburg Research Forschungsgesellschaft) und Martin Ebner (TU Graz) haben es geschafft, mit dem Lehrbuch f\u00fcr Lernen und Lehren mit Technologien das Themenfeld als Lerntexte f\u00fcr Studierende (und Lehrende) aufzubereiten. Die Inhalte wurden dazu f\u00e4cher\u00fcbergreifend bearbeitet und sollen unterschiedliche Lernniveaus ebenso wie vorhandene Vor- und Fachkenntnisse ber\u00fccksichtigen. Das Lehrbuch steht online und sp\u00e4ter auch &hellip; <a href=\"https:\/\/blogs.fu-berlin.de\/?p=570\" class=\"more-link\"><span class=\"screen-reader-text\">\u201eLehrbuch Lernen und Lehren mit Technologien\u201c<\/span> weiterlesen<\/a><\/p>\n","protected":false},"author":5,"featured_media":0,"comment_status":"open","ping_status":"closed","sticky":false,"template":"","format":"standard","meta":{"footnotes":""},"categories":[236,1504],"tags":[1661,1338],"class_list":["post-570","post","type-post","status-publish","format-standard","hentry","category-blog","category-veroffentlichungen","tag-bildung","tag-web-2-0"],"_links":{"self":[{"href":"https:\/\/blogs.fu-berlin.de\/index.php?rest_route=\/wp\/v2\/posts\/570","targetHints":{"allow":["GET"]}}],"collection":[{"href":"https:\/\/blogs.fu-berlin.de\/index.php?rest_route=\/wp\/v2\/posts"}],"about":[{"href":"https:\/\/blogs.fu-berlin.de\/index.php?rest_route=\/wp\/v2\/types\/post"}],"author":[{"embeddable":true,"href":"https:\/\/blogs.fu-berlin.de\/index.php?rest_route=\/wp\/v2\/users\/5"}],"replies":[{"embeddable":true,"href":"https:\/\/blogs.fu-berlin.de\/index.php?rest_route=%2Fwp%2Fv2%2Fcomments&post=570"}],"version-history":[{"count":6,"href":"https:\/\/blogs.fu-berlin.de\/index.php?rest_route=\/wp\/v2\/posts\/570\/revisions"}],"predecessor-version":[{"id":2494,"href":"https:\/\/blogs.fu-berlin.de\/index.php?rest_route=\/wp\/v2\/posts\/570\/revisions\/2494"}],"wp:attachment":[{"href":"https:\/\/blogs.fu-berlin.de\/index.php?rest_route=%2Fwp%2Fv2%2Fmedia&parent=570"}],"wp:term":[{"taxonomy":"category","embeddable":true,"href":"https:\/\/blogs.fu-berlin.de\/index.php?rest_route=%2Fwp%2Fv2%2Fcategories&post=570"},{"taxonomy":"post_tag","embeddable":true,"href":"https:\/\/blogs.fu-berlin.de\/index.php?rest_route=%2Fwp%2Fv2%2Ftags&post=570"}],"curies":[{"name":"wp","href":"https:\/\/api.w.org\/{rel}","templated":true}]}}