{"id":581,"date":"2011-02-09T10:12:52","date_gmt":"2011-02-09T09:12:52","guid":{"rendered":"https:\/\/blogs.fu-berlin.de\/?p=581"},"modified":"2018-11-21T10:19:14","modified_gmt":"2018-11-21T09:19:14","slug":"broschure-medienproduktion-und-recht","status":"publish","type":"post","link":"https:\/\/blogs.fu-berlin.de\/?p=581","title":{"rendered":"Brosch\u00fcre: Medienproduktion und Recht"},"content":{"rendered":"<p><img loading=\"lazy\" decoding=\"async\" class=\"size-full wp-image-583 alignright\" title=\"Recht so\" src=\"https:\/\/blogs.fu-berlin.de\/files\/2011\/02\/recht.png\" alt=\"\" width=\"101\" height=\"138\" \/>Mit der Brosch\u00fcre \u201c<a title=\"direkt zum PDF-Download der Brosch\u00fcre\" href=\"https:\/\/www.mabb.de\/fileadmin\/user_upload\/pdf\/Alles_gekl%C3%A4rt__Booklet_Website.pdf\" target=\"_blank\">Alles gekl\u00e4rt \u2013 Medienproduktion und Recht<\/a>\u201d erf\u00fcllt die Medienanstalt Berlin-Brandenburg sicher die W\u00fcnsche vieler Webautorinnen und Webautoren. In einer recht poppigen Aufmachung geben die Autoren\/innen\u00a0Auskunft dar\u00fcber, welche rechtlichen Voraussetzungen es zu beachten gilt, wenn man selber zum Medienproduzenten wird. Kurzbeschreibungen von betroffenen Gesetzen \u2013 vom Urheber- bis zum Markenrecht \u2013 f\u00fchren verst\u00e4ndlich in die Thematik ein. Expertinnen und Experten geben Auskunft \u00fcber rechtliche Fragen. Dar\u00fcberhinaus stellen Tipps, Links und Checklisten konkrete Handlungshilfen dar und helfen den \u00dcberblick zu wahren. Dennoch stellt die Brosch\u00fcre nur einen Einstieg in die komplexe rechtliche Thematik dar&#8230;<\/p>\n<blockquote><p>Das Booklet beschreibt, welche rechtlichen Aspekte bei einer Medienproduktion auftauchen k\u00f6nnen, wo du die Rechte kl\u00e4ren oder wie du dich z.B. mit einer Einverst\u00e4ndniserkl\u00e4rung absichern kannst erhebt aber keinen Anspruch auf Vollst\u00e4ndigkeit, ist kein Rechtsratgeber und ersetzt auch nicht die Beratung durch einen Rechtanwalt.<br \/>\n(via mabb)<\/p><\/blockquote>\n<div class=\"shariff shariff-align-flex-start shariff-widget-align-flex-start\"><ul class=\"shariff-buttons theme-default orientation-horizontal buttonsize-medium\"><li class=\"shariff-button twitter shariff-nocustomcolor\" style=\"background-color:#595959\"><a href=\"https:\/\/twitter.com\/share?url=https%3A%2F%2Fblogs.fu-berlin.de%2F%3Fp%3D581&text=Brosch%C3%BCre%3A%20Medienproduktion%20und%20Recht\" title=\"Bei X teilen\" aria-label=\"Bei X teilen\" role=\"button\" rel=\"noopener nofollow\" class=\"shariff-link\" style=\"; background-color:#000; color:#fff\" target=\"_blank\"><span class=\"shariff-icon\" style=\"\"><svg width=\"32px\" height=\"20px\" xmlns=\"http:\/\/www.w3.org\/2000\/svg\" viewBox=\"0 0 24 24\"><path fill=\"#000\" d=\"M14.258 10.152L23.176 0h-2.113l-7.747 8.813L7.133 0H0l9.352 13.328L0 23.973h2.113l8.176-9.309 6.531 9.309h7.133zm-2.895 3.293l-.949-1.328L2.875 1.56h3.246l6.086 8.523.945 1.328 7.91 11.078h-3.246zm0 0\"\/><\/svg><\/span><span class=\"shariff-text\">teilen<\/span>&nbsp;<\/a><\/li><li class=\"shariff-button facebook shariff-nocustomcolor\" style=\"background-color:#4273c8\"><a href=\"https:\/\/www.facebook.com\/sharer\/sharer.php?u=https%3A%2F%2Fblogs.fu-berlin.de%2F%3Fp%3D581\" title=\"Bei Facebook teilen\" aria-label=\"Bei Facebook teilen\" role=\"button\" rel=\"nofollow\" class=\"shariff-link\" style=\"; background-color:#3b5998; color:#fff\" target=\"_blank\"><span class=\"shariff-icon\" style=\"\"><svg width=\"32px\" height=\"20px\" xmlns=\"http:\/\/www.w3.org\/2000\/svg\" viewBox=\"0 0 18 32\"><path fill=\"#3b5998\" d=\"M17.1 0.2v4.7h-2.8q-1.5 0-2.1 0.6t-0.5 1.9v3.4h5.2l-0.7 5.3h-4.5v13.6h-5.5v-13.6h-4.5v-5.3h4.5v-3.9q0-3.3 1.9-5.2t5-1.8q2.6 0 4.1 0.2z\"\/><\/svg><\/span><span class=\"shariff-text\">teilen<\/span>&nbsp;<\/a><\/li><li class=\"shariff-button info shariff-nocustomcolor\" style=\"background-color:#eee\"><a href=\"http:\/\/ct.de\/-2467514\" title=\"Weitere Informationen\" aria-label=\"Weitere Informationen\" role=\"button\" rel=\"noopener \" class=\"shariff-link\" style=\"; background-color:#fff; color:#fff\" target=\"_blank\"><span class=\"shariff-icon\" style=\"\"><svg width=\"32px\" height=\"20px\" xmlns=\"http:\/\/www.w3.org\/2000\/svg\" viewBox=\"0 0 11 32\"><path fill=\"#999\" d=\"M11.4 24v2.3q0 0.5-0.3 0.8t-0.8 0.4h-9.1q-0.5 0-0.8-0.4t-0.4-0.8v-2.3q0-0.5 0.4-0.8t0.8-0.4h1.1v-6.8h-1.1q-0.5 0-0.8-0.4t-0.4-0.8v-2.3q0-0.5 0.4-0.8t0.8-0.4h6.8q0.5 0 0.8 0.4t0.4 0.8v10.3h1.1q0.5 0 0.8 0.4t0.3 0.8zM9.2 3.4v3.4q0 0.5-0.4 0.8t-0.8 0.4h-4.6q-0.4 0-0.8-0.4t-0.4-0.8v-3.4q0-0.4 0.4-0.8t0.8-0.4h4.6q0.5 0 0.8 0.4t0.4 0.8z\"\/><\/svg><\/span><\/a><\/li><\/ul><\/div>","protected":false},"excerpt":{"rendered":"<p>Mit der Brosch\u00fcre \u201cAlles gekl\u00e4rt \u2013 Medienproduktion und Recht\u201d erf\u00fcllt die Medienanstalt Berlin-Brandenburg sicher die W\u00fcnsche vieler Webautorinnen und Webautoren. In einer recht poppigen Aufmachung geben die Autoren\/innen\u00a0Auskunft dar\u00fcber, welche rechtlichen Voraussetzungen es zu beachten gilt, wenn man selber zum Medienproduzenten wird. Kurzbeschreibungen von betroffenen Gesetzen \u2013 vom Urheber- bis zum Markenrecht \u2013 f\u00fchren verst\u00e4ndlich &hellip; <a href=\"https:\/\/blogs.fu-berlin.de\/?p=581\" class=\"more-link\"><span class=\"screen-reader-text\">\u201eBrosch\u00fcre: Medienproduktion und Recht\u201c<\/span> weiterlesen<\/a><\/p>\n","protected":false},"author":5,"featured_media":0,"comment_status":"open","ping_status":"closed","sticky":false,"template":"","format":"standard","meta":{"footnotes":""},"categories":[236,346,1504],"tags":[370,127],"class_list":["post-581","post","type-post","status-publish","format-standard","hentry","category-blog","category-tutorials","category-veroffentlichungen","tag-datenschutz","tag-urheberrecht"],"_links":{"self":[{"href":"https:\/\/blogs.fu-berlin.de\/index.php?rest_route=\/wp\/v2\/posts\/581","targetHints":{"allow":["GET"]}}],"collection":[{"href":"https:\/\/blogs.fu-berlin.de\/index.php?rest_route=\/wp\/v2\/posts"}],"about":[{"href":"https:\/\/blogs.fu-berlin.de\/index.php?rest_route=\/wp\/v2\/types\/post"}],"author":[{"embeddable":true,"href":"https:\/\/blogs.fu-berlin.de\/index.php?rest_route=\/wp\/v2\/users\/5"}],"replies":[{"embeddable":true,"href":"https:\/\/blogs.fu-berlin.de\/index.php?rest_route=%2Fwp%2Fv2%2Fcomments&post=581"}],"version-history":[{"count":9,"href":"https:\/\/blogs.fu-berlin.de\/index.php?rest_route=\/wp\/v2\/posts\/581\/revisions"}],"predecessor-version":[{"id":2492,"href":"https:\/\/blogs.fu-berlin.de\/index.php?rest_route=\/wp\/v2\/posts\/581\/revisions\/2492"}],"wp:attachment":[{"href":"https:\/\/blogs.fu-berlin.de\/index.php?rest_route=%2Fwp%2Fv2%2Fmedia&parent=581"}],"wp:term":[{"taxonomy":"category","embeddable":true,"href":"https:\/\/blogs.fu-berlin.de\/index.php?rest_route=%2Fwp%2Fv2%2Fcategories&post=581"},{"taxonomy":"post_tag","embeddable":true,"href":"https:\/\/blogs.fu-berlin.de\/index.php?rest_route=%2Fwp%2Fv2%2Ftags&post=581"}],"curies":[{"name":"wp","href":"https:\/\/api.w.org\/{rel}","templated":true}]}}