{"id":603,"date":"2011-02-21T17:14:01","date_gmt":"2011-02-21T16:14:01","guid":{"rendered":"https:\/\/blogs.fu-berlin.de\/?p=603"},"modified":"2018-11-21T10:19:14","modified_gmt":"2018-11-21T09:19:14","slug":"datenschutz-facebooks-umgehende-personalisierung","status":"publish","type":"post","link":"https:\/\/blogs.fu-berlin.de\/?p=603","title":{"rendered":"Datenschutz: Facebooks \u201eumgehende Personalisierung\u201c"},"content":{"rendered":"<p>Facebooks &#8222;Feature&#8220; \u201eumgehende Personalisierung\u201c wird nun  auch in Deutschland aktiviert.<br \/>\nHinter der Bezeichnung verbirgt  sich eine Funktion, die es Partnerseiten von Facebook erlaubt,  automatisch auf Daten zuzugreifen, die Nutzerinnen und Nutzer auf Facebook ver\u00f6ffentlichen. Die Funktion war bislang in Deutschland deaktiviert bzw. nicht w\u00e4hlbar, da Datensch\u00fctzer darin eine massive Beeintr\u00e4chtigung der Privatsph\u00e4re  sahen.<br \/>\nSeit einigen Tagen nun aktiviert Facebook offenbar die Funktion nach und nach auch bei deutschen Mitgliedern.<br \/>\nWer nicht zulassen m\u00f6chte, dass Facebook seinen Partnerseiten Zugriff auf ver\u00f6ffentlichte Daten gew\u00e4hrt, sollte  den automatisch aktivierten Haken unter dem Men\u00fcpunkt \u201e<em>Konto &#8211; Privatsph\u00e4re Einstellungen &#8211; Anwendungen und  Webseiten<\/em>\u201c &#8211; wie in der Grafik verdeutlicht &#8211; entfernen.<\/p>\n<figure id=\"attachment_610\" aria-describedby=\"caption-attachment-610\" style=\"width: 478px\" class=\"wp-caption alignleft\"><a href=\"https:\/\/blogs.fu-berlin.de\/files\/2011\/02\/FBPerso.jpg\"><img loading=\"lazy\" decoding=\"async\" class=\"size-full wp-image-610\" title=\"Umgehende Personalisierung\" src=\"https:\/\/blogs.fu-berlin.de\/files\/2011\/02\/FBPerso.jpg\" alt=\"\" width=\"478\" height=\"270\" \/><\/a><figcaption id=\"caption-attachment-610\" class=\"wp-caption-text\">Facebook Privatsph\u00e4re-Einstellungen: Entfernt man den Haken in \u201eUmgehende Personalisierung auf Partnerseiten zulassen\u201c, k\u00f6nnen die Partnerseiten nicht auf ver\u00f6ffentlichte Informationen zugreifen. (Zum Vergr\u00f6\u00dfern Grafik anklicken!)<\/figcaption><\/figure>\n<div class=\"shariff shariff-align-flex-start shariff-widget-align-flex-start\"><ul class=\"shariff-buttons theme-default orientation-horizontal buttonsize-medium\"><li class=\"shariff-button twitter shariff-nocustomcolor\" style=\"background-color:#595959\"><a href=\"https:\/\/twitter.com\/share?url=https%3A%2F%2Fblogs.fu-berlin.de%2F%3Fp%3D603&text=Datenschutz%3A%20Facebooks%20%E2%80%9Eumgehende%20Personalisierung%E2%80%9C\" title=\"Bei X teilen\" aria-label=\"Bei X teilen\" role=\"button\" rel=\"noopener nofollow\" class=\"shariff-link\" style=\"; background-color:#000; color:#fff\" target=\"_blank\"><span class=\"shariff-icon\" style=\"\"><svg width=\"32px\" height=\"20px\" xmlns=\"http:\/\/www.w3.org\/2000\/svg\" viewBox=\"0 0 24 24\"><path fill=\"#000\" d=\"M14.258 10.152L23.176 0h-2.113l-7.747 8.813L7.133 0H0l9.352 13.328L0 23.973h2.113l8.176-9.309 6.531 9.309h7.133zm-2.895 3.293l-.949-1.328L2.875 1.56h3.246l6.086 8.523.945 1.328 7.91 11.078h-3.246zm0 0\"\/><\/svg><\/span><span class=\"shariff-text\">teilen<\/span>&nbsp;<\/a><\/li><li class=\"shariff-button facebook shariff-nocustomcolor\" style=\"background-color:#4273c8\"><a href=\"https:\/\/www.facebook.com\/sharer\/sharer.php?u=https%3A%2F%2Fblogs.fu-berlin.de%2F%3Fp%3D603\" title=\"Bei Facebook teilen\" aria-label=\"Bei Facebook teilen\" role=\"button\" rel=\"nofollow\" class=\"shariff-link\" style=\"; background-color:#3b5998; color:#fff\" target=\"_blank\"><span class=\"shariff-icon\" style=\"\"><svg width=\"32px\" height=\"20px\" xmlns=\"http:\/\/www.w3.org\/2000\/svg\" viewBox=\"0 0 18 32\"><path fill=\"#3b5998\" d=\"M17.1 0.2v4.7h-2.8q-1.5 0-2.1 0.6t-0.5 1.9v3.4h5.2l-0.7 5.3h-4.5v13.6h-5.5v-13.6h-4.5v-5.3h4.5v-3.9q0-3.3 1.9-5.2t5-1.8q2.6 0 4.1 0.2z\"\/><\/svg><\/span><span class=\"shariff-text\">teilen<\/span>&nbsp;<\/a><\/li><li class=\"shariff-button info shariff-nocustomcolor\" style=\"background-color:#eee\"><a href=\"http:\/\/ct.de\/-2467514\" title=\"Weitere Informationen\" aria-label=\"Weitere Informationen\" role=\"button\" rel=\"noopener \" class=\"shariff-link\" style=\"; background-color:#fff; color:#fff\" target=\"_blank\"><span class=\"shariff-icon\" style=\"\"><svg width=\"32px\" height=\"20px\" xmlns=\"http:\/\/www.w3.org\/2000\/svg\" viewBox=\"0 0 11 32\"><path fill=\"#999\" d=\"M11.4 24v2.3q0 0.5-0.3 0.8t-0.8 0.4h-9.1q-0.5 0-0.8-0.4t-0.4-0.8v-2.3q0-0.5 0.4-0.8t0.8-0.4h1.1v-6.8h-1.1q-0.5 0-0.8-0.4t-0.4-0.8v-2.3q0-0.5 0.4-0.8t0.8-0.4h6.8q0.5 0 0.8 0.4t0.4 0.8v10.3h1.1q0.5 0 0.8 0.4t0.3 0.8zM9.2 3.4v3.4q0 0.5-0.4 0.8t-0.8 0.4h-4.6q-0.4 0-0.8-0.4t-0.4-0.8v-3.4q0-0.4 0.4-0.8t0.8-0.4h4.6q0.5 0 0.8 0.4t0.4 0.8z\"\/><\/svg><\/span><\/a><\/li><\/ul><\/div>","protected":false},"excerpt":{"rendered":"<p>Facebooks &#8222;Feature&#8220; \u201eumgehende Personalisierung\u201c wird nun auch in Deutschland aktiviert. Hinter der Bezeichnung verbirgt sich eine Funktion, die es Partnerseiten von Facebook erlaubt, automatisch auf Daten zuzugreifen, die Nutzerinnen und Nutzer auf Facebook ver\u00f6ffentlichen. Die Funktion war bislang in Deutschland deaktiviert bzw. nicht w\u00e4hlbar, da Datensch\u00fctzer darin eine massive Beeintr\u00e4chtigung der Privatsph\u00e4re sahen. Seit einigen &hellip; <a href=\"https:\/\/blogs.fu-berlin.de\/?p=603\" class=\"more-link\"><span class=\"screen-reader-text\">\u201eDatenschutz: Facebooks \u201eumgehende Personalisierung\u201c\u201c<\/span> weiterlesen<\/a><\/p>\n","protected":false},"author":5,"featured_media":0,"comment_status":"open","ping_status":"closed","sticky":false,"template":"","format":"standard","meta":{"footnotes":""},"categories":[236,80,346],"tags":[370,1278,2175],"class_list":["post-603","post","type-post","status-publish","format-standard","hentry","category-blog","category-technik","category-tutorials","tag-datenschutz","tag-facebook","tag-socialmedia"],"_links":{"self":[{"href":"https:\/\/blogs.fu-berlin.de\/index.php?rest_route=\/wp\/v2\/posts\/603","targetHints":{"allow":["GET"]}}],"collection":[{"href":"https:\/\/blogs.fu-berlin.de\/index.php?rest_route=\/wp\/v2\/posts"}],"about":[{"href":"https:\/\/blogs.fu-berlin.de\/index.php?rest_route=\/wp\/v2\/types\/post"}],"author":[{"embeddable":true,"href":"https:\/\/blogs.fu-berlin.de\/index.php?rest_route=\/wp\/v2\/users\/5"}],"replies":[{"embeddable":true,"href":"https:\/\/blogs.fu-berlin.de\/index.php?rest_route=%2Fwp%2Fv2%2Fcomments&post=603"}],"version-history":[{"count":19,"href":"https:\/\/blogs.fu-berlin.de\/index.php?rest_route=\/wp\/v2\/posts\/603\/revisions"}],"predecessor-version":[{"id":2490,"href":"https:\/\/blogs.fu-berlin.de\/index.php?rest_route=\/wp\/v2\/posts\/603\/revisions\/2490"}],"wp:attachment":[{"href":"https:\/\/blogs.fu-berlin.de\/index.php?rest_route=%2Fwp%2Fv2%2Fmedia&parent=603"}],"wp:term":[{"taxonomy":"category","embeddable":true,"href":"https:\/\/blogs.fu-berlin.de\/index.php?rest_route=%2Fwp%2Fv2%2Fcategories&post=603"},{"taxonomy":"post_tag","embeddable":true,"href":"https:\/\/blogs.fu-berlin.de\/index.php?rest_route=%2Fwp%2Fv2%2Ftags&post=603"}],"curies":[{"name":"wp","href":"https:\/\/api.w.org\/{rel}","templated":true}]}}