{"id":683,"date":"2011-04-17T13:16:07","date_gmt":"2011-04-17T12:16:07","guid":{"rendered":"https:\/\/blogs.fu-berlin.de\/?p=683"},"modified":"2018-11-21T10:19:14","modified_gmt":"2018-11-21T09:19:14","slug":"halb-deutschland-ist-mitglied-in-sozialen-netzwerken","status":"publish","type":"post","link":"https:\/\/blogs.fu-berlin.de\/?p=683","title":{"rendered":"Halb Deutschland ist Mitglied in sozialen Netzwerken"},"content":{"rendered":"<p><a href=\"https:\/\/blogs.fu-berlin.de\/files\/2011\/04\/BITKOM-soziale-netzwerke.jpg\"><img loading=\"lazy\" decoding=\"async\" class=\"alignright size-medium wp-image-684\" title=\"BITKOM-soziale-netzwerke\" src=\"https:\/\/blogs.fu-berlin.de\/files\/2011\/04\/BITKOM-soziale-netzwerke-300x209.jpg\" alt=\"\" width=\"263\" height=\"183\" srcset=\"https:\/\/blogs.fu-berlin.de\/files\/2011\/04\/BITKOM-soziale-netzwerke-300x209.jpg 300w, https:\/\/blogs.fu-berlin.de\/files\/2011\/04\/BITKOM-soziale-netzwerke.jpg 550w\" sizes=\"auto, (max-width: 263px) 85vw, 263px\" \/><\/a>Rund 40\u00a0Millionen Bundesb\u00fcrger &#8211; also nahezu die H\u00e4lfte der deutschen Bev\u00f6lkerung &#8211; ist Mitglied in einem sozialen\u00a0Netzwerk. So hat es der Branchenverband BITKOM in einer <a href=\"https:\/\/www.bitkom.org\/67675_67667.aspx\" target=\"_blank\">repr\u00e4sentativen Umfrage<\/a> herausgefunden.<\/p>\n<p>Im Jahr\u00a02010 waren es noch &#8222;nur&#8220; 30\u00a0Millionen. <em>&#8222;Soziale Netzwerke haben sich in k\u00fcrzester Zeit von einem Nischenph\u00e4nomen zum Internet-Standard  entwickelt&#8220;,<\/em> so Achim Berg, BITKOM-Vizepr\u00e4sident.   Bei den unter 30-J\u00e4hrigen Internetnutzern sind der Studie zufolge sogar 96\u00a0Prozent Mitglied in einem Sozialen Netzwerk. &#8222;Community-Abstinenzler sind in dieser Altersgruppe die absolute Ausnahme&#8220;, sagt Berg.<\/p>\n<p>Bemerkenswert, dass die meisten Mitglieder dabei \u00fcberwiegend gute Erfahrungen in den Netzwerken gemacht, nur jeder Dritte berichtete der Studie zufolge \u00fcber negative Erlebnisse. Das Thema Datenschutz nimmt die H\u00e4lfte der Befragten sehr Ernst, denn:\u00a0ca. 50%\u00a0 der Nutzer macht ihre Daten prinzipiell f\u00fcr alle zug\u00e4nglich, die andere H\u00e4lfte schr\u00e4nkt den Zugriff bewusst ein.<\/p>\n<div class=\"shariff shariff-align-flex-start shariff-widget-align-flex-start\"><ul class=\"shariff-buttons theme-default orientation-horizontal buttonsize-medium\"><li class=\"shariff-button twitter shariff-nocustomcolor\" style=\"background-color:#595959\"><a href=\"https:\/\/twitter.com\/share?url=https%3A%2F%2Fblogs.fu-berlin.de%2F%3Fp%3D683&text=Halb%20Deutschland%20ist%20Mitglied%20in%20sozialen%20Netzwerken\" title=\"Bei X teilen\" aria-label=\"Bei X teilen\" role=\"button\" rel=\"noopener nofollow\" class=\"shariff-link\" style=\"; background-color:#000; color:#fff\" target=\"_blank\"><span class=\"shariff-icon\" style=\"\"><svg width=\"32px\" height=\"20px\" xmlns=\"http:\/\/www.w3.org\/2000\/svg\" viewBox=\"0 0 24 24\"><path fill=\"#000\" d=\"M14.258 10.152L23.176 0h-2.113l-7.747 8.813L7.133 0H0l9.352 13.328L0 23.973h2.113l8.176-9.309 6.531 9.309h7.133zm-2.895 3.293l-.949-1.328L2.875 1.56h3.246l6.086 8.523.945 1.328 7.91 11.078h-3.246zm0 0\"\/><\/svg><\/span><span class=\"shariff-text\">teilen<\/span>&nbsp;<\/a><\/li><li class=\"shariff-button facebook shariff-nocustomcolor\" style=\"background-color:#4273c8\"><a href=\"https:\/\/www.facebook.com\/sharer\/sharer.php?u=https%3A%2F%2Fblogs.fu-berlin.de%2F%3Fp%3D683\" title=\"Bei Facebook teilen\" aria-label=\"Bei Facebook teilen\" role=\"button\" rel=\"nofollow\" class=\"shariff-link\" style=\"; background-color:#3b5998; color:#fff\" target=\"_blank\"><span class=\"shariff-icon\" style=\"\"><svg width=\"32px\" height=\"20px\" xmlns=\"http:\/\/www.w3.org\/2000\/svg\" viewBox=\"0 0 18 32\"><path fill=\"#3b5998\" d=\"M17.1 0.2v4.7h-2.8q-1.5 0-2.1 0.6t-0.5 1.9v3.4h5.2l-0.7 5.3h-4.5v13.6h-5.5v-13.6h-4.5v-5.3h4.5v-3.9q0-3.3 1.9-5.2t5-1.8q2.6 0 4.1 0.2z\"\/><\/svg><\/span><span class=\"shariff-text\">teilen<\/span>&nbsp;<\/a><\/li><li class=\"shariff-button info shariff-nocustomcolor\" style=\"background-color:#eee\"><a href=\"http:\/\/ct.de\/-2467514\" title=\"Weitere Informationen\" aria-label=\"Weitere Informationen\" role=\"button\" rel=\"noopener \" class=\"shariff-link\" style=\"; background-color:#fff; color:#fff\" target=\"_blank\"><span class=\"shariff-icon\" style=\"\"><svg width=\"32px\" height=\"20px\" xmlns=\"http:\/\/www.w3.org\/2000\/svg\" viewBox=\"0 0 11 32\"><path fill=\"#999\" d=\"M11.4 24v2.3q0 0.5-0.3 0.8t-0.8 0.4h-9.1q-0.5 0-0.8-0.4t-0.4-0.8v-2.3q0-0.5 0.4-0.8t0.8-0.4h1.1v-6.8h-1.1q-0.5 0-0.8-0.4t-0.4-0.8v-2.3q0-0.5 0.4-0.8t0.8-0.4h6.8q0.5 0 0.8 0.4t0.4 0.8v10.3h1.1q0.5 0 0.8 0.4t0.3 0.8zM9.2 3.4v3.4q0 0.5-0.4 0.8t-0.8 0.4h-4.6q-0.4 0-0.8-0.4t-0.4-0.8v-3.4q0-0.4 0.4-0.8t0.8-0.4h4.6q0.5 0 0.8 0.4t0.4 0.8z\"\/><\/svg><\/span><\/a><\/li><\/ul><\/div>","protected":false},"excerpt":{"rendered":"<p>Rund 40\u00a0Millionen Bundesb\u00fcrger &#8211; also nahezu die H\u00e4lfte der deutschen Bev\u00f6lkerung &#8211; ist Mitglied in einem sozialen\u00a0Netzwerk. So hat es der Branchenverband BITKOM in einer repr\u00e4sentativen Umfrage herausgefunden. Im Jahr\u00a02010 waren es noch &#8222;nur&#8220; 30\u00a0Millionen. &#8222;Soziale Netzwerke haben sich in k\u00fcrzester Zeit von einem Nischenph\u00e4nomen zum Internet-Standard entwickelt&#8220;, so Achim Berg, BITKOM-Vizepr\u00e4sident. Bei den unter &hellip; <a href=\"https:\/\/blogs.fu-berlin.de\/?p=683\" class=\"more-link\"><span class=\"screen-reader-text\">\u201eHalb Deutschland ist Mitglied in sozialen Netzwerken\u201c<\/span> weiterlesen<\/a><\/p>\n","protected":false},"author":5,"featured_media":0,"comment_status":"open","ping_status":"closed","sticky":false,"template":"","format":"standard","meta":{"footnotes":""},"categories":[236,1504],"tags":[370,1278,2175],"class_list":["post-683","post","type-post","status-publish","format-standard","hentry","category-blog","category-veroffentlichungen","tag-datenschutz","tag-facebook","tag-socialmedia"],"_links":{"self":[{"href":"https:\/\/blogs.fu-berlin.de\/index.php?rest_route=\/wp\/v2\/posts\/683","targetHints":{"allow":["GET"]}}],"collection":[{"href":"https:\/\/blogs.fu-berlin.de\/index.php?rest_route=\/wp\/v2\/posts"}],"about":[{"href":"https:\/\/blogs.fu-berlin.de\/index.php?rest_route=\/wp\/v2\/types\/post"}],"author":[{"embeddable":true,"href":"https:\/\/blogs.fu-berlin.de\/index.php?rest_route=\/wp\/v2\/users\/5"}],"replies":[{"embeddable":true,"href":"https:\/\/blogs.fu-berlin.de\/index.php?rest_route=%2Fwp%2Fv2%2Fcomments&post=683"}],"version-history":[{"count":7,"href":"https:\/\/blogs.fu-berlin.de\/index.php?rest_route=\/wp\/v2\/posts\/683\/revisions"}],"predecessor-version":[{"id":2485,"href":"https:\/\/blogs.fu-berlin.de\/index.php?rest_route=\/wp\/v2\/posts\/683\/revisions\/2485"}],"wp:attachment":[{"href":"https:\/\/blogs.fu-berlin.de\/index.php?rest_route=%2Fwp%2Fv2%2Fmedia&parent=683"}],"wp:term":[{"taxonomy":"category","embeddable":true,"href":"https:\/\/blogs.fu-berlin.de\/index.php?rest_route=%2Fwp%2Fv2%2Fcategories&post=683"},{"taxonomy":"post_tag","embeddable":true,"href":"https:\/\/blogs.fu-berlin.de\/index.php?rest_route=%2Fwp%2Fv2%2Ftags&post=683"}],"curies":[{"name":"wp","href":"https:\/\/api.w.org\/{rel}","templated":true}]}}