{"id":711,"date":"2011-05-09T09:48:17","date_gmt":"2011-05-09T08:48:17","guid":{"rendered":"https:\/\/blogs.fu-berlin.de\/?p=711"},"modified":"2018-11-21T10:19:14","modified_gmt":"2018-11-21T09:19:14","slug":"aktuell-spam-kommentare-im-blog","status":"publish","type":"post","link":"https:\/\/blogs.fu-berlin.de\/?p=711","title":{"rendered":"Aktuell: Spam Kommentare im Blog"},"content":{"rendered":"<p>Lieber FU Bloggerinnen und Blogger,<\/p>\n<p>nach einem Update des Blogsystems kann es leider vorkommen, dass &#8211; trotz Spam Filters &#8211; \u00fcber die Kommentarfunktion des Blogs, vermehrt Spam-Kommentare in Ihrem Blog erscheinen. Das betrifft vor allem die statischen Seiten Ihres Blogs. Also z.B. die Impressum-Seite. Blogbeitr\u00e4ge sind weniger betroffen.<\/p>\n<p><a href=\"https:\/\/blogs.fu-berlin.de\/files\/2011\/05\/komm2.jpg\"><img loading=\"lazy\" decoding=\"async\" class=\"alignright size-medium wp-image-712\" title=\"Kommentare deaktivieren\" src=\"https:\/\/blogs.fu-berlin.de\/files\/2011\/05\/komm2-300x231.jpg\" alt=\"\" width=\"300\" height=\"231\" srcset=\"https:\/\/blogs.fu-berlin.de\/files\/2011\/05\/komm2-300x231.jpg 300w, https:\/\/blogs.fu-berlin.de\/files\/2011\/05\/komm2.jpg 953w\" sizes=\"auto, (max-width: 300px) 85vw, 300px\" \/><\/a>Sie k\u00f6nnen jedoch die l\u00e4stigen Spam-Kommentare leicht abschalten, in dem Sie im Administrationsbereich Ihres Blogs die Kommentarfunktion f\u00fcr Seiten deaktivieren. Gehen Sie dazu bitte wie folgt vor:<\/p>\n<ol>\n<li>Melden Sie sich in Ihrem Blog an<\/li>\n<li>W\u00e4hlen Sie im Admin-Bereich in der linken Navigation den Men\u00fcpunkt &#8222;Seiten&#8220; aus<\/li>\n<li>W\u00e4hlen Sie die zu bearbeitende(n) Seite(n) aus (&#8222;Bearbeiten&#8220;)<\/li>\n<li>Deaktivieren Sie den Men\u00fcpunkt &#8222;Allow Comments&#8220; im unteren Bereich der Fensteransicht (s. Grafik; <strong>zum Vergr\u00f6\u00dfern klicken!<\/strong>)<\/li>\n<li>W\u00e4hlen Sie &#8222;Aktualisieren&#8220;<\/li>\n<\/ol>\n<p>Nun k\u00f6nnen keine Spam-Kommentare mehr an Ihre Seiten angef\u00fcgt werden.<\/p>\n<p>F\u00fcr weitere Fragen, nehmen Sie gerne mit dem CeDiS Web 2.0 Team unter: <a href=\"mailto:\/\/web20@cedis.fu-berlin.de\">web20@cedis.fu-berlin.de<\/a> Kontakt auf.<\/p>\n<div class=\"shariff shariff-align-flex-start shariff-widget-align-flex-start\"><ul class=\"shariff-buttons theme-default orientation-horizontal buttonsize-medium\"><li class=\"shariff-button twitter shariff-nocustomcolor\" style=\"background-color:#595959\"><a href=\"https:\/\/twitter.com\/share?url=https%3A%2F%2Fblogs.fu-berlin.de%2F%3Fp%3D711&text=Aktuell%3A%20Spam%20Kommentare%20im%20Blog\" title=\"Bei X teilen\" aria-label=\"Bei X teilen\" role=\"button\" rel=\"noopener nofollow\" class=\"shariff-link\" style=\"; background-color:#000; color:#fff\" target=\"_blank\"><span class=\"shariff-icon\" style=\"\"><svg width=\"32px\" height=\"20px\" xmlns=\"http:\/\/www.w3.org\/2000\/svg\" viewBox=\"0 0 24 24\"><path fill=\"#000\" d=\"M14.258 10.152L23.176 0h-2.113l-7.747 8.813L7.133 0H0l9.352 13.328L0 23.973h2.113l8.176-9.309 6.531 9.309h7.133zm-2.895 3.293l-.949-1.328L2.875 1.56h3.246l6.086 8.523.945 1.328 7.91 11.078h-3.246zm0 0\"\/><\/svg><\/span><span class=\"shariff-text\">teilen<\/span>&nbsp;<\/a><\/li><li class=\"shariff-button facebook shariff-nocustomcolor\" style=\"background-color:#4273c8\"><a href=\"https:\/\/www.facebook.com\/sharer\/sharer.php?u=https%3A%2F%2Fblogs.fu-berlin.de%2F%3Fp%3D711\" title=\"Bei Facebook teilen\" aria-label=\"Bei Facebook teilen\" role=\"button\" rel=\"nofollow\" class=\"shariff-link\" style=\"; background-color:#3b5998; color:#fff\" target=\"_blank\"><span class=\"shariff-icon\" style=\"\"><svg width=\"32px\" height=\"20px\" xmlns=\"http:\/\/www.w3.org\/2000\/svg\" viewBox=\"0 0 18 32\"><path fill=\"#3b5998\" d=\"M17.1 0.2v4.7h-2.8q-1.5 0-2.1 0.6t-0.5 1.9v3.4h5.2l-0.7 5.3h-4.5v13.6h-5.5v-13.6h-4.5v-5.3h4.5v-3.9q0-3.3 1.9-5.2t5-1.8q2.6 0 4.1 0.2z\"\/><\/svg><\/span><span class=\"shariff-text\">teilen<\/span>&nbsp;<\/a><\/li><li class=\"shariff-button info shariff-nocustomcolor\" style=\"background-color:#eee\"><a href=\"http:\/\/ct.de\/-2467514\" title=\"Weitere Informationen\" aria-label=\"Weitere Informationen\" role=\"button\" rel=\"noopener \" class=\"shariff-link\" style=\"; background-color:#fff; color:#fff\" target=\"_blank\"><span class=\"shariff-icon\" style=\"\"><svg width=\"32px\" height=\"20px\" xmlns=\"http:\/\/www.w3.org\/2000\/svg\" viewBox=\"0 0 11 32\"><path fill=\"#999\" d=\"M11.4 24v2.3q0 0.5-0.3 0.8t-0.8 0.4h-9.1q-0.5 0-0.8-0.4t-0.4-0.8v-2.3q0-0.5 0.4-0.8t0.8-0.4h1.1v-6.8h-1.1q-0.5 0-0.8-0.4t-0.4-0.8v-2.3q0-0.5 0.4-0.8t0.8-0.4h6.8q0.5 0 0.8 0.4t0.4 0.8v10.3h1.1q0.5 0 0.8 0.4t0.3 0.8zM9.2 3.4v3.4q0 0.5-0.4 0.8t-0.8 0.4h-4.6q-0.4 0-0.8-0.4t-0.4-0.8v-3.4q0-0.4 0.4-0.8t0.8-0.4h4.6q0.5 0 0.8 0.4t0.4 0.8z\"\/><\/svg><\/span><\/a><\/li><\/ul><\/div>","protected":false},"excerpt":{"rendered":"<p>Lieber FU Bloggerinnen und Blogger, nach einem Update des Blogsystems kann es leider vorkommen, dass &#8211; trotz Spam Filters &#8211; \u00fcber die Kommentarfunktion des Blogs, vermehrt Spam-Kommentare in Ihrem Blog erscheinen. Das betrifft vor allem die statischen Seiten Ihres Blogs. Also z.B. die Impressum-Seite. Blogbeitr\u00e4ge sind weniger betroffen. Sie k\u00f6nnen jedoch die l\u00e4stigen Spam-Kommentare leicht &hellip; <a href=\"https:\/\/blogs.fu-berlin.de\/?p=711\" class=\"more-link\"><span class=\"screen-reader-text\">\u201eAktuell: Spam Kommentare im Blog\u201c<\/span> weiterlesen<\/a><\/p>\n","protected":false},"author":5,"featured_media":0,"comment_status":"open","ping_status":"closed","sticky":false,"template":"","format":"standard","meta":{"footnotes":""},"categories":[1,236],"tags":[],"class_list":["post-711","post","type-post","status-publish","format-standard","hentry","category-uncategorized","category-blog"],"_links":{"self":[{"href":"https:\/\/blogs.fu-berlin.de\/index.php?rest_route=\/wp\/v2\/posts\/711","targetHints":{"allow":["GET"]}}],"collection":[{"href":"https:\/\/blogs.fu-berlin.de\/index.php?rest_route=\/wp\/v2\/posts"}],"about":[{"href":"https:\/\/blogs.fu-berlin.de\/index.php?rest_route=\/wp\/v2\/types\/post"}],"author":[{"embeddable":true,"href":"https:\/\/blogs.fu-berlin.de\/index.php?rest_route=\/wp\/v2\/users\/5"}],"replies":[{"embeddable":true,"href":"https:\/\/blogs.fu-berlin.de\/index.php?rest_route=%2Fwp%2Fv2%2Fcomments&post=711"}],"version-history":[{"count":9,"href":"https:\/\/blogs.fu-berlin.de\/index.php?rest_route=\/wp\/v2\/posts\/711\/revisions"}],"predecessor-version":[{"id":2482,"href":"https:\/\/blogs.fu-berlin.de\/index.php?rest_route=\/wp\/v2\/posts\/711\/revisions\/2482"}],"wp:attachment":[{"href":"https:\/\/blogs.fu-berlin.de\/index.php?rest_route=%2Fwp%2Fv2%2Fmedia&parent=711"}],"wp:term":[{"taxonomy":"category","embeddable":true,"href":"https:\/\/blogs.fu-berlin.de\/index.php?rest_route=%2Fwp%2Fv2%2Fcategories&post=711"},{"taxonomy":"post_tag","embeddable":true,"href":"https:\/\/blogs.fu-berlin.de\/index.php?rest_route=%2Fwp%2Fv2%2Ftags&post=711"}],"curies":[{"name":"wp","href":"https:\/\/api.w.org\/{rel}","templated":true}]}}