{"id":742,"date":"2011-05-26T11:01:11","date_gmt":"2011-05-26T10:01:11","guid":{"rendered":"https:\/\/blogs.fu-berlin.de\/?p=742"},"modified":"2018-11-21T10:19:14","modified_gmt":"2018-11-21T09:19:14","slug":"tipp-sprachoptionen-anpassen","status":"publish","type":"post","link":"https:\/\/blogs.fu-berlin.de\/?p=742","title":{"rendered":"Tipp: Sprachoptionen anpassen"},"content":{"rendered":"<p><a href=\"https:\/\/blogs.fu-berlin.de\/files\/2011\/05\/blogsprache.jpg\"><img loading=\"lazy\" decoding=\"async\" class=\"size-medium wp-image-743 alignright\" title=\"Sprachoptionen Blog\" src=\"https:\/\/blogs.fu-berlin.de\/files\/2011\/05\/blogsprache-300x239.jpg\" alt=\"\" width=\"300\" height=\"239\" srcset=\"https:\/\/blogs.fu-berlin.de\/files\/2011\/05\/blogsprache-300x239.jpg 300w, https:\/\/blogs.fu-berlin.de\/files\/2011\/05\/blogsprache.jpg 1026w\" sizes=\"auto, (max-width: 300px) 85vw, 300px\" \/><\/a>F\u00fcr den Administrationsbereich des Blogs (Dashboard) lassen sich inzwischen eine Vielzahl von Sprachoptionen einstellen. Neben <strong>deutsch <\/strong>stehen zur Zeit <strong>englisch<\/strong>, <strong>franz\u00f6sisch <\/strong>und <strong>spanisch <\/strong>zur Verf\u00fcgung. Weitere Sprachen werden sukzessive folgen.<\/p>\n<p>Sie k\u00f6nnen die Sprachoptionen jederzeit \u00fcber die Men\u00fcpunkte &#8222;Einstellungen&#8220; &#8211; &#8222;Blogsprache&#8220; bestimmen.<\/p>\n<p>Bitte beachten Sie, dass jeweils nur die Men\u00fcpunkte des Dashboards und systemeigene Begriffe (Kategorie, Kalender, Kommentare etc.) angepasst werden. Eine Anpassung der Sprachoptionen \u00fcbersetzt nicht auch die von Ihnen verfassten Artikel.<br \/>\nZudem sind die Sprachpakete und die damit verwendeten \u00dcbersetzungen z.Zt. als Open-Source-Module verf\u00fcgbar, so dass es im Einzelfall zu ungenauen \u00dcbersetzungen kommen kann. Bitte informieren Sie uns, wenn Ihnen eine solche fehlerhafte&#8220; \u00dcbersetzung auff\u00e4llt.<\/p>\n<div class=\"shariff shariff-align-flex-start shariff-widget-align-flex-start\"><ul class=\"shariff-buttons theme-default orientation-horizontal buttonsize-medium\"><li class=\"shariff-button twitter shariff-nocustomcolor\" style=\"background-color:#595959\"><a href=\"https:\/\/twitter.com\/share?url=https%3A%2F%2Fblogs.fu-berlin.de%2F%3Fp%3D742&text=Tipp%3A%20Sprachoptionen%20anpassen\" title=\"Bei X teilen\" aria-label=\"Bei X teilen\" role=\"button\" rel=\"noopener nofollow\" class=\"shariff-link\" style=\"; background-color:#000; color:#fff\" target=\"_blank\"><span class=\"shariff-icon\" style=\"\"><svg width=\"32px\" height=\"20px\" xmlns=\"http:\/\/www.w3.org\/2000\/svg\" viewBox=\"0 0 24 24\"><path fill=\"#000\" d=\"M14.258 10.152L23.176 0h-2.113l-7.747 8.813L7.133 0H0l9.352 13.328L0 23.973h2.113l8.176-9.309 6.531 9.309h7.133zm-2.895 3.293l-.949-1.328L2.875 1.56h3.246l6.086 8.523.945 1.328 7.91 11.078h-3.246zm0 0\"\/><\/svg><\/span><span class=\"shariff-text\">teilen<\/span>&nbsp;<\/a><\/li><li class=\"shariff-button facebook shariff-nocustomcolor\" style=\"background-color:#4273c8\"><a href=\"https:\/\/www.facebook.com\/sharer\/sharer.php?u=https%3A%2F%2Fblogs.fu-berlin.de%2F%3Fp%3D742\" title=\"Bei Facebook teilen\" aria-label=\"Bei Facebook teilen\" role=\"button\" rel=\"nofollow\" class=\"shariff-link\" style=\"; background-color:#3b5998; color:#fff\" target=\"_blank\"><span class=\"shariff-icon\" style=\"\"><svg width=\"32px\" height=\"20px\" xmlns=\"http:\/\/www.w3.org\/2000\/svg\" viewBox=\"0 0 18 32\"><path fill=\"#3b5998\" d=\"M17.1 0.2v4.7h-2.8q-1.5 0-2.1 0.6t-0.5 1.9v3.4h5.2l-0.7 5.3h-4.5v13.6h-5.5v-13.6h-4.5v-5.3h4.5v-3.9q0-3.3 1.9-5.2t5-1.8q2.6 0 4.1 0.2z\"\/><\/svg><\/span><span class=\"shariff-text\">teilen<\/span>&nbsp;<\/a><\/li><li class=\"shariff-button info shariff-nocustomcolor\" style=\"background-color:#eee\"><a href=\"http:\/\/ct.de\/-2467514\" title=\"Weitere Informationen\" aria-label=\"Weitere Informationen\" role=\"button\" rel=\"noopener \" class=\"shariff-link\" style=\"; background-color:#fff; color:#fff\" target=\"_blank\"><span class=\"shariff-icon\" style=\"\"><svg width=\"32px\" height=\"20px\" xmlns=\"http:\/\/www.w3.org\/2000\/svg\" viewBox=\"0 0 11 32\"><path fill=\"#999\" d=\"M11.4 24v2.3q0 0.5-0.3 0.8t-0.8 0.4h-9.1q-0.5 0-0.8-0.4t-0.4-0.8v-2.3q0-0.5 0.4-0.8t0.8-0.4h1.1v-6.8h-1.1q-0.5 0-0.8-0.4t-0.4-0.8v-2.3q0-0.5 0.4-0.8t0.8-0.4h6.8q0.5 0 0.8 0.4t0.4 0.8v10.3h1.1q0.5 0 0.8 0.4t0.3 0.8zM9.2 3.4v3.4q0 0.5-0.4 0.8t-0.8 0.4h-4.6q-0.4 0-0.8-0.4t-0.4-0.8v-3.4q0-0.4 0.4-0.8t0.8-0.4h4.6q0.5 0 0.8 0.4t0.4 0.8z\"\/><\/svg><\/span><\/a><\/li><\/ul><\/div>","protected":false},"excerpt":{"rendered":"<p>F\u00fcr den Administrationsbereich des Blogs (Dashboard) lassen sich inzwischen eine Vielzahl von Sprachoptionen einstellen. Neben deutsch stehen zur Zeit englisch, franz\u00f6sisch und spanisch zur Verf\u00fcgung. Weitere Sprachen werden sukzessive folgen. Sie k\u00f6nnen die Sprachoptionen jederzeit \u00fcber die Men\u00fcpunkte &#8222;Einstellungen&#8220; &#8211; &#8222;Blogsprache&#8220; bestimmen. Bitte beachten Sie, dass jeweils nur die Men\u00fcpunkte des Dashboards und systemeigene Begriffe &hellip; <a href=\"https:\/\/blogs.fu-berlin.de\/?p=742\" class=\"more-link\"><span class=\"screen-reader-text\">\u201eTipp: Sprachoptionen anpassen\u201c<\/span> weiterlesen<\/a><\/p>\n","protected":false},"author":5,"featured_media":0,"comment_status":"open","ping_status":"closed","sticky":false,"template":"","format":"standard","meta":{"footnotes":""},"categories":[1,236,1619],"tags":[75],"class_list":["post-742","post","type-post","status-publish","format-standard","hentry","category-uncategorized","category-blog","category-tipps","tag-wordpress"],"_links":{"self":[{"href":"https:\/\/blogs.fu-berlin.de\/index.php?rest_route=\/wp\/v2\/posts\/742","targetHints":{"allow":["GET"]}}],"collection":[{"href":"https:\/\/blogs.fu-berlin.de\/index.php?rest_route=\/wp\/v2\/posts"}],"about":[{"href":"https:\/\/blogs.fu-berlin.de\/index.php?rest_route=\/wp\/v2\/types\/post"}],"author":[{"embeddable":true,"href":"https:\/\/blogs.fu-berlin.de\/index.php?rest_route=\/wp\/v2\/users\/5"}],"replies":[{"embeddable":true,"href":"https:\/\/blogs.fu-berlin.de\/index.php?rest_route=%2Fwp%2Fv2%2Fcomments&post=742"}],"version-history":[{"count":5,"href":"https:\/\/blogs.fu-berlin.de\/index.php?rest_route=\/wp\/v2\/posts\/742\/revisions"}],"predecessor-version":[{"id":746,"href":"https:\/\/blogs.fu-berlin.de\/index.php?rest_route=\/wp\/v2\/posts\/742\/revisions\/746"}],"wp:attachment":[{"href":"https:\/\/blogs.fu-berlin.de\/index.php?rest_route=%2Fwp%2Fv2%2Fmedia&parent=742"}],"wp:term":[{"taxonomy":"category","embeddable":true,"href":"https:\/\/blogs.fu-berlin.de\/index.php?rest_route=%2Fwp%2Fv2%2Fcategories&post=742"},{"taxonomy":"post_tag","embeddable":true,"href":"https:\/\/blogs.fu-berlin.de\/index.php?rest_route=%2Fwp%2Fv2%2Ftags&post=742"}],"curies":[{"name":"wp","href":"https:\/\/api.w.org\/{rel}","templated":true}]}}