{"id":801,"date":"2011-06-28T14:26:05","date_gmt":"2011-06-28T13:26:05","guid":{"rendered":"https:\/\/blogs.fu-berlin.de\/?p=801"},"modified":"2018-11-21T10:19:13","modified_gmt":"2018-11-21T09:19:13","slug":"studie-datenschutz-im-internet","status":"publish","type":"post","link":"https:\/\/blogs.fu-berlin.de\/?p=801","title":{"rendered":"Studie: Datenschutz im Internet"},"content":{"rendered":"<p>Eine aktuelle Studie des BITKOM Verbandes besch\u00e4ftigt sich mit dem Thema Datenschutz im Internet aus Sicht der Nutzerinnen und Nutzer. Ein zentrales Ergebnis der Studie ist die Existenz von verschiedenen Nutzertypen, von denen die einen v\u00f6llig unbek\u00fcmmert Daten ver\u00f6ffentlichen w\u00e4hrend die anderen sehr verunsichert die aktuellen Diskussionen zum Thema Datenschutz im Internet verfolgen. Daraus erw\u00e4chst die  Notwendigkeit einer gezielten Bewusstseinsbildung und Aufkl\u00e4rung zur  Datensicherheit im Netz. Sensibilisierung tut Not!<\/p>\n<blockquote><p><strong><\/strong>Die einen sind fahrl\u00e4ssig und leichtsinnig, die anderen  \u00fcbervorsichtig im Internet. Viele deutsche Web-Nutzer haben eine  extreme Einstellung zur Datensicherheit. So ist jedem siebten User egal,  was mit seinen Daten im Web geschieht. Auf der anderen Seite verzichtet  jeder Sechste aus Sicherheitsgr\u00fcnden komplett auf Online-Transaktionen.  Das zeigt die Studie \u201eDatenschutz im Internet\u201c, die der  Hightech-Verband BITKOM ver\u00f6ffentlicht hat. \u201eZahlreiche Internet-Nutzer  haben eine Schwarz-Wei\u00df-Sicht auf die Datensicherheit im Internet. Eine  vern\u00fcnftige Balance zwischen Chancen und Risiken m\u00fcssen viele erst noch  finden. Dabei sollten Politik, Wirtschaft und Verbrauchersch\u00fctzer  helfen\u201c, sagte Prof. Dieter Kempf, BITKOM-Pr\u00e4sident und  Vorstandsvorsitzender des Vereins \u201eDeutschland sicher im Netz\u201c. Der hohe  Anteil extremer Nutzertypen zeige, wie wichtig Bewusstseinsbildung und  Aufkl\u00e4rung bei Internet- und Datensicherheit ist. Offenbar kann und muss  die Aufkl\u00e4rung der User noch verbessert werden: Laut Studie fehlen fast  der H\u00e4lfte (47 Prozent) der Internet-Nutzer Informationen, was sie  selbst f\u00fcr den Schutz ihrer Daten im Internet tun k\u00f6nnen.<br \/>\n(via <a href=\"https:\/\/www.bitkom.org\/de\/publikationen\/38338_68303.aspx\" target=\"_blank\">BITKOM<\/a>)<\/p><\/blockquote>\n<p>Die Studie kann<a href=\"https:\/\/www.bitkom.org\/de\/publikationen\/38338_68303.aspx\" target=\"_blank\"> HIER<\/a> kostenlos herunter geladen werden.<\/p>\n<div class=\"shariff shariff-align-flex-start shariff-widget-align-flex-start\"><ul class=\"shariff-buttons theme-default orientation-horizontal buttonsize-medium\"><li class=\"shariff-button twitter shariff-nocustomcolor\" style=\"background-color:#595959\"><a href=\"https:\/\/twitter.com\/share?url=https%3A%2F%2Fblogs.fu-berlin.de%2F%3Fp%3D801&text=Studie%3A%20Datenschutz%20im%20Internet\" title=\"Bei X teilen\" aria-label=\"Bei X teilen\" role=\"button\" rel=\"noopener nofollow\" class=\"shariff-link\" style=\"; background-color:#000; color:#fff\" target=\"_blank\"><span class=\"shariff-icon\" style=\"\"><svg width=\"32px\" height=\"20px\" xmlns=\"http:\/\/www.w3.org\/2000\/svg\" viewBox=\"0 0 24 24\"><path fill=\"#000\" d=\"M14.258 10.152L23.176 0h-2.113l-7.747 8.813L7.133 0H0l9.352 13.328L0 23.973h2.113l8.176-9.309 6.531 9.309h7.133zm-2.895 3.293l-.949-1.328L2.875 1.56h3.246l6.086 8.523.945 1.328 7.91 11.078h-3.246zm0 0\"\/><\/svg><\/span><span class=\"shariff-text\">teilen<\/span>&nbsp;<\/a><\/li><li class=\"shariff-button facebook shariff-nocustomcolor\" style=\"background-color:#4273c8\"><a href=\"https:\/\/www.facebook.com\/sharer\/sharer.php?u=https%3A%2F%2Fblogs.fu-berlin.de%2F%3Fp%3D801\" title=\"Bei Facebook teilen\" aria-label=\"Bei Facebook teilen\" role=\"button\" rel=\"nofollow\" class=\"shariff-link\" style=\"; background-color:#3b5998; color:#fff\" target=\"_blank\"><span class=\"shariff-icon\" style=\"\"><svg width=\"32px\" height=\"20px\" xmlns=\"http:\/\/www.w3.org\/2000\/svg\" viewBox=\"0 0 18 32\"><path fill=\"#3b5998\" d=\"M17.1 0.2v4.7h-2.8q-1.5 0-2.1 0.6t-0.5 1.9v3.4h5.2l-0.7 5.3h-4.5v13.6h-5.5v-13.6h-4.5v-5.3h4.5v-3.9q0-3.3 1.9-5.2t5-1.8q2.6 0 4.1 0.2z\"\/><\/svg><\/span><span class=\"shariff-text\">teilen<\/span>&nbsp;<\/a><\/li><li class=\"shariff-button info shariff-nocustomcolor\" style=\"background-color:#eee\"><a href=\"http:\/\/ct.de\/-2467514\" title=\"Weitere Informationen\" aria-label=\"Weitere Informationen\" role=\"button\" rel=\"noopener \" class=\"shariff-link\" style=\"; background-color:#fff; color:#fff\" target=\"_blank\"><span class=\"shariff-icon\" style=\"\"><svg width=\"32px\" height=\"20px\" xmlns=\"http:\/\/www.w3.org\/2000\/svg\" viewBox=\"0 0 11 32\"><path fill=\"#999\" d=\"M11.4 24v2.3q0 0.5-0.3 0.8t-0.8 0.4h-9.1q-0.5 0-0.8-0.4t-0.4-0.8v-2.3q0-0.5 0.4-0.8t0.8-0.4h1.1v-6.8h-1.1q-0.5 0-0.8-0.4t-0.4-0.8v-2.3q0-0.5 0.4-0.8t0.8-0.4h6.8q0.5 0 0.8 0.4t0.4 0.8v10.3h1.1q0.5 0 0.8 0.4t0.3 0.8zM9.2 3.4v3.4q0 0.5-0.4 0.8t-0.8 0.4h-4.6q-0.4 0-0.8-0.4t-0.4-0.8v-3.4q0-0.4 0.4-0.8t0.8-0.4h4.6q0.5 0 0.8 0.4t0.4 0.8z\"\/><\/svg><\/span><\/a><\/li><\/ul><\/div>","protected":false},"excerpt":{"rendered":"<p>Eine aktuelle Studie des BITKOM Verbandes besch\u00e4ftigt sich mit dem Thema Datenschutz im Internet aus Sicht der Nutzerinnen und Nutzer. Ein zentrales Ergebnis der Studie ist die Existenz von verschiedenen Nutzertypen, von denen die einen v\u00f6llig unbek\u00fcmmert Daten ver\u00f6ffentlichen w\u00e4hrend die anderen sehr verunsichert die aktuellen Diskussionen zum Thema Datenschutz im Internet verfolgen. Daraus erw\u00e4chst &hellip; <a href=\"https:\/\/blogs.fu-berlin.de\/?p=801\" class=\"more-link\"><span class=\"screen-reader-text\">\u201eStudie: Datenschutz im Internet\u201c<\/span> weiterlesen<\/a><\/p>\n","protected":false},"author":5,"featured_media":0,"comment_status":"open","ping_status":"closed","sticky":false,"template":"","format":"standard","meta":{"footnotes":""},"categories":[236,402,1504],"tags":[370,2175],"class_list":["post-801","post","type-post","status-publish","format-standard","hentry","category-blog","category-presse","category-veroffentlichungen","tag-datenschutz","tag-socialmedia"],"_links":{"self":[{"href":"https:\/\/blogs.fu-berlin.de\/index.php?rest_route=\/wp\/v2\/posts\/801","targetHints":{"allow":["GET"]}}],"collection":[{"href":"https:\/\/blogs.fu-berlin.de\/index.php?rest_route=\/wp\/v2\/posts"}],"about":[{"href":"https:\/\/blogs.fu-berlin.de\/index.php?rest_route=\/wp\/v2\/types\/post"}],"author":[{"embeddable":true,"href":"https:\/\/blogs.fu-berlin.de\/index.php?rest_route=\/wp\/v2\/users\/5"}],"replies":[{"embeddable":true,"href":"https:\/\/blogs.fu-berlin.de\/index.php?rest_route=%2Fwp%2Fv2%2Fcomments&post=801"}],"version-history":[{"count":3,"href":"https:\/\/blogs.fu-berlin.de\/index.php?rest_route=\/wp\/v2\/posts\/801\/revisions"}],"predecessor-version":[{"id":2474,"href":"https:\/\/blogs.fu-berlin.de\/index.php?rest_route=\/wp\/v2\/posts\/801\/revisions\/2474"}],"wp:attachment":[{"href":"https:\/\/blogs.fu-berlin.de\/index.php?rest_route=%2Fwp%2Fv2%2Fmedia&parent=801"}],"wp:term":[{"taxonomy":"category","embeddable":true,"href":"https:\/\/blogs.fu-berlin.de\/index.php?rest_route=%2Fwp%2Fv2%2Fcategories&post=801"},{"taxonomy":"post_tag","embeddable":true,"href":"https:\/\/blogs.fu-berlin.de\/index.php?rest_route=%2Fwp%2Fv2%2Ftags&post=801"}],"curies":[{"name":"wp","href":"https:\/\/api.w.org\/{rel}","templated":true}]}}