{"id":804,"date":"2011-07-06T10:29:14","date_gmt":"2011-07-06T09:29:14","guid":{"rendered":"https:\/\/blogs.fu-berlin.de\/?p=804"},"modified":"2018-11-21T10:19:13","modified_gmt":"2018-11-21T09:19:13","slug":"googleplus-wochenruckblick","status":"publish","type":"post","link":"https:\/\/blogs.fu-berlin.de\/?p=804","title":{"rendered":"GooglePlus &#8211; Wochenr\u00fcckblick"},"content":{"rendered":"<p>Seit einer Woche ist nun Google mit &#8222;seinem Social Network&#8220; <strong>Google+<\/strong> am Start und bietet Facebook die Stirn. Da sich das Produkt noch in einer fr\u00fchen Testphase befindet und zudem nur wenigen auf Einladungen einen Einblick erm\u00f6glicht, bleibt abzuwarten, wohin die Reise geht und ob Google mit dem Launch erfolgreich ist oder \u00e4hnlichen Schiffbruch wie mit &#8222;Buzz&#8220; oder &#8222;Wave&#8220; erleiden wird.<br \/>\nF\u00fcrs erste macht das Angebot m.E. einen sehr aufger\u00e4umten Eindruck. Die &#8222;Circles&#8220; (KontaktGruppen) sind \u00fcberschaubar und detailliert einzurichten. Nicht alle Kontakte m\u00fcssen &#8222;Freunde&#8220; sein, sondern k\u00f6nnen abgestuft nach &#8222;Familie&#8220;,&#8220;Bekannten&#8220; oder eigenen Definitionen bestimmt werden. Sieht schon ganz gut aus. Der Tagesspiegel meint: &#8222;Google+ ist erst der Anfang!&#8220;, denn Google+ macht schon jetzt einiges besser als Facebook.<\/p>\n<blockquote><p>So d\u00fcrften die vielgelobten <em>Circles<\/em> zu einem echten Kennzeichen  von Google+ avancieren. Denn mit ihnen nimmt der Verfolger die  Psychologie des Menschen ernster, als Facebook es tut. Google l\u00e4sst  viele abgestufte Sozialkontakte zu, denen wir unterschiedlich vertrauen  und Unterschiedliches anvertrauen \u2013 das st\u00e4rkt das Soziale im <em>social networking<\/em>.<br \/>\n(via <a href=\"https:\/\/www.tagesspiegel.de\/medien\/digitale-welt\/google-ist-erst-der-anfang\/4361190.html#kommentare\" target=\"_blank\">Tagesspiegel<\/a>)<\/p><\/blockquote>\n<p>Einen kurzen visuellen Eindruck vermittelt die Google Propaganda:<\/p>\n<p><object width=\"513\" height=\"320\" codebase=\"https:\/\/download.macromedia.com\/pub\/shockwave\/cabs\/flash\/swflash.cab#version=6,0,40,0\"><param name=\"allowFullScreen\" value=\"true\" \/><param name=\"allowscriptaccess\" value=\"always\" \/><param name=\"src\" value=\"https:\/\/www.youtube.com\/v\/xwnJ5Bl4kLI?version=3&amp;hl=de_DE&amp;rel=0\" \/><param name=\"allowfullscreen\" value=\"true\" \/><embed type=\"application\/x-shockwave-flash\" width=\"513\" height=\"320\" src=\"https:\/\/www.youtube.com\/v\/xwnJ5Bl4kLI?version=3&amp;hl=de_DE&amp;rel=0\"><\/embed><\/object><\/p>\n<div class=\"shariff shariff-align-flex-start shariff-widget-align-flex-start\"><ul class=\"shariff-buttons theme-default orientation-horizontal buttonsize-medium\"><li class=\"shariff-button twitter shariff-nocustomcolor\" style=\"background-color:#595959\"><a href=\"https:\/\/twitter.com\/share?url=https%3A%2F%2Fblogs.fu-berlin.de%2F%3Fp%3D804&text=GooglePlus%20%E2%80%93%20Wochenr%C3%BCckblick\" title=\"Bei X teilen\" aria-label=\"Bei X teilen\" role=\"button\" rel=\"noopener nofollow\" class=\"shariff-link\" style=\"; background-color:#000; color:#fff\" target=\"_blank\"><span class=\"shariff-icon\" style=\"\"><svg width=\"32px\" height=\"20px\" xmlns=\"http:\/\/www.w3.org\/2000\/svg\" viewBox=\"0 0 24 24\"><path fill=\"#000\" d=\"M14.258 10.152L23.176 0h-2.113l-7.747 8.813L7.133 0H0l9.352 13.328L0 23.973h2.113l8.176-9.309 6.531 9.309h7.133zm-2.895 3.293l-.949-1.328L2.875 1.56h3.246l6.086 8.523.945 1.328 7.91 11.078h-3.246zm0 0\"\/><\/svg><\/span><span class=\"shariff-text\">teilen<\/span>&nbsp;<\/a><\/li><li class=\"shariff-button facebook shariff-nocustomcolor\" style=\"background-color:#4273c8\"><a href=\"https:\/\/www.facebook.com\/sharer\/sharer.php?u=https%3A%2F%2Fblogs.fu-berlin.de%2F%3Fp%3D804\" title=\"Bei Facebook teilen\" aria-label=\"Bei Facebook teilen\" role=\"button\" rel=\"nofollow\" class=\"shariff-link\" style=\"; background-color:#3b5998; color:#fff\" target=\"_blank\"><span class=\"shariff-icon\" style=\"\"><svg width=\"32px\" height=\"20px\" xmlns=\"http:\/\/www.w3.org\/2000\/svg\" viewBox=\"0 0 18 32\"><path fill=\"#3b5998\" d=\"M17.1 0.2v4.7h-2.8q-1.5 0-2.1 0.6t-0.5 1.9v3.4h5.2l-0.7 5.3h-4.5v13.6h-5.5v-13.6h-4.5v-5.3h4.5v-3.9q0-3.3 1.9-5.2t5-1.8q2.6 0 4.1 0.2z\"\/><\/svg><\/span><span class=\"shariff-text\">teilen<\/span>&nbsp;<\/a><\/li><li class=\"shariff-button info shariff-nocustomcolor\" style=\"background-color:#eee\"><a href=\"http:\/\/ct.de\/-2467514\" title=\"Weitere Informationen\" aria-label=\"Weitere Informationen\" role=\"button\" rel=\"noopener \" class=\"shariff-link\" style=\"; background-color:#fff; color:#fff\" target=\"_blank\"><span class=\"shariff-icon\" style=\"\"><svg width=\"32px\" height=\"20px\" xmlns=\"http:\/\/www.w3.org\/2000\/svg\" viewBox=\"0 0 11 32\"><path fill=\"#999\" d=\"M11.4 24v2.3q0 0.5-0.3 0.8t-0.8 0.4h-9.1q-0.5 0-0.8-0.4t-0.4-0.8v-2.3q0-0.5 0.4-0.8t0.8-0.4h1.1v-6.8h-1.1q-0.5 0-0.8-0.4t-0.4-0.8v-2.3q0-0.5 0.4-0.8t0.8-0.4h6.8q0.5 0 0.8 0.4t0.4 0.8v10.3h1.1q0.5 0 0.8 0.4t0.3 0.8zM9.2 3.4v3.4q0 0.5-0.4 0.8t-0.8 0.4h-4.6q-0.4 0-0.8-0.4t-0.4-0.8v-3.4q0-0.4 0.4-0.8t0.8-0.4h4.6q0.5 0 0.8 0.4t0.4 0.8z\"\/><\/svg><\/span><\/a><\/li><\/ul><\/div>","protected":false},"excerpt":{"rendered":"<p>Seit einer Woche ist nun Google mit &#8222;seinem Social Network&#8220; Google+ am Start und bietet Facebook die Stirn. Da sich das Produkt noch in einer fr\u00fchen Testphase befindet und zudem nur wenigen auf Einladungen einen Einblick erm\u00f6glicht, bleibt abzuwarten, wohin die Reise geht und ob Google mit dem Launch erfolgreich ist oder \u00e4hnlichen Schiffbruch wie &hellip; <a href=\"https:\/\/blogs.fu-berlin.de\/?p=804\" class=\"more-link\"><span class=\"screen-reader-text\">\u201eGooglePlus &#8211; Wochenr\u00fcckblick\u201c<\/span> weiterlesen<\/a><\/p>\n","protected":false},"author":5,"featured_media":0,"comment_status":"open","ping_status":"closed","sticky":false,"template":"","format":"standard","meta":{"footnotes":""},"categories":[236,402,1619],"tags":[371,2175],"class_list":["post-804","post","type-post","status-publish","format-standard","hentry","category-blog","category-presse","category-tipps","tag-google","tag-socialmedia"],"_links":{"self":[{"href":"https:\/\/blogs.fu-berlin.de\/index.php?rest_route=\/wp\/v2\/posts\/804","targetHints":{"allow":["GET"]}}],"collection":[{"href":"https:\/\/blogs.fu-berlin.de\/index.php?rest_route=\/wp\/v2\/posts"}],"about":[{"href":"https:\/\/blogs.fu-berlin.de\/index.php?rest_route=\/wp\/v2\/types\/post"}],"author":[{"embeddable":true,"href":"https:\/\/blogs.fu-berlin.de\/index.php?rest_route=\/wp\/v2\/users\/5"}],"replies":[{"embeddable":true,"href":"https:\/\/blogs.fu-berlin.de\/index.php?rest_route=%2Fwp%2Fv2%2Fcomments&post=804"}],"version-history":[{"count":3,"href":"https:\/\/blogs.fu-berlin.de\/index.php?rest_route=\/wp\/v2\/posts\/804\/revisions"}],"predecessor-version":[{"id":2473,"href":"https:\/\/blogs.fu-berlin.de\/index.php?rest_route=\/wp\/v2\/posts\/804\/revisions\/2473"}],"wp:attachment":[{"href":"https:\/\/blogs.fu-berlin.de\/index.php?rest_route=%2Fwp%2Fv2%2Fmedia&parent=804"}],"wp:term":[{"taxonomy":"category","embeddable":true,"href":"https:\/\/blogs.fu-berlin.de\/index.php?rest_route=%2Fwp%2Fv2%2Fcategories&post=804"},{"taxonomy":"post_tag","embeddable":true,"href":"https:\/\/blogs.fu-berlin.de\/index.php?rest_route=%2Fwp%2Fv2%2Ftags&post=804"}],"curies":[{"name":"wp","href":"https:\/\/api.w.org\/{rel}","templated":true}]}}