{"id":852,"date":"2011-08-24T10:46:31","date_gmt":"2011-08-24T09:46:31","guid":{"rendered":"https:\/\/blogs.fu-berlin.de\/?p=852"},"modified":"2018-11-21T10:19:13","modified_gmt":"2018-11-21T09:19:13","slug":"facebook-passt-privatsphare-einstellungen-an","status":"publish","type":"post","link":"https:\/\/blogs.fu-berlin.de\/?p=852","title":{"rendered":"Facebook passt Privatsph\u00e4re Einstellungen an"},"content":{"rendered":"<p>Die Diskussion um fortw\u00e4hrende Bedenken hinsichtlich der Un\u00fcbersichtlichkeit der Datenschutzeinstellungenn bei Facebook und sicherlich auch die lobend erw\u00e4hnten nutzerfreundlicheren Einstellungen bei <a href=\"https:\/\/de.wikipedia.org\/wiki\/Google%2B\" target=\"_blank\">Google+<\/a>, haben Facebook offenbar dazu bewogen, den Nutzern\/innen zus\u00e4tzliche Kontrolle \u00fcber ihre Privatsph\u00e4re erm\u00f6glichen.<\/p>\n<p>In einem aktuellen <a href=\"https:\/\/blog.facebook.com\/blog.php?post=10150251867797131\" target=\"_blank\">Blogeintrag<\/a> werden die Verbesserungen f\u00fcr die n\u00e4chsten Tage angek\u00fcndigt. Nutzer\/innnen sollen u.a. direkt auf ihrer Profilseite bestimmen k\u00f6nnen, wer etwa ihre Statusmeldungen, Bilder oder Fanseiten sehen darf. Desweiteren werden die Routinen f\u00fcr Markierungen (Tags) von Personen auf Fotos \u00fcberarbeitet. Peinliche Fotos von der letzten Party erscheinen  bislang sofort auf dem eigenen Profil, sobald ein &#8222;Facebook-Freund&#8220; den  anderen markiert. In Zukunft m\u00fcssen Markierungen auf Fotos oder  in Statusmeldungen von den Betroffenen auf einer neuen \u00dcbersichtsseite  erst best\u00e4tigt werden, bevor sie auf dem eigenen Profil erscheinen.<\/p>\n<blockquote><p>Today  we&#8217;re announcing a bunch of improvements that make it easier to  share  posts, photos, tags and other content with exactly the people you  want.  You have told us that &#8222;who can see this?&#8220; could be clearer  across  Facebook, so we have made changes to make this more visual and   straightforward. The main change is moving most of your controls from a   settings page to being inline, right next to the posts, photos and tags   they affect. Plus there are several other updates here that will make  it  easier to understand who can see your stuff (or your friends&#8216;) in  any  context. Here&#8217;s what&#8217;s coming up, organized around two areas: what  shows  up on your profile, and what happens when you share something  new.<br \/>\n(via Facebook)<\/p><\/blockquote>\n<p><a href=\"https:\/\/www.spiegel.de\/netzwelt\/netzpolitik\/0,1518,781873,00.html\" target=\"_blank\">Aktuelle Diskussionen<\/a> zwischen Facebook auf der  einen, sowie Datensch\u00fctzern und Politikern auf der anderen Seite, werden in Deutschland gerade besonders heftig gef\u00fchrt. So warf der  schleswig-holsteinische Datenschutzbeauftragte <a href=\"https:\/\/www.spiegel.de\/netzwelt\/netzpolitik\/0,1518,781231,00.html\" target=\"_blank\">Thilo Weichert<\/a> in der vergangenen Woche Facebook  Verst\u00f6\u00dfe gegen Datenschutzgesetze vor und forderte die Anbieter von  Webseiten &#8211; unter Androhung erheblicher Geldstrafen &#8211;\u00a0 auf, den \u201eGef\u00e4llt-mir\u201c-Button zu entfernen. \u00dcber  diese Schaltfl\u00e4che w\u00fcrden rechtswidrige Nutzerprofile erstellt,  behauptete Weichert.<\/p>\n<div class=\"shariff shariff-align-flex-start shariff-widget-align-flex-start\"><ul class=\"shariff-buttons theme-default orientation-horizontal buttonsize-medium\"><li class=\"shariff-button twitter shariff-nocustomcolor\" style=\"background-color:#595959\"><a href=\"https:\/\/twitter.com\/share?url=https%3A%2F%2Fblogs.fu-berlin.de%2F%3Fp%3D852&text=Facebook%20passt%20Privatsph%C3%A4re%20Einstellungen%20an\" title=\"Bei X teilen\" aria-label=\"Bei X teilen\" role=\"button\" rel=\"noopener nofollow\" class=\"shariff-link\" style=\"; background-color:#000; color:#fff\" target=\"_blank\"><span class=\"shariff-icon\" style=\"\"><svg width=\"32px\" height=\"20px\" xmlns=\"http:\/\/www.w3.org\/2000\/svg\" viewBox=\"0 0 24 24\"><path fill=\"#000\" d=\"M14.258 10.152L23.176 0h-2.113l-7.747 8.813L7.133 0H0l9.352 13.328L0 23.973h2.113l8.176-9.309 6.531 9.309h7.133zm-2.895 3.293l-.949-1.328L2.875 1.56h3.246l6.086 8.523.945 1.328 7.91 11.078h-3.246zm0 0\"\/><\/svg><\/span><span class=\"shariff-text\">teilen<\/span>&nbsp;<\/a><\/li><li class=\"shariff-button facebook shariff-nocustomcolor\" style=\"background-color:#4273c8\"><a href=\"https:\/\/www.facebook.com\/sharer\/sharer.php?u=https%3A%2F%2Fblogs.fu-berlin.de%2F%3Fp%3D852\" title=\"Bei Facebook teilen\" aria-label=\"Bei Facebook teilen\" role=\"button\" rel=\"nofollow\" class=\"shariff-link\" style=\"; background-color:#3b5998; color:#fff\" target=\"_blank\"><span class=\"shariff-icon\" style=\"\"><svg width=\"32px\" height=\"20px\" xmlns=\"http:\/\/www.w3.org\/2000\/svg\" viewBox=\"0 0 18 32\"><path fill=\"#3b5998\" d=\"M17.1 0.2v4.7h-2.8q-1.5 0-2.1 0.6t-0.5 1.9v3.4h5.2l-0.7 5.3h-4.5v13.6h-5.5v-13.6h-4.5v-5.3h4.5v-3.9q0-3.3 1.9-5.2t5-1.8q2.6 0 4.1 0.2z\"\/><\/svg><\/span><span class=\"shariff-text\">teilen<\/span>&nbsp;<\/a><\/li><li class=\"shariff-button info shariff-nocustomcolor\" style=\"background-color:#eee\"><a href=\"http:\/\/ct.de\/-2467514\" title=\"Weitere Informationen\" aria-label=\"Weitere Informationen\" role=\"button\" rel=\"noopener \" class=\"shariff-link\" style=\"; background-color:#fff; color:#fff\" target=\"_blank\"><span class=\"shariff-icon\" style=\"\"><svg width=\"32px\" height=\"20px\" xmlns=\"http:\/\/www.w3.org\/2000\/svg\" viewBox=\"0 0 11 32\"><path fill=\"#999\" d=\"M11.4 24v2.3q0 0.5-0.3 0.8t-0.8 0.4h-9.1q-0.5 0-0.8-0.4t-0.4-0.8v-2.3q0-0.5 0.4-0.8t0.8-0.4h1.1v-6.8h-1.1q-0.5 0-0.8-0.4t-0.4-0.8v-2.3q0-0.5 0.4-0.8t0.8-0.4h6.8q0.5 0 0.8 0.4t0.4 0.8v10.3h1.1q0.5 0 0.8 0.4t0.3 0.8zM9.2 3.4v3.4q0 0.5-0.4 0.8t-0.8 0.4h-4.6q-0.4 0-0.8-0.4t-0.4-0.8v-3.4q0-0.4 0.4-0.8t0.8-0.4h4.6q0.5 0 0.8 0.4t0.4 0.8z\"\/><\/svg><\/span><\/a><\/li><\/ul><\/div>","protected":false},"excerpt":{"rendered":"<p>Die Diskussion um fortw\u00e4hrende Bedenken hinsichtlich der Un\u00fcbersichtlichkeit der Datenschutzeinstellungenn bei Facebook und sicherlich auch die lobend erw\u00e4hnten nutzerfreundlicheren Einstellungen bei Google+, haben Facebook offenbar dazu bewogen, den Nutzern\/innen zus\u00e4tzliche Kontrolle \u00fcber ihre Privatsph\u00e4re erm\u00f6glichen. In einem aktuellen Blogeintrag werden die Verbesserungen f\u00fcr die n\u00e4chsten Tage angek\u00fcndigt. Nutzer\/innnen sollen u.a. direkt auf ihrer Profilseite bestimmen &hellip; <a href=\"https:\/\/blogs.fu-berlin.de\/?p=852\" class=\"more-link\"><span class=\"screen-reader-text\">\u201eFacebook passt Privatsph\u00e4re Einstellungen an\u201c<\/span> weiterlesen<\/a><\/p>\n","protected":false},"author":5,"featured_media":0,"comment_status":"open","ping_status":"closed","sticky":false,"template":"","format":"standard","meta":{"footnotes":""},"categories":[236,402,1504],"tags":[370,1278,2175],"class_list":["post-852","post","type-post","status-publish","format-standard","hentry","category-blog","category-presse","category-veroffentlichungen","tag-datenschutz","tag-facebook","tag-socialmedia"],"_links":{"self":[{"href":"https:\/\/blogs.fu-berlin.de\/index.php?rest_route=\/wp\/v2\/posts\/852","targetHints":{"allow":["GET"]}}],"collection":[{"href":"https:\/\/blogs.fu-berlin.de\/index.php?rest_route=\/wp\/v2\/posts"}],"about":[{"href":"https:\/\/blogs.fu-berlin.de\/index.php?rest_route=\/wp\/v2\/types\/post"}],"author":[{"embeddable":true,"href":"https:\/\/blogs.fu-berlin.de\/index.php?rest_route=\/wp\/v2\/users\/5"}],"replies":[{"embeddable":true,"href":"https:\/\/blogs.fu-berlin.de\/index.php?rest_route=%2Fwp%2Fv2%2Fcomments&post=852"}],"version-history":[{"count":3,"href":"https:\/\/blogs.fu-berlin.de\/index.php?rest_route=\/wp\/v2\/posts\/852\/revisions"}],"predecessor-version":[{"id":2467,"href":"https:\/\/blogs.fu-berlin.de\/index.php?rest_route=\/wp\/v2\/posts\/852\/revisions\/2467"}],"wp:attachment":[{"href":"https:\/\/blogs.fu-berlin.de\/index.php?rest_route=%2Fwp%2Fv2%2Fmedia&parent=852"}],"wp:term":[{"taxonomy":"category","embeddable":true,"href":"https:\/\/blogs.fu-berlin.de\/index.php?rest_route=%2Fwp%2Fv2%2Fcategories&post=852"},{"taxonomy":"post_tag","embeddable":true,"href":"https:\/\/blogs.fu-berlin.de\/index.php?rest_route=%2Fwp%2Fv2%2Ftags&post=852"}],"curies":[{"name":"wp","href":"https:\/\/api.w.org\/{rel}","templated":true}]}}