{"id":887,"date":"2011-11-30T13:37:03","date_gmt":"2011-11-30T12:37:03","guid":{"rendered":"https:\/\/blogs.fu-berlin.de\/?p=887"},"modified":"2018-11-21T10:19:13","modified_gmt":"2018-11-21T09:19:13","slug":"portal-oder-soziales-netzwerk","status":"publish","type":"post","link":"https:\/\/blogs.fu-berlin.de\/?p=887","title":{"rendered":"Portal oder soziales Netzwerk?"},"content":{"rendered":"<p>Eine &#8222;Zeitenwende&#8220; postuliert das Blog F.A.Z.-Community bez\u00fcglich des Nutzungsverhaltens insbesondere j\u00fcngere Internetsufer\/innen. Im Wettberwerb um die Nutzer\/innen im Netz scheinen die &#8222;klassischen&#8220; Plattformen, wie z.B. T-Online oder Yahoo, mehr und mehr Publikum an die sozialen Netzwerke zu verlieren. Das Marktforschungsunternehmen Comscore findet heraus: In den vergangenen 12 Monaten haben die Nutzer in Deutschland ihre  Online-Zeit auf den klassischen Portalen wie T-Online um  durchschnittlich 24 Prozent gesenkt, daf\u00fcr aber um 49 Prozent in den  sozialen Netzwerken erh\u00f6ht.<\/p>\n<blockquote><p>Besonders schnell vollzieht sich diese Zeitenwende unter jungen Menschen  zwischen 15 und 24 Jahren. Die Zeit auf den Portalen ist in diesem  Zeitraum um 50 Prozent auf nur noch 923 Millionen Minuten in Deutschland  gefallen, w\u00e4hrend die Aufenthaltsdauer in den sozialen Netzwerken um 64  Prozent auf 4,5 Milliarden Minuten gestiegen ist.<br \/>\n(via <a href=\"https:\/\/faz-community.faz.net\/blogs\/netzkonom\/archive\/2011\/11\/29\/zeitenwende-im-internet.aspx\" target=\"_blank\">F.A.Z.-Community<\/a>)<\/p><\/blockquote>\n<p>Je j\u00fcnger die Befragten, desto gr\u00f6\u00dfer offenbar deren Wunsch nach selbsterstellten Inhalten und Kommunikation. Lediglich die Nutzer \u00fcber 55 Jahre sind T-Online, Yahoo und Co. treu geblieben, gewinnen also dem klassischen Medienmodell \u201eUnternehmen erstellt Inhalte,  Leser fragen es nach&#8220; mehr ab.<\/p>\n<blockquote><p>Insgesamt ist die Internetzeit der Menschen in Deutschland in diesem  Jahr um ein Zehntel auf 80 Milliarden Minuten gestiegen. Neben den  \u00e4lteren Menschen, die das Netz f\u00fcr sich entdecken, treiben die  Jugendlichen die Netznutzung voran.<br \/>\n(via <a href=\"https:\/\/faz-community.faz.net\/blogs\/netzkonom\/archive\/2011\/11\/29\/zeitenwende-im-internet.aspx\" target=\"_blank\">F.A.Z.-Community<\/a>)<\/p><\/blockquote>\n<p>Ein wesentlicher Wachstumsfaktor ist in diesem Zusammenhang auch die steigende mobile Nutzung von Web-Inhalten. Laut aktueller <a href=\"https:\/\/www.mpfs.de\/?id=225\" target=\"_blank\">JIM Studie<\/a> gehen bereits 29% der Befragten auch mobil ins Netz.<br \/>\n<strong>Auch gut zu wissen<\/strong>: Trotz der gro\u00dfen Auswahl an Medienangeboten und der Pr\u00e4ferenz f\u00fcr elektronische Medien wissen Jugendliche auch \u201ealte\u201c Medien zu sch\u00e4tzen: 44 Prozent der Jugendlichen lesen regelm\u00e4\u00dfig B\u00fccher und 42 Prozent Tageszeitungen.<\/p>\n<div class=\"shariff shariff-align-flex-start shariff-widget-align-flex-start\"><ul class=\"shariff-buttons theme-default orientation-horizontal buttonsize-medium\"><li class=\"shariff-button twitter shariff-nocustomcolor\" style=\"background-color:#595959\"><a href=\"https:\/\/twitter.com\/share?url=https%3A%2F%2Fblogs.fu-berlin.de%2F%3Fp%3D887&text=Portal%20oder%20soziales%20Netzwerk%3F\" title=\"Bei X teilen\" aria-label=\"Bei X teilen\" role=\"button\" rel=\"noopener nofollow\" class=\"shariff-link\" style=\"; background-color:#000; color:#fff\" target=\"_blank\"><span class=\"shariff-icon\" style=\"\"><svg width=\"32px\" height=\"20px\" xmlns=\"http:\/\/www.w3.org\/2000\/svg\" viewBox=\"0 0 24 24\"><path fill=\"#000\" d=\"M14.258 10.152L23.176 0h-2.113l-7.747 8.813L7.133 0H0l9.352 13.328L0 23.973h2.113l8.176-9.309 6.531 9.309h7.133zm-2.895 3.293l-.949-1.328L2.875 1.56h3.246l6.086 8.523.945 1.328 7.91 11.078h-3.246zm0 0\"\/><\/svg><\/span><span class=\"shariff-text\">teilen<\/span>&nbsp;<\/a><\/li><li class=\"shariff-button facebook shariff-nocustomcolor\" style=\"background-color:#4273c8\"><a href=\"https:\/\/www.facebook.com\/sharer\/sharer.php?u=https%3A%2F%2Fblogs.fu-berlin.de%2F%3Fp%3D887\" title=\"Bei Facebook teilen\" aria-label=\"Bei Facebook teilen\" role=\"button\" rel=\"nofollow\" class=\"shariff-link\" style=\"; background-color:#3b5998; color:#fff\" target=\"_blank\"><span class=\"shariff-icon\" style=\"\"><svg width=\"32px\" height=\"20px\" xmlns=\"http:\/\/www.w3.org\/2000\/svg\" viewBox=\"0 0 18 32\"><path fill=\"#3b5998\" d=\"M17.1 0.2v4.7h-2.8q-1.5 0-2.1 0.6t-0.5 1.9v3.4h5.2l-0.7 5.3h-4.5v13.6h-5.5v-13.6h-4.5v-5.3h4.5v-3.9q0-3.3 1.9-5.2t5-1.8q2.6 0 4.1 0.2z\"\/><\/svg><\/span><span class=\"shariff-text\">teilen<\/span>&nbsp;<\/a><\/li><li class=\"shariff-button info shariff-nocustomcolor\" style=\"background-color:#eee\"><a href=\"http:\/\/ct.de\/-2467514\" title=\"Weitere Informationen\" aria-label=\"Weitere Informationen\" role=\"button\" rel=\"noopener \" class=\"shariff-link\" style=\"; background-color:#fff; color:#fff\" target=\"_blank\"><span class=\"shariff-icon\" style=\"\"><svg width=\"32px\" height=\"20px\" xmlns=\"http:\/\/www.w3.org\/2000\/svg\" viewBox=\"0 0 11 32\"><path fill=\"#999\" d=\"M11.4 24v2.3q0 0.5-0.3 0.8t-0.8 0.4h-9.1q-0.5 0-0.8-0.4t-0.4-0.8v-2.3q0-0.5 0.4-0.8t0.8-0.4h1.1v-6.8h-1.1q-0.5 0-0.8-0.4t-0.4-0.8v-2.3q0-0.5 0.4-0.8t0.8-0.4h6.8q0.5 0 0.8 0.4t0.4 0.8v10.3h1.1q0.5 0 0.8 0.4t0.3 0.8zM9.2 3.4v3.4q0 0.5-0.4 0.8t-0.8 0.4h-4.6q-0.4 0-0.8-0.4t-0.4-0.8v-3.4q0-0.4 0.4-0.8t0.8-0.4h4.6q0.5 0 0.8 0.4t0.4 0.8z\"\/><\/svg><\/span><\/a><\/li><\/ul><\/div>","protected":false},"excerpt":{"rendered":"<p>Eine &#8222;Zeitenwende&#8220; postuliert das Blog F.A.Z.-Community bez\u00fcglich des Nutzungsverhaltens insbesondere j\u00fcngere Internetsufer\/innen. Im Wettberwerb um die Nutzer\/innen im Netz scheinen die &#8222;klassischen&#8220; Plattformen, wie z.B. T-Online oder Yahoo, mehr und mehr Publikum an die sozialen Netzwerke zu verlieren. Das Marktforschungsunternehmen Comscore findet heraus: In den vergangenen 12 Monaten haben die Nutzer in Deutschland ihre Online-Zeit &hellip; <a href=\"https:\/\/blogs.fu-berlin.de\/?p=887\" class=\"more-link\"><span class=\"screen-reader-text\">\u201ePortal oder soziales Netzwerk?\u201c<\/span> weiterlesen<\/a><\/p>\n","protected":false},"author":5,"featured_media":0,"comment_status":"open","ping_status":"closed","sticky":false,"template":"","format":"standard","meta":{"footnotes":""},"categories":[236,402,1504],"tags":[2175],"class_list":["post-887","post","type-post","status-publish","format-standard","hentry","category-blog","category-presse","category-veroffentlichungen","tag-socialmedia"],"_links":{"self":[{"href":"https:\/\/blogs.fu-berlin.de\/index.php?rest_route=\/wp\/v2\/posts\/887","targetHints":{"allow":["GET"]}}],"collection":[{"href":"https:\/\/blogs.fu-berlin.de\/index.php?rest_route=\/wp\/v2\/posts"}],"about":[{"href":"https:\/\/blogs.fu-berlin.de\/index.php?rest_route=\/wp\/v2\/types\/post"}],"author":[{"embeddable":true,"href":"https:\/\/blogs.fu-berlin.de\/index.php?rest_route=\/wp\/v2\/users\/5"}],"replies":[{"embeddable":true,"href":"https:\/\/blogs.fu-berlin.de\/index.php?rest_route=%2Fwp%2Fv2%2Fcomments&post=887"}],"version-history":[{"count":6,"href":"https:\/\/blogs.fu-berlin.de\/index.php?rest_route=\/wp\/v2\/posts\/887\/revisions"}],"predecessor-version":[{"id":2463,"href":"https:\/\/blogs.fu-berlin.de\/index.php?rest_route=\/wp\/v2\/posts\/887\/revisions\/2463"}],"wp:attachment":[{"href":"https:\/\/blogs.fu-berlin.de\/index.php?rest_route=%2Fwp%2Fv2%2Fmedia&parent=887"}],"wp:term":[{"taxonomy":"category","embeddable":true,"href":"https:\/\/blogs.fu-berlin.de\/index.php?rest_route=%2Fwp%2Fv2%2Fcategories&post=887"},{"taxonomy":"post_tag","embeddable":true,"href":"https:\/\/blogs.fu-berlin.de\/index.php?rest_route=%2Fwp%2Fv2%2Ftags&post=887"}],"curies":[{"name":"wp","href":"https:\/\/api.w.org\/{rel}","templated":true}]}}