{"id":290,"date":"2016-01-25T11:59:06","date_gmt":"2016-01-25T10:59:06","guid":{"rendered":"https:\/\/blogs.fu-berlin.de\/inequalitics\/?p=290"},"modified":"2016-02-09T21:40:54","modified_gmt":"2016-02-09T20:40:54","slug":"atlas-der-einkommensungleichheit","status":"publish","type":"post","link":"https:\/\/blogs.fu-berlin.de\/inequalitics\/2016\/01\/25\/atlas-der-einkommensungleichheit\/","title":{"rendered":"Atlas der Einkommensungleichheit"},"content":{"rendered":"<h3>Eine unsichtbare Mauer trennt das Land<\/h3>\n<p style=\"text-align: justify\">Im vergangenen Jahr wurde zum 25. Mal der Fall der Berliner Mauer gefeiert. Eine spektakul\u00e4re <a href=\"https:\/\/www.berlin.de\/events\/3236446-2229501-lichtinstallation-25-jahre-fall-der-berl.html\" target=\"_blank\">Installation aus illuminierten Ballons<\/a> lie\u00df die Betonmauer noch einmal f\u00fcr ein paar Stunden auferstehen. Trotz der beeindruckenden Bilder\u00a0waren am Ende wohl dennoch alle froh, als das trennende Monument im Nachthimmel verschwand. Doch eine Mauer ist geblieben: die unsichtbare Mauer zwischen den Einkommen in\u00a0Ost- und Westdeutschland.<\/p>\n<div id=\"attachment_317\" style=\"width: 676px\" class=\"wp-caption aligncenter\"><a href=\"https:\/\/blogs.fu-berlin.de\/inequalitics\/files\/2016\/01\/Lichtgrenze-25-Jahre-Mauerfall26.jpg\"><img loading=\"lazy\" decoding=\"async\" aria-describedby=\"caption-attachment-317\" class=\"size-full wp-image-317\" src=\"https:\/\/blogs.fu-berlin.de\/inequalitics\/files\/2016\/01\/Lichtgrenze-25-Jahre-Mauerfall26.jpg\" alt=\"Foto: Soeren Stache\/dpa\" width=\"666\" height=\"332\" srcset=\"https:\/\/blogs.fu-berlin.de\/inequalitics\/files\/2016\/01\/Lichtgrenze-25-Jahre-Mauerfall26.jpg 666w, https:\/\/blogs.fu-berlin.de\/inequalitics\/files\/2016\/01\/Lichtgrenze-25-Jahre-Mauerfall26-300x150.jpg 300w\" sizes=\"auto, (max-width: 666px) 100vw, 666px\" \/><\/a><p id=\"caption-attachment-317\" class=\"wp-caption-text\">Foto: Soeren Stache\/dpa<\/p><\/div>\n<p style=\"text-align: justify\"><!--more--><\/p>\n<p style=\"text-align: justify\">In einem Projekt f\u00fcr das <a href=\"https:\/\/www.boeckler.de\/wsi_47204.htm\" target=\"_blank\">Wirtschafts- und Sozialwissenschaftliche Institut (WSI)<\/a> der Hans-B\u00f6ckler-Stiftung habe ich mir mithilfe der Daten des <a href=\"https:\/\/www.diw.de\/de\/soep\" target=\"_blank\">Sozio-\u00f6konomischen Panels (SOEP)<\/a> die Entwicklung der personellen Einkommensverteilung in Deutschland f\u00fcr die Jahre\u00a0 2001 bis 2012 angeschaut. Die Ergebnisse sind in einem <a href=\"https:\/\/www.boeckler.de\/61711.htm\" target=\"_blank\">interaktiven Atlas<\/a> dargestellt und sie zeichnen ein eindeutiges Bild: In den vergangenen Jahren sind die Einkommensunterschiede zwischen\u00a0den alten und neuen L\u00e4ndern unver\u00e4ndert gro\u00df geblieben. Der Osten hinkt dem Westen hinterher.<\/p>\n<p style=\"text-align: justify\">In Abbildung 1 zeigt sich, dass die durchschnittlichen bedarfsgewichteten und inflationsbereinigten Nettoeinkommen der Personen in Privathaushalten in den neuen L\u00e4ndern deutlich unterhalb der Nettoeinkommen in den alten L\u00e4ndern liegen. Die Differenz variiert dabei relativ konstant zwischen 4000 und 5000 Euro im Jahr, wobei das Niveau der Durchschnittseinkommen im Osten bei\u00a0ca. 80% des westdeutschen Niveaus verharrt.<\/p>\n<h5 class=\"mceTemp\">Abbildung 1: Durchschnittliche Nettoeinkommen Ost\/West (in Euro)<\/h5>\n<dl id=\"attachment_323\" class=\"wp-caption aligncenter\" style=\"width: 560px\">\n<dt class=\"wp-caption-dt\"><a href=\"https:\/\/blogs.fu-berlin.de\/inequalitics\/files\/2016\/01\/Abbildung1-e1453735589447.png\"><img loading=\"lazy\" decoding=\"async\" class=\"size-full wp-image-323\" src=\"https:\/\/blogs.fu-berlin.de\/inequalitics\/files\/2016\/01\/Abbildung1-e1453735589447.png\" alt=\"Abbildung 1: Durchschnittliche Nettoeinkommen Ost\/West (in Euro); Quelle: SOEP v30, eigene Berechnungen.\" width=\"550\" height=\"367\" \/><\/a><\/dt>\n<\/dl>\n<h5 class=\"mceTemp\">Quelle: SOEP v30, eigene Berechnungen.<\/h5>\n<p style=\"text-align: justify\">Diese Unterschiede spiegeln sich ebenso auf Ebene der einzelnen Bundesl\u00e4nder wider. Abbildung 2 zeigt jeweils die drei Bundesl\u00e4nder mit den h\u00f6chsten und geringsten durchschnittlichen Nettoeinkommen im Zeitverlauf. Das klare Ergebnis: die h\u00f6chsten Durchschnittseinkommen sind durchg\u00e4ngig in den alten L\u00e4ndern zu beobachten, bspw. in Bayern, Baden-W\u00fcrttemberg oder Hessen. Die Schlusslichter sind\u00a0ausschlie\u00dflich neue L\u00e4nder wie Th\u00fcringen, Sachsen, oder Sachsen-Anhalt. Betrachtet man die verf\u00fcgbaren Medianeinkommen (mittleren Einkommen), die sich robuster gegen\u00fcber Extremwerten verhalten, so sind die Unterschiede weniger gravierend, aber weiterhin\u00a0vorhanden.<\/p>\n<h5 style=\"text-align: justify\">Abbildung 2: Durchschnittliche Nettoeinkommen Bundesl\u00e4nder (in Euro)<\/h5>\n<p><a href=\"https:\/\/blogs.fu-berlin.de\/inequalitics\/files\/2016\/01\/Abbildung2-e1453735605760.png\"><img loading=\"lazy\" decoding=\"async\" class=\"size-full wp-image-324\" src=\"https:\/\/blogs.fu-berlin.de\/inequalitics\/files\/2016\/01\/Abbildung2-e1453735605760.png\" alt=\"Abbildung 2: Durchschnittliche Nettoeinkommen Bundesl\u00e4nder (in Euro); Quelle: SOEP v30, eigene Berechnungen.\" width=\"550\" height=\"315\" \/><\/a><\/p>\n<h5 style=\"text-align: justify\">Quelle: SOEP v30, eigene Berechnungen.<\/h5>\n<p style=\"text-align: justify\">Wer sich nun fragt, wie sich die Einkommensungleichheit auf Landes- oder auch Bundesebene\u00a0entwickelt hat, der sei auf den<\/p>\n<p style=\"text-align: center\"><a href=\"https:\/\/www.boeckler.de\/61711.htm\" target=\"_blank\">Atlas der Einkommensungleichheit<\/a><\/p>\n<p style=\"text-align: justify\">verwiesen. Dort finden sich au\u00dferdem weiterf\u00fchrende Begriffserkl\u00e4rungen und Erl\u00e4uterungen zu den Daten und der Methodik. Zus\u00e4tzlich stehen dort alle Daten mit zus\u00e4tzlichen Berechnungen wie Konfidenzintervallen zum Download zur Verf\u00fcgung.<\/p>\n<p><a href=\"https:\/\/blogs.fu-berlin.de\/inequalitics\/files\/2016\/01\/Atlas-Preview.png\"><img loading=\"lazy\" decoding=\"async\" class=\"size-full wp-image-327\" src=\"https:\/\/blogs.fu-berlin.de\/inequalitics\/files\/2016\/01\/Atlas-Preview.png\" alt=\"Atlas der Einkommensungleichheit\" width=\"550\" height=\"514\" srcset=\"https:\/\/blogs.fu-berlin.de\/inequalitics\/files\/2016\/01\/Atlas-Preview.png 550w, https:\/\/blogs.fu-berlin.de\/inequalitics\/files\/2016\/01\/Atlas-Preview-300x280.png 300w\" sizes=\"auto, (max-width: 550px) 100vw, 550px\" \/><\/a><\/p>\n<p style=\"text-align: justify\"><em>Der Atlas der Einkommensungleichheit wurde im Rahmen des von der HBS gef\u00f6rderten Forschungsprojekts\u00a02014-766-4 erarbeitet.<\/em><\/p>\n","protected":false},"excerpt":{"rendered":"<p>Eine unsichtbare Mauer trennt das Land Im vergangenen Jahr wurde zum 25. Mal der Fall der Berliner Mauer gefeiert. Eine spektakul\u00e4re Installation aus illuminierten Ballons lie\u00df die Betonmauer noch einmal f\u00fcr ein paar Stunden auferstehen. Trotz der beeindruckenden Bilder\u00a0waren am Ende wohl dennoch alle froh, als das trennende Monument im Nachthimmel verschwand. Doch eine Mauer [&hellip;]<\/p>\n","protected":false},"author":1662,"featured_media":0,"comment_status":"open","ping_status":"open","sticky":false,"template":"","format":"standard","meta":{"footnotes":""},"categories":[9,17017,16964,17012],"tags":[17007,17006,916,17010,17009,16965],"class_list":["post-290","post","type-post","status-publish","format-standard","hentry","category-allgemein","category-atlas-der-einkommensungleichheit","category-einkommensverteilung","category-ungleichheit","tag-alte-und-neue-bundeslaender","tag-atlas-der-einkommensungleichheit","tag-deutschland","tag-einkommensverteilung","tag-nettoeinkommen","tag-ungleichheit"],"_links":{"self":[{"href":"https:\/\/blogs.fu-berlin.de\/inequalitics\/wp-json\/wp\/v2\/posts\/290","targetHints":{"allow":["GET"]}}],"collection":[{"href":"https:\/\/blogs.fu-berlin.de\/inequalitics\/wp-json\/wp\/v2\/posts"}],"about":[{"href":"https:\/\/blogs.fu-berlin.de\/inequalitics\/wp-json\/wp\/v2\/types\/post"}],"author":[{"embeddable":true,"href":"https:\/\/blogs.fu-berlin.de\/inequalitics\/wp-json\/wp\/v2\/users\/1662"}],"replies":[{"embeddable":true,"href":"https:\/\/blogs.fu-berlin.de\/inequalitics\/wp-json\/wp\/v2\/comments?post=290"}],"version-history":[{"count":31,"href":"https:\/\/blogs.fu-berlin.de\/inequalitics\/wp-json\/wp\/v2\/posts\/290\/revisions"}],"predecessor-version":[{"id":333,"href":"https:\/\/blogs.fu-berlin.de\/inequalitics\/wp-json\/wp\/v2\/posts\/290\/revisions\/333"}],"wp:attachment":[{"href":"https:\/\/blogs.fu-berlin.de\/inequalitics\/wp-json\/wp\/v2\/media?parent=290"}],"wp:term":[{"taxonomy":"category","embeddable":true,"href":"https:\/\/blogs.fu-berlin.de\/inequalitics\/wp-json\/wp\/v2\/categories?post=290"},{"taxonomy":"post_tag","embeddable":true,"href":"https:\/\/blogs.fu-berlin.de\/inequalitics\/wp-json\/wp\/v2\/tags?post=290"}],"curies":[{"name":"wp","href":"https:\/\/api.w.org\/{rel}","templated":true}]}}