{"id":240,"date":"2015-01-20T12:55:02","date_gmt":"2015-01-20T12:55:02","guid":{"rendered":"https:\/\/blogs.fu-berlin.de\/itunesu\/?p=240"},"modified":"2015-01-20T14:38:57","modified_gmt":"2015-01-20T14:38:57","slug":"freiheitspreise-der-freien-universitaet-auszeichnungen-2013-und-2014-online","status":"publish","type":"post","link":"https:\/\/blogs.fu-berlin.de\/itunesu\/2015\/01\/20\/freiheitspreise-der-freien-universitaet-auszeichnungen-2013-und-2014-online\/","title":{"rendered":"Freiheitspreise der Freien Universit\u00e4t &#8211; Auszeichnungen 2013 und 2014 online"},"content":{"rendered":"<p><a href=\"https:\/\/blogs.fu-berlin.de\/itunesu\/files\/2015\/01\/itunesu_kategorien-bilder_freiheitspreis1.jpg\"><img loading=\"lazy\" decoding=\"async\" class=\"alignleft wp-image-249 size-thumbnail\" src=\"https:\/\/blogs.fu-berlin.de\/itunesu\/files\/2015\/01\/itunesu_kategorien-bilder_freiheitspreis1-150x150.jpg\" alt=\"itunesu_kategorien-bilder_freiheitspreis1\" width=\"150\" height=\"150\" srcset=\"https:\/\/blogs.fu-berlin.de\/itunesu\/files\/2015\/01\/itunesu_kategorien-bilder_freiheitspreis1-150x150.jpg 150w, https:\/\/blogs.fu-berlin.de\/itunesu\/files\/2015\/01\/itunesu_kategorien-bilder_freiheitspreis1-300x300.jpg 300w, https:\/\/blogs.fu-berlin.de\/itunesu\/files\/2015\/01\/itunesu_kategorien-bilder_freiheitspreis1.jpg 600w\" sizes=\"auto, (max-width: 150px) 85vw, 150px\" \/><\/a>Die Stabsstelle <a href=\"https:\/\/www.fu-berlin.de\/einrichtungen\/organe\/praesidium\/pressestelle\/\" target=\"_blank\">Presse und Kommunikation<\/a> der Freien Universit\u00e4t Berlin hat die Verleihungen der <a href=\"https:\/\/www.fu-berlin.de\/sites\/freiheitspreis\/index.html\" target=\"_blank\">Freiheitspreise<\/a> der Jahre 2013 und 2014 im entsprechenden Channel auf &#8220;Freie Universit\u00e4t Berlin on iTunes U&#8221; sowie im AV-Portal der Freien Universit\u00e4t durch CeDiS produzieren und ver\u00f6ffentlichen lassen.<\/p>\n<p>Zur\u00fcckgehend auf die Initiative Center for Area Studies zeichnet die Freie Universit\u00e4t mit dem internationalen Freiheitspreis Personen von weltweiter Bedeutung aus, die sich in politischem, gesellschaftlichen oder wissenschaftlichen Kontext um Freiheit verdient gemacht haben. Im Jahr 2013 erhielt Daniel Barenboim diesen Preis, 2014 wurde Carla del Ponte damit geehrt.<\/p>\n<p>Hier kommen Sie direkt zu diesen Filmen im <a href=\"https:\/\/av-portal.fu-berlin.de\/itunesu\/pk\/4\" target=\"_blank\">FU AV-Portal<\/a>.<\/p>\n<p>Auf &#8220;<a href=\"https:\/\/itunes.apple.com\/de\/institution\/freie-universitat-berlin\/id612446843\" target=\"_blank\">Freie Universit\u00e4t Berlin on iTunes U<\/a>&#8221; k\u00f6nnen Sie diesen neuen Feed ebenfalls aufrufen (vorherige Installation der Software iTunes notwendig!)<\/p>\n","protected":false},"excerpt":{"rendered":"<p>Die Stabsstelle Presse und Kommunikation der Freien Universit\u00e4t Berlin hat die Verleihungen der Freiheitspreise der Jahre 2013 und 2014 im entsprechenden Channel auf &#8220;Freie Universit\u00e4t Berlin on iTunes U&#8221; sowie im AV-Portal der Freien Universit\u00e4t durch CeDiS produzieren und ver\u00f6ffentlichen lassen. Zur\u00fcckgehend auf die Initiative Center for Area Studies zeichnet die Freie Universit\u00e4t mit dem &hellip; <a href=\"https:\/\/blogs.fu-berlin.de\/itunesu\/2015\/01\/20\/freiheitspreise-der-freien-universitaet-auszeichnungen-2013-und-2014-online\/\" class=\"more-link\">Continue reading<span class=\"screen-reader-text\"> &#8220;Freiheitspreise der Freien Universit\u00e4t &#8211; Auszeichnungen 2013 und 2014 online&#8221;<\/span><\/a><\/p>\n","protected":false},"author":534,"featured_media":0,"comment_status":"open","ping_status":"closed","sticky":false,"template":"","format":"standard","meta":{"footnotes":""},"categories":[9,15097,1257],"tags":[924],"class_list":["post-240","post","type-post","status-publish","format-standard","hentry","category-allgemein","category-bereitstellung-von-inhalten","category-neuigkeiten","tag-freiheitspreis"],"_links":{"self":[{"href":"https:\/\/blogs.fu-berlin.de\/itunesu\/wp-json\/wp\/v2\/posts\/240","targetHints":{"allow":["GET"]}}],"collection":[{"href":"https:\/\/blogs.fu-berlin.de\/itunesu\/wp-json\/wp\/v2\/posts"}],"about":[{"href":"https:\/\/blogs.fu-berlin.de\/itunesu\/wp-json\/wp\/v2\/types\/post"}],"author":[{"embeddable":true,"href":"https:\/\/blogs.fu-berlin.de\/itunesu\/wp-json\/wp\/v2\/users\/534"}],"replies":[{"embeddable":true,"href":"https:\/\/blogs.fu-berlin.de\/itunesu\/wp-json\/wp\/v2\/comments?post=240"}],"version-history":[{"count":5,"href":"https:\/\/blogs.fu-berlin.de\/itunesu\/wp-json\/wp\/v2\/posts\/240\/revisions"}],"predecessor-version":[{"id":251,"href":"https:\/\/blogs.fu-berlin.de\/itunesu\/wp-json\/wp\/v2\/posts\/240\/revisions\/251"}],"wp:attachment":[{"href":"https:\/\/blogs.fu-berlin.de\/itunesu\/wp-json\/wp\/v2\/media?parent=240"}],"wp:term":[{"taxonomy":"category","embeddable":true,"href":"https:\/\/blogs.fu-berlin.de\/itunesu\/wp-json\/wp\/v2\/categories?post=240"},{"taxonomy":"post_tag","embeddable":true,"href":"https:\/\/blogs.fu-berlin.de\/itunesu\/wp-json\/wp\/v2\/tags?post=240"}],"curies":[{"name":"wp","href":"https:\/\/api.w.org\/{rel}","templated":true}]}}