{"id":245,"date":"2015-01-20T14:37:31","date_gmt":"2015-01-20T14:37:31","guid":{"rendered":"https:\/\/blogs.fu-berlin.de\/itunesu\/?p=245"},"modified":"2015-01-20T14:39:10","modified_gmt":"2015-01-20T14:39:10","slug":"neuer-cemog-channel-publiziert","status":"publish","type":"post","link":"https:\/\/blogs.fu-berlin.de\/itunesu\/2015\/01\/20\/neuer-cemog-channel-publiziert\/","title":{"rendered":"Neuer CeMoG-Channel publiziert"},"content":{"rendered":"<p><a href=\"https:\/\/blogs.fu-berlin.de\/itunesu\/files\/2015\/01\/cemog_web_sozmed.jpg\"><img loading=\"lazy\" decoding=\"async\" class=\"alignright wp-image-247 size-full\" src=\"https:\/\/blogs.fu-berlin.de\/itunesu\/files\/2015\/01\/cemog_web_sozmed.jpg\" alt=\"cemog_web_sozmed\" width=\"180\" height=\"272\" \/><\/a>Das <a href=\"https:\/\/www.cemog.fu-berlin.de\/\" target=\"_blank\">Centrum Modernes Griechenland<\/a> an der Freien Universit\u00e4t hat im Bereich &#8220;Information und Kommunikation&#8221; des zentralen Hochschulauftritts &#8220;Freie Universit\u00e4t Berlin on iTunes U&#8221; sowie dem FU AV-Portal einen neuen und eigenen Channel!<\/p>\n<p>Dort werden die Filme aus der <a href=\"https:\/\/www.cemog.fu-berlin.de\/aktivitaeten\/mediathek\/index.html\" target=\"_blank\">CeMoG-Mediathek<\/a> \u00fcber diese beiden zus\u00e4tzlichen Kan\u00e4le publiziert, aktuell sind dort die Aufzeichnungen ausgew\u00e4hlter Veranstaltungen zu finden.<\/p>\n<p>Au\u00dferdem weist die zentrale CeMoG-Webpr\u00e4senz den direkten Verweis auf die Verkn\u00fcpfung mit den Sozialen Medien auf (siehe Ausschnitt der Homepage hier auf der rechten Seite), den Sie gerne als visuelle Referenz f\u00fcr m\u00f6gliche eigene Verweise \u00fcber die &#8220;Social Media Box&#8221; nutzen k\u00f6nnen.<\/p>\n<p>Der Schriftzug &#8220;Freie Universit\u00e4t Berlin on iTunes U&#8221; ist immer vollst\u00e4ndig und in dieser Schreibweise zu verwenden, gerne senden wir Ihnen das hier verwendete Bild f\u00fcr die direkte Verlinkung auf &#8220;Freie Universit\u00e4t Berlin on iTunes U&#8221; &#8211; bitte kontaktieren Sie uns: itunesu@cedis.fu-berlin.de.<\/p>\n","protected":false},"excerpt":{"rendered":"<p>Das Centrum Modernes Griechenland an der Freien Universit\u00e4t hat im Bereich &#8220;Information und Kommunikation&#8221; des zentralen Hochschulauftritts &#8220;Freie Universit\u00e4t Berlin on iTunes U&#8221; sowie dem FU AV-Portal einen neuen und eigenen Channel! Dort werden die Filme aus der CeMoG-Mediathek \u00fcber diese beiden zus\u00e4tzlichen Kan\u00e4le publiziert, aktuell sind dort die Aufzeichnungen ausgew\u00e4hlter Veranstaltungen zu finden. Au\u00dferdem &hellip; <a href=\"https:\/\/blogs.fu-berlin.de\/itunesu\/2015\/01\/20\/neuer-cemog-channel-publiziert\/\" class=\"more-link\">Continue reading<span class=\"screen-reader-text\"> &#8220;Neuer CeMoG-Channel publiziert&#8221;<\/span><\/a><\/p>\n","protected":false},"author":534,"featured_media":0,"comment_status":"open","ping_status":"closed","sticky":false,"template":"","format":"standard","meta":{"footnotes":""},"categories":[9,15097,1257],"tags":[],"class_list":["post-245","post","type-post","status-publish","format-standard","hentry","category-allgemein","category-bereitstellung-von-inhalten","category-neuigkeiten"],"_links":{"self":[{"href":"https:\/\/blogs.fu-berlin.de\/itunesu\/wp-json\/wp\/v2\/posts\/245","targetHints":{"allow":["GET"]}}],"collection":[{"href":"https:\/\/blogs.fu-berlin.de\/itunesu\/wp-json\/wp\/v2\/posts"}],"about":[{"href":"https:\/\/blogs.fu-berlin.de\/itunesu\/wp-json\/wp\/v2\/types\/post"}],"author":[{"embeddable":true,"href":"https:\/\/blogs.fu-berlin.de\/itunesu\/wp-json\/wp\/v2\/users\/534"}],"replies":[{"embeddable":true,"href":"https:\/\/blogs.fu-berlin.de\/itunesu\/wp-json\/wp\/v2\/comments?post=245"}],"version-history":[{"count":1,"href":"https:\/\/blogs.fu-berlin.de\/itunesu\/wp-json\/wp\/v2\/posts\/245\/revisions"}],"predecessor-version":[{"id":248,"href":"https:\/\/blogs.fu-berlin.de\/itunesu\/wp-json\/wp\/v2\/posts\/245\/revisions\/248"}],"wp:attachment":[{"href":"https:\/\/blogs.fu-berlin.de\/itunesu\/wp-json\/wp\/v2\/media?parent=245"}],"wp:term":[{"taxonomy":"category","embeddable":true,"href":"https:\/\/blogs.fu-berlin.de\/itunesu\/wp-json\/wp\/v2\/categories?post=245"},{"taxonomy":"post_tag","embeddable":true,"href":"https:\/\/blogs.fu-berlin.de\/itunesu\/wp-json\/wp\/v2\/tags?post=245"}],"curies":[{"name":"wp","href":"https:\/\/api.w.org\/{rel}","templated":true}]}}