{"id":264,"date":"2015-03-10T08:27:14","date_gmt":"2015-03-10T08:27:14","guid":{"rendered":"https:\/\/blogs.fu-berlin.de\/itunesu\/?p=264"},"modified":"2018-03-09T14:30:14","modified_gmt":"2018-03-09T14:30:14","slug":"video-des-monats-november-2014","status":"publish","type":"post","link":"https:\/\/blogs.fu-berlin.de\/itunesu\/2015\/03\/10\/video-des-monats-november-2014\/","title":{"rendered":"Video des Monats November 2014"},"content":{"rendered":"\n<div id=\"fuplayer_1520605780174_container\" class=\"fu-player fu-player-playlist fuplayer-container\" style=\"undefined\"><span><script type=\"text\/javascript\">var n = document.createElement(\"div\"), c = document.getElementById(\"fuplayer_1520605780174_container\"); n.innerHTML = \"<video data-bind=\\\"attr: {id : config().uniqueID, width: config().playerWidth, height: config().playerHeight}\\\" class=\\\"video-js vjs-default-skin vjs-fluid\\\" controls=\\\"\\\" preload=\\\"none\\\" webkit-playsinline=\\\"webkit-playsinline\\\" id=\\\"fuplayer_1520605780174\\\" width=\\\"640px\\\" height=\\\"360px\\\"><span class=\\\"vjs-no-js\\\">To view this video please enable JavaScript, and consider upgrading to a web browser that supports HTML5 video<\/span><\/video>\"; c.insertBefore(n.childNodes[0], c.childNodes[0]);<\/script><script type=\"text\/javascript\" data-bind=\"text: configString\">var fuplayer_1520605780174 = {\"uniqueID\":\"fuplayer_1520605780174\",\"videos\":[],\"liveui\":\"false\",\"playerSize\":\"auto\",\"playerAspectRatio\":\"16:9\",\"autoPlayNext\":undefined,\"playerWidth\":\"640px\",\"playerHeight\":\"360px\"};\n        jQuery(function() {\n          jQuery(\".wp-advanced-player-placeholder\").hide();\n          jQuery(\".wp-advancedPlaylist\").show();  \n          FUEXP.enhance_config_videos(fuplayer_1520605780174, \"1\", \"https:\/\/medien.cedis.fu-berlin.de\/institut_futur\/eew\/interview_PISA_2014.mp4\", \"https:\/\/medien.cedis.fu-berlin.de\/html5\/sets\/poster\/fub_16_9_720_poster.jpg\", \"\", \"\", \"Einf%C3%BChrung%20in%20die%20Erziehungswissenschaft\", \"\", \"%C2%A9%202018%20Freie%20Universit%C3%A4t%20Berlin\"); \n          videojs(\"fuplayer_1520605780174\").advancedPlaylist(fuplayer_1520605780174);\n        });\n        videojs(\"fuplayer_1520605780174\");if (videojs(\"fuplayer_1520605780174\").hasPlugin(\"errors\"))videojs(\"fuplayer_1520605780174\").errors();\n        if (\"false\" && videojs(\"fuplayer_1520605780174\").hasPlugin(\"seekButtons\"))videojs(\"fuplayer_1520605780174\").seekButtons({forward:30,back:10});\n        if (videojs(\"fuplayer_1520605780174\").hasPlugin(\"perSourceBehaviors\"))videojs(\"fuplayer_1520605780174\").perSourceBehaviors();\n        <\/script><span id=\"mce_marker\" data-mce-type=\"bookmark\" data-mce-fragment=\"1\"><\/span><\/span><\/div>\n<p>Im Rahmen des zweiten Durchlaufs der Online-Vorlesung \u201eEinf\u00fchrung in die Erziehungswissenschaft\u201c wurde zus\u00e4tzliches Material zur Aktualisierung der Lehrinhalte erstellt. Hierf\u00fcr wurden Interviews aufgezeichnet. Im aktuellen Beispiel erl\u00e4utert Prof. Dr. Gerhard de Haan die neuesten PISA-Ergebnisse und ordnet diese in den Kontext der Vorlesung ein. Weitere Informationen, insbesondere \u00fcber die Veranstaltung und das Lehrformat, finden Sie auf folgenden Websites:<br \/>\n<a href=\"https:\/\/www.ewi-psy.fu-berlin.de\/einrichtungen\/weitere\/institut-futur\/\" target=\"_blank\" rel=\"noopener\">Prof. Gerd de Haan (Institut Futur)<\/a><br \/>\n<a href=\"https:\/\/wikis.fu-berlin.de\/pages\/viewpage.action?pageId=519700767\" target=\"_blank\" rel=\"noopener\">Informationen zur Veranstaltung Einf\u00fchrung in die Erziehungswissenschaft<\/a><br \/>\n<a href=\"https:\/\/www.cedis.fu-berlin.de\/e-learning\/videos-in-der-lehre\/index.html\" target=\"_blank\" rel=\"noopener\">Erl\u00e4uterung und Beratung zum Angebot: Der digitale H\u00f6rsaal: Lehren mit Videos<\/a><\/p>\n<p>F\u00fcr weitere Fragen wenden sie sich bitte an das <a href=\"https:\/\/www.cedis.fu-berlin.de\/av-medien\/index.html\">AV-Team<\/a> von CeDiS.<\/p>\n","protected":false},"excerpt":{"rendered":"<p>Im Rahmen des zweiten Durchlaufs der Online-Vorlesung \u201eEinf\u00fchrung in die Erziehungswissenschaft\u201c wurde zus\u00e4tzliches Material zur Aktualisierung der Lehrinhalte erstellt. Hierf\u00fcr wurden Interviews aufgezeichnet. Im aktuellen Beispiel erl\u00e4utert Prof. Dr. Gerhard de Haan die neuesten PISA-Ergebnisse und ordnet diese in den Kontext der Vorlesung ein. Weitere Informationen, insbesondere \u00fcber die Veranstaltung und das Lehrformat, finden Sie &hellip; <a href=\"https:\/\/blogs.fu-berlin.de\/itunesu\/2015\/03\/10\/video-des-monats-november-2014\/\" class=\"more-link\">Continue reading<span class=\"screen-reader-text\"> &#8220;Video des Monats November 2014&#8221;<\/span><\/a><\/p>\n","protected":false},"author":106,"featured_media":0,"comment_status":"open","ping_status":"closed","sticky":false,"template":"","format":"standard","meta":{"footnotes":""},"categories":[9,15113],"tags":[15110,15104],"class_list":["post-264","post","type-post","status-publish","format-standard","hentry","category-allgemein","category-video-des-monats","tag-av-produktion","tag-neuer-film"],"_links":{"self":[{"href":"https:\/\/blogs.fu-berlin.de\/itunesu\/wp-json\/wp\/v2\/posts\/264","targetHints":{"allow":["GET"]}}],"collection":[{"href":"https:\/\/blogs.fu-berlin.de\/itunesu\/wp-json\/wp\/v2\/posts"}],"about":[{"href":"https:\/\/blogs.fu-berlin.de\/itunesu\/wp-json\/wp\/v2\/types\/post"}],"author":[{"embeddable":true,"href":"https:\/\/blogs.fu-berlin.de\/itunesu\/wp-json\/wp\/v2\/users\/106"}],"replies":[{"embeddable":true,"href":"https:\/\/blogs.fu-berlin.de\/itunesu\/wp-json\/wp\/v2\/comments?post=264"}],"version-history":[{"count":9,"href":"https:\/\/blogs.fu-berlin.de\/itunesu\/wp-json\/wp\/v2\/posts\/264\/revisions"}],"predecessor-version":[{"id":452,"href":"https:\/\/blogs.fu-berlin.de\/itunesu\/wp-json\/wp\/v2\/posts\/264\/revisions\/452"}],"wp:attachment":[{"href":"https:\/\/blogs.fu-berlin.de\/itunesu\/wp-json\/wp\/v2\/media?parent=264"}],"wp:term":[{"taxonomy":"category","embeddable":true,"href":"https:\/\/blogs.fu-berlin.de\/itunesu\/wp-json\/wp\/v2\/categories?post=264"},{"taxonomy":"post_tag","embeddable":true,"href":"https:\/\/blogs.fu-berlin.de\/itunesu\/wp-json\/wp\/v2\/tags?post=264"}],"curies":[{"name":"wp","href":"https:\/\/api.w.org\/{rel}","templated":true}]}}