{"id":286,"date":"2015-03-10T08:27:25","date_gmt":"2015-03-10T08:27:25","guid":{"rendered":"https:\/\/blogs.fu-berlin.de\/itunesu\/?p=286"},"modified":"2018-03-09T14:32:27","modified_gmt":"2018-03-09T14:32:27","slug":"video-des-monats-dezember-2014","status":"publish","type":"post","link":"https:\/\/blogs.fu-berlin.de\/itunesu\/2015\/03\/10\/video-des-monats-dezember-2014\/","title":{"rendered":"Video des Monats Dezember 2014"},"content":{"rendered":"\n<div id=\"fuplayer_1520605725200_container\" class=\"fu-player fu-player-playlist fuplayer-container\" style=\"undefined\"><span><script type=\"text\/javascript\">var n = document.createElement(\"div\"), c = document.getElementById(\"fuplayer_1520605725200_container\"); n.innerHTML = \"<video data-bind=\\\"attr: {id : config().uniqueID, width: config().playerWidth, height: config().playerHeight}\\\" class=\\\"video-js vjs-default-skin vjs-fluid\\\" controls=\\\"\\\" preload=\\\"none\\\" webkit-playsinline=\\\"webkit-playsinline\\\" id=\\\"fuplayer_1520605725200\\\" width=\\\"640px\\\" height=\\\"360px\\\"><span class=\\\"vjs-no-js\\\">To view this video please enable JavaScript, and consider upgrading to a web browser that supports HTML5 video<\/span><\/video>\"; c.insertBefore(n.childNodes[0], c.childNodes[0]);<\/script><script type=\"text\/javascript\" data-bind=\"text: configString\">var fuplayer_1520605725200 = {\"uniqueID\":\"fuplayer_1520605725200\",\"videos\":[],\"liveui\":\"false\",\"playerSize\":\"auto\",\"playerAspectRatio\":\"16:9\",\"autoPlayNext\":undefined,\"playerWidth\":\"640px\",\"playerHeight\":\"360px\"};\n        jQuery(function() {\n          jQuery(\".wp-advanced-player-placeholder\").hide();\n          jQuery(\".wp-advancedPlaylist\").show();  \n          FUEXP.enhance_config_videos(fuplayer_1520605725200, \"1\", \"https:\/\/medien.cedis.fu-berlin.de\/cedis_medien\/projekte\/14_18\/trailer_1914-1918.mp4\", \"https:\/\/medien.cedis.fu-berlin.de\/html5\/sets\/poster\/fub_16_9_720_poster.jpg\", \"\", \"\", \"Enzyklop%C3%A4die%201914-1918%20Online\", \"\", \"%C2%A9%202018%20Freie%20Universit%C3%A4t%20Berlin\"); \n          videojs(\"fuplayer_1520605725200\").advancedPlaylist(fuplayer_1520605725200);\n        });\n        videojs(\"fuplayer_1520605725200\");if (videojs(\"fuplayer_1520605725200\").hasPlugin(\"errors\"))videojs(\"fuplayer_1520605725200\").errors();\n        if (\"false\" && videojs(\"fuplayer_1520605725200\").hasPlugin(\"seekButtons\"))videojs(\"fuplayer_1520605725200\").seekButtons({forward:30,back:10});\n        if (videojs(\"fuplayer_1520605725200\").hasPlugin(\"perSourceBehaviors\"))videojs(\"fuplayer_1520605725200\").perSourceBehaviors();\n        <\/script><span id=\"mce_marker\" data-mce-type=\"bookmark\" data-mce-fragment=\"1\"><\/span><\/span><\/div>\n<p>Die von der DFG gef\u00f6rderte und an der Freien Universit\u00e4t Berlin (FMI und CeDiS) entwickelte Online-Enzyklop\u00e4die ist ein englischsprachiges virtuelles Nachschlagewerk zum Ersten Weltkrieg. Das gemeinsam mit der Bayerischen Staatsbibliothek initiierte Projekt soll einen globalgeschichtlich orientierten \u00dcberblick \u00fcber den Ersten Weltkrieg bieten und die internationale Forschung st\u00e4rker vernetzen. Das Nachschlagewerk 1914-1918-Online soll au\u00dferdem die sich zunehmend internationalisierende Forschung zum Ersten Weltkrieg nicht nur widerspiegeln, sondern durch Identifizierung von L\u00fccken und Desiderata auch entscheidend vorantreiben. Gleichzeitig steht die Entwicklung und Erprobung modellhafter Navigationsverfahren f\u00fcr thematische Wissensr\u00e4ume im Fokus des Projektes. Diese sollen dem Nutzer die Orientierung in komplexen, nichtlinearen Textkonvoluten wie elektronischen Handb\u00fcchern, Enzyklop\u00e4dien und Anthologien erleichtern.<br \/>\nWeitere Informationen auf der Website der <a href=\"https:\/\/www.1914-1918-online.net\/\" target=\"_blank\" rel=\"noopener\">Enzyklop\u00e4die 1914-1918 online<\/a> zu finden.<\/p>\n<p>F\u00fcr weitere Fragen wenden sie sich bitte an das <a href=\"https:\/\/www.cedis.fu-berlin.de\/av-medien\/index.html\">AV-Team<\/a> von CeDiS.<\/p>\n","protected":false},"excerpt":{"rendered":"<p>Die von der DFG gef\u00f6rderte und an der Freien Universit\u00e4t Berlin (FMI und CeDiS) entwickelte Online-Enzyklop\u00e4die ist ein englischsprachiges virtuelles Nachschlagewerk zum Ersten Weltkrieg. Das gemeinsam mit der Bayerischen Staatsbibliothek initiierte Projekt soll einen globalgeschichtlich orientierten \u00dcberblick \u00fcber den Ersten Weltkrieg bieten und die internationale Forschung st\u00e4rker vernetzen. Das Nachschlagewerk 1914-1918-Online soll au\u00dferdem die sich &hellip; <a href=\"https:\/\/blogs.fu-berlin.de\/itunesu\/2015\/03\/10\/video-des-monats-dezember-2014\/\" class=\"more-link\">Continue reading<span class=\"screen-reader-text\"> &#8220;Video des Monats Dezember 2014&#8221;<\/span><\/a><\/p>\n","protected":false},"author":106,"featured_media":0,"comment_status":"open","ping_status":"closed","sticky":false,"template":"","format":"standard","meta":{"footnotes":""},"categories":[9,15113],"tags":[15110],"class_list":["post-286","post","type-post","status-publish","format-standard","hentry","category-allgemein","category-video-des-monats","tag-av-produktion"],"_links":{"self":[{"href":"https:\/\/blogs.fu-berlin.de\/itunesu\/wp-json\/wp\/v2\/posts\/286","targetHints":{"allow":["GET"]}}],"collection":[{"href":"https:\/\/blogs.fu-berlin.de\/itunesu\/wp-json\/wp\/v2\/posts"}],"about":[{"href":"https:\/\/blogs.fu-berlin.de\/itunesu\/wp-json\/wp\/v2\/types\/post"}],"author":[{"embeddable":true,"href":"https:\/\/blogs.fu-berlin.de\/itunesu\/wp-json\/wp\/v2\/users\/106"}],"replies":[{"embeddable":true,"href":"https:\/\/blogs.fu-berlin.de\/itunesu\/wp-json\/wp\/v2\/comments?post=286"}],"version-history":[{"count":10,"href":"https:\/\/blogs.fu-berlin.de\/itunesu\/wp-json\/wp\/v2\/posts\/286\/revisions"}],"predecessor-version":[{"id":455,"href":"https:\/\/blogs.fu-berlin.de\/itunesu\/wp-json\/wp\/v2\/posts\/286\/revisions\/455"}],"wp:attachment":[{"href":"https:\/\/blogs.fu-berlin.de\/itunesu\/wp-json\/wp\/v2\/media?parent=286"}],"wp:term":[{"taxonomy":"category","embeddable":true,"href":"https:\/\/blogs.fu-berlin.de\/itunesu\/wp-json\/wp\/v2\/categories?post=286"},{"taxonomy":"post_tag","embeddable":true,"href":"https:\/\/blogs.fu-berlin.de\/itunesu\/wp-json\/wp\/v2\/tags?post=286"}],"curies":[{"name":"wp","href":"https:\/\/api.w.org\/{rel}","templated":true}]}}