{"id":292,"date":"2015-03-10T08:27:46","date_gmt":"2015-03-10T08:27:46","guid":{"rendered":"https:\/\/blogs.fu-berlin.de\/itunesu\/?p=292"},"modified":"2018-03-09T14:28:18","modified_gmt":"2018-03-09T14:28:18","slug":"video-des-monats-januar-2015","status":"publish","type":"post","link":"https:\/\/blogs.fu-berlin.de\/itunesu\/2015\/03\/10\/video-des-monats-januar-2015\/","title":{"rendered":"Video des Monats Januar 2015"},"content":{"rendered":"\n<div id=\"fuplayer_1520605671647_container\" class=\"fu-player fu-player-playlist fuplayer-container\" style=\"undefined\"><span><script type=\"text\/javascript\">var n = document.createElement(\"div\"), c = document.getElementById(\"fuplayer_1520605671647_container\"); n.innerHTML = \"<video data-bind=\\\"attr: {id : config().uniqueID, width: config().playerWidth, height: config().playerHeight}\\\" class=\\\"video-js vjs-default-skin vjs-fluid\\\" controls=\\\"\\\" preload=\\\"none\\\" webkit-playsinline=\\\"webkit-playsinline\\\" id=\\\"fuplayer_1520605671647\\\" width=\\\"640px\\\" height=\\\"360px\\\"><span class=\\\"vjs-no-js\\\">To view this video please enable JavaScript, and consider upgrading to a web browser that supports HTML5 video<\/span><\/video>\"; c.insertBefore(n.childNodes[0], c.childNodes[0]);<\/script><script type=\"text\/javascript\" data-bind=\"text: configString\">var fuplayer_1520605671647 = {\"uniqueID\":\"fuplayer_1520605671647\",\"videos\":[],\"liveui\":\"false\",\"playerSize\":\"auto\",\"playerAspectRatio\":\"16:9\",\"autoPlayNext\":undefined,\"playerWidth\":\"640px\",\"playerHeight\":\"360px\"};\n        jQuery(function() {\n          jQuery(\".wp-advanced-player-placeholder\").hide();\n          jQuery(\".wp-advancedPlaylist\").show();  \n          FUEXP.enhance_config_videos(fuplayer_1520605671647, \"1\", \"https:\/\/medien.cedis.fu-berlin.de\/cedis_medien\/projekte\/cedis\/beispiele\/wikimedia_glam_on_tour.mp4\", \"https:\/\/medien.cedis.fu-berlin.de\/html5\/sets\/poster\/fub_16_9_720_poster.jpg\", \"\", \"\", \"Projekt%20GLAM\", \"\", \"%C2%A9%202018%20Freie%20Universit%C3%A4t%20Berlin\"); \n          videojs(\"fuplayer_1520605671647\").advancedPlaylist(fuplayer_1520605671647);\n        });\n        videojs(\"fuplayer_1520605671647\");if (videojs(\"fuplayer_1520605671647\").hasPlugin(\"errors\"))videojs(\"fuplayer_1520605671647\").errors();\n        if (\"false\" && videojs(\"fuplayer_1520605671647\").hasPlugin(\"seekButtons\"))videojs(\"fuplayer_1520605671647\").seekButtons({forward:30,back:10});\n        if (videojs(\"fuplayer_1520605671647\").hasPlugin(\"perSourceBehaviors\"))videojs(\"fuplayer_1520605671647\").perSourceBehaviors();\n        <\/script><span id=\"mce_marker\" data-mce-type=\"bookmark\" data-mce-fragment=\"1\"><\/span><\/span><\/div>\n<p>Das Projekt GLAM on Tour f\u00f6rdert die Vernetzung von Wikipedia-Aktiven und Kultureinrichtungen auf lokaler Ebene. \u00dcber das Projekt GLAM on Tour werden in Zusammenarbeit mit den Kultureinrichtungen und Wikimedia Deutschland Sonderf\u00fchrungen, wissenschaftliche Vortr\u00e4ge zu aktuellen Ausstellungen, Fotoexkursionen oder Schreibwerkst\u00e4tten veranstaltet. Dadurch sollen pers\u00f6nliche Beziehungen zwischen Wikipedia-Gruppen und Kulturinstitutionen aufgebaut und gepflegt werden, um langfristige Kooperationen zu erm\u00f6glichen und dazu beizutragen, dass freie Inhalte f\u00fcr die Wikimedia-Projekte entstehen und verbreitet werden. Das Video-Feature dient dazu, dieses Angebot an einem konkreten Beispiel deutlich zu machen.<br \/>\nWeiteres zum Projekt findet sich unter der nachfoglenden Website <a title=\"Glam on Tour - Wikimedia\" href=\"https:\/\/de.wikipedia.org\/wiki\/Wikipedia:GLAMhttps:\/\/\" target=\"_blank\" rel=\"noopener\">GLAM on Tour<\/a>.<\/p>\n<p>F\u00fcr weitere Fragen wenden Sie sich bitte an das <a title=\"CEDiS - AV Medien\" href=\"https:\/\/www.cedis.fu-berlin.de\/av-medien\/\" target=\"_blank\" rel=\"noopener\">AV-Team<\/a> von CeDiS.<\/p>\n","protected":false},"excerpt":{"rendered":"<p>Das Projekt GLAM on Tour f\u00f6rdert die Vernetzung von Wikipedia-Aktiven und Kultureinrichtungen auf lokaler Ebene. \u00dcber das Projekt GLAM on Tour werden in Zusammenarbeit mit den Kultureinrichtungen und Wikimedia Deutschland Sonderf\u00fchrungen, wissenschaftliche Vortr\u00e4ge zu aktuellen Ausstellungen, Fotoexkursionen oder Schreibwerkst\u00e4tten veranstaltet. Dadurch sollen pers\u00f6nliche Beziehungen zwischen Wikipedia-Gruppen und Kulturinstitutionen aufgebaut und gepflegt werden, um langfristige Kooperationen &hellip; <a href=\"https:\/\/blogs.fu-berlin.de\/itunesu\/2015\/03\/10\/video-des-monats-januar-2015\/\" class=\"more-link\">Continue reading<span class=\"screen-reader-text\"> &#8220;Video des Monats Januar 2015&#8221;<\/span><\/a><\/p>\n","protected":false},"author":106,"featured_media":0,"comment_status":"open","ping_status":"closed","sticky":false,"template":"","format":"standard","meta":{"footnotes":""},"categories":[9,15113],"tags":[15110],"class_list":["post-292","post","type-post","status-publish","format-standard","hentry","category-allgemein","category-video-des-monats","tag-av-produktion"],"_links":{"self":[{"href":"https:\/\/blogs.fu-berlin.de\/itunesu\/wp-json\/wp\/v2\/posts\/292","targetHints":{"allow":["GET"]}}],"collection":[{"href":"https:\/\/blogs.fu-berlin.de\/itunesu\/wp-json\/wp\/v2\/posts"}],"about":[{"href":"https:\/\/blogs.fu-berlin.de\/itunesu\/wp-json\/wp\/v2\/types\/post"}],"author":[{"embeddable":true,"href":"https:\/\/blogs.fu-berlin.de\/itunesu\/wp-json\/wp\/v2\/users\/106"}],"replies":[{"embeddable":true,"href":"https:\/\/blogs.fu-berlin.de\/itunesu\/wp-json\/wp\/v2\/comments?post=292"}],"version-history":[{"count":13,"href":"https:\/\/blogs.fu-berlin.de\/itunesu\/wp-json\/wp\/v2\/posts\/292\/revisions"}],"predecessor-version":[{"id":450,"href":"https:\/\/blogs.fu-berlin.de\/itunesu\/wp-json\/wp\/v2\/posts\/292\/revisions\/450"}],"wp:attachment":[{"href":"https:\/\/blogs.fu-berlin.de\/itunesu\/wp-json\/wp\/v2\/media?parent=292"}],"wp:term":[{"taxonomy":"category","embeddable":true,"href":"https:\/\/blogs.fu-berlin.de\/itunesu\/wp-json\/wp\/v2\/categories?post=292"},{"taxonomy":"post_tag","embeddable":true,"href":"https:\/\/blogs.fu-berlin.de\/itunesu\/wp-json\/wp\/v2\/tags?post=292"}],"curies":[{"name":"wp","href":"https:\/\/api.w.org\/{rel}","templated":true}]}}