{"id":347,"date":"2015-03-10T10:36:41","date_gmt":"2015-03-10T10:36:41","guid":{"rendered":"https:\/\/blogs.fu-berlin.de\/itunesu\/?p=347"},"modified":"2018-03-09T14:26:20","modified_gmt":"2018-03-09T14:26:20","slug":"video-des-monats-februar-2015","status":"publish","type":"post","link":"https:\/\/blogs.fu-berlin.de\/itunesu\/2015\/03\/10\/video-des-monats-februar-2015\/","title":{"rendered":"Video des Monats Februar 2015"},"content":{"rendered":"\n<div id=\"fuplayer_1520605545278_container\" class=\"fu-player fu-player-playlist fuplayer-container\" style=\"undefined\"><span><script type=\"text\/javascript\">var n = document.createElement(\"div\"), c = document.getElementById(\"fuplayer_1520605545278_container\"); n.innerHTML = \"<video data-bind=\\\"attr: {id : config().uniqueID, width: config().playerWidth, height: config().playerHeight}\\\" class=\\\"video-js vjs-default-skin vjs-fluid\\\" controls=\\\"\\\" preload=\\\"none\\\" webkit-playsinline=\\\"webkit-playsinline\\\" id=\\\"fuplayer_1520605545278\\\" width=\\\"640px\\\" height=\\\"360px\\\"><span class=\\\"vjs-no-js\\\">To view this video please enable JavaScript, and consider upgrading to a web browser that supports HTML5 video<\/span><\/video>\"; c.insertBefore(n.childNodes[0], c.childNodes[0]);<\/script><script type=\"text\/javascript\" data-bind=\"text: configString\">var fuplayer_1520605545278 = {\"uniqueID\":\"fuplayer_1520605545278\",\"videos\":[],\"liveui\":\"false\",\"playerSize\":\"auto\",\"playerAspectRatio\":\"16:9\",\"autoPlayNext\":undefined,\"playerWidth\":\"640px\",\"playerHeight\":\"360px\"};\n        jQuery(function() {\n          jQuery(\".wp-advanced-player-placeholder\").hide();\n          jQuery(\".wp-advancedPlaylist\").show();  \n          FUEXP.enhance_config_videos(fuplayer_1520605545278, \"1\", \"https:\/\/medien.cedis.fu-berlin.de\/topoi\/uav\/10_airshow.mp4\", \"https:\/\/medien.cedis.fu-berlin.de\/html5\/sets\/poster\/fub_16_9_720_poster.jpg\", \"\", \"\", \"UAV%20(Unmanned%20Arial%20Vehicle)%20-%20Konferenz%20im%20Mai%20%202014\", \"\", \"%C2%A9%202018%20Freie%20Universit%C3%A4t%20Berlin\"); \n          videojs(\"fuplayer_1520605545278\").advancedPlaylist(fuplayer_1520605545278);\n        });\n        videojs(\"fuplayer_1520605545278\");if (videojs(\"fuplayer_1520605545278\").hasPlugin(\"errors\"))videojs(\"fuplayer_1520605545278\").errors();\n        if (\"false\" && videojs(\"fuplayer_1520605545278\").hasPlugin(\"seekButtons\"))videojs(\"fuplayer_1520605545278\").seekButtons({forward:30,back:10});\n        if (videojs(\"fuplayer_1520605545278\").hasPlugin(\"perSourceBehaviors\"))videojs(\"fuplayer_1520605545278\").perSourceBehaviors();\n        <\/script><span id=\"mce_marker\" data-mce-type=\"bookmark\" data-mce-fragment=\"1\"><\/span><\/span><\/div>\n<p>Der Trailer zeigt eine Zusammenfassung des zweiten Tages der UAV (Unmanned Arial Vehicle)-Konferenz im Mai \u00a02014 ausgerichtet vom Exzellenzcluster Topoi an der Freien Universit\u00e4t Berlin. Ziel der Konferenz war die Zusammenf\u00fchrung von Multikopter-Piloten innerhalb der Arch\u00e4ologie und Bauforschung. Der erste Konferenztag besch\u00e4ftigte sich mit Anwendungsbespielen; der zweite pr\u00e4sentierte in einer \u00f6ffentlichen Veranstaltung verschiedene Flugger\u00e4te \u2013 einschlie\u00dflich eines Flugdrachen \u2013 im Thielpark Dahlem.<\/p>\n<p>Die Videos der Konferenz werden als Lehrvideos aufbereitet und mit zus\u00e4tzlichen Materialien (u.a Videos) angereichert.\u00a0 Diese sollen dann in der Folge in der Lehre eingesetzt werden.<\/p>\n<p>Zur\u00a0 <a title=\"UAV Konferenz 2014\" href=\"https:\/\/community.topoi.org\/web\/uav-2014\/&quot;\" target=\"_blank\" rel=\"noopener\">UAV Conference 2014 und weiteren Videos der Konferenz <\/a><\/p>\n<p>F\u00fcr weitere Fragen wenden Sie sich bitte an das <a title=\"CEDiS - AV Medien\" href=\"https:\/\/www.cedis.fu-berlin.de\/av-medien\/\" target=\"_blank\" rel=\"noopener\">AV-Team<\/a> von CeDiS.<\/p>\n","protected":false},"excerpt":{"rendered":"<p>Der Trailer zeigt eine Zusammenfassung des zweiten Tages der UAV (Unmanned Arial Vehicle)-Konferenz im Mai \u00a02014 ausgerichtet vom Exzellenzcluster Topoi an der Freien Universit\u00e4t Berlin. Ziel der Konferenz war die Zusammenf\u00fchrung von Multikopter-Piloten innerhalb der Arch\u00e4ologie und Bauforschung. Der erste Konferenztag besch\u00e4ftigte sich mit Anwendungsbespielen; der zweite pr\u00e4sentierte in einer \u00f6ffentlichen Veranstaltung verschiedene Flugger\u00e4te \u2013 &hellip; <a href=\"https:\/\/blogs.fu-berlin.de\/itunesu\/2015\/03\/10\/video-des-monats-februar-2015\/\" class=\"more-link\">Continue reading<span class=\"screen-reader-text\"> &#8220;Video des Monats Februar 2015&#8221;<\/span><\/a><\/p>\n","protected":false},"author":106,"featured_media":0,"comment_status":"open","ping_status":"closed","sticky":false,"template":"","format":"standard","meta":{"footnotes":""},"categories":[9,15113],"tags":[],"class_list":["post-347","post","type-post","status-publish","format-standard","hentry","category-allgemein","category-video-des-monats"],"_links":{"self":[{"href":"https:\/\/blogs.fu-berlin.de\/itunesu\/wp-json\/wp\/v2\/posts\/347","targetHints":{"allow":["GET"]}}],"collection":[{"href":"https:\/\/blogs.fu-berlin.de\/itunesu\/wp-json\/wp\/v2\/posts"}],"about":[{"href":"https:\/\/blogs.fu-berlin.de\/itunesu\/wp-json\/wp\/v2\/types\/post"}],"author":[{"embeddable":true,"href":"https:\/\/blogs.fu-berlin.de\/itunesu\/wp-json\/wp\/v2\/users\/106"}],"replies":[{"embeddable":true,"href":"https:\/\/blogs.fu-berlin.de\/itunesu\/wp-json\/wp\/v2\/comments?post=347"}],"version-history":[{"count":7,"href":"https:\/\/blogs.fu-berlin.de\/itunesu\/wp-json\/wp\/v2\/posts\/347\/revisions"}],"predecessor-version":[{"id":449,"href":"https:\/\/blogs.fu-berlin.de\/itunesu\/wp-json\/wp\/v2\/posts\/347\/revisions\/449"}],"wp:attachment":[{"href":"https:\/\/blogs.fu-berlin.de\/itunesu\/wp-json\/wp\/v2\/media?parent=347"}],"wp:term":[{"taxonomy":"category","embeddable":true,"href":"https:\/\/blogs.fu-berlin.de\/itunesu\/wp-json\/wp\/v2\/categories?post=347"},{"taxonomy":"post_tag","embeddable":true,"href":"https:\/\/blogs.fu-berlin.de\/itunesu\/wp-json\/wp\/v2\/tags?post=347"}],"curies":[{"name":"wp","href":"https:\/\/api.w.org\/{rel}","templated":true}]}}