{"id":375,"date":"2015-12-08T08:46:34","date_gmt":"2015-12-08T08:46:34","guid":{"rendered":"https:\/\/blogs.fu-berlin.de\/itunesu\/?p=375"},"modified":"2015-12-08T08:48:36","modified_gmt":"2015-12-08T08:48:36","slug":"festrede-des-bundesaussenministers-an-der-freien-universitaet","status":"publish","type":"post","link":"https:\/\/blogs.fu-berlin.de\/itunesu\/2015\/12\/08\/festrede-des-bundesaussenministers-an-der-freien-universitaet\/","title":{"rendered":"Festrede des Bundesau\u00dfenministers an der Freien Universit\u00e4t"},"content":{"rendered":"<p><a href=\"https:\/\/blogs.fu-berlin.de\/itunesu\/files\/2015\/12\/itunesu_kategorien-bild_festrede01.jpg\"><img loading=\"lazy\" decoding=\"async\" class=\"alignleft size-thumbnail wp-image-377\" src=\"https:\/\/blogs.fu-berlin.de\/itunesu\/files\/2015\/12\/itunesu_kategorien-bild_festrede01-150x150.jpg\" alt=\"itunesu_kategorien-bild_festrede01\" width=\"150\" height=\"150\" srcset=\"https:\/\/blogs.fu-berlin.de\/itunesu\/files\/2015\/12\/itunesu_kategorien-bild_festrede01-150x150.jpg 150w, https:\/\/blogs.fu-berlin.de\/itunesu\/files\/2015\/12\/itunesu_kategorien-bild_festrede01-300x300.jpg 300w, https:\/\/blogs.fu-berlin.de\/itunesu\/files\/2015\/12\/itunesu_kategorien-bild_festrede01-1024x1024.jpg 1024w, https:\/\/blogs.fu-berlin.de\/itunesu\/files\/2015\/12\/itunesu_kategorien-bild_festrede01.jpg 1400w\" sizes=\"auto, (max-width: 150px) 85vw, 150px\" \/><\/a>Die Stabsstelle <a href=\"https:\/\/www.fu-berlin.de\/einrichtungen\/organe\/praesidium\/pressestelle\/\" target=\"_blank\">Presse und Kommunikation<\/a> der Freien Universit\u00e4t Berlin hat die Rede des Bundesau\u00dfenministers Frank-Walter Steinmeier am 21. Oktober 2015 an der Freien Universit\u00e4t Berlin aus Anlass der Gr\u00fcndung der Vereinten Nationen vor 70 Jahren im entsprechenden Channel auf &#8220;Freie Universit\u00e4t Berlin on iTunes U&#8221; sowie im AV-Portal der Freien Universit\u00e4t durch CeDiS produzieren und ver\u00f6ffentlichen lassen.<\/p>\n<p>Titel der Festrede lautet: &#8220;Welt aus den Fugen &#8211; Was h\u00e4lt uns zusammen? &#8211; Die internationale Ordnung 70 Jahre nach Gr\u00fcndung der Vereinten Nationen.&#8221;<\/p>\n<p>Die Aufzeichnungen der Festrede &#8211; gegliedert in Begr\u00fc\u00dfung, Vortrag und Diskussion &#8211; sind ab sofort im <a href=\"https:\/\/av-portal.fu-berlin.de\/itunesu\/pk\/4\" target=\"_blank\">FU AV-Portal<\/a> einsehbar.<\/p>\n<p>Auf &#8220;<a href=\"https:\/\/itunes.apple.com\/de\/institution\/freie-universitat-berlin\/id612446843\" target=\"_blank\">Freie Universit\u00e4t Berlin on iTunes U<\/a>&#8221; k\u00f6nnen Sie diesen neuen Feed ebenfalls aufrufen (vorherige Installation der Software iTunes notwendig!)<\/p>\n","protected":false},"excerpt":{"rendered":"<p>Die Stabsstelle Presse und Kommunikation der Freien Universit\u00e4t Berlin hat die Rede des Bundesau\u00dfenministers Frank-Walter Steinmeier am 21. Oktober 2015 an der Freien Universit\u00e4t Berlin aus Anlass der Gr\u00fcndung der Vereinten Nationen vor 70 Jahren im entsprechenden Channel auf &#8220;Freie Universit\u00e4t Berlin on iTunes U&#8221; sowie im AV-Portal der Freien Universit\u00e4t durch CeDiS produzieren und &hellip; <a href=\"https:\/\/blogs.fu-berlin.de\/itunesu\/2015\/12\/08\/festrede-des-bundesaussenministers-an-der-freien-universitaet\/\" class=\"more-link\">Continue reading<span class=\"screen-reader-text\"> &#8220;Festrede des Bundesau\u00dfenministers an der Freien Universit\u00e4t&#8221;<\/span><\/a><\/p>\n","protected":false},"author":534,"featured_media":0,"comment_status":"open","ping_status":"closed","sticky":false,"template":"","format":"standard","meta":{"footnotes":""},"categories":[70],"tags":[],"class_list":["post-375","post","type-post","status-publish","format-standard","hentry","category-veranstaltungen"],"_links":{"self":[{"href":"https:\/\/blogs.fu-berlin.de\/itunesu\/wp-json\/wp\/v2\/posts\/375","targetHints":{"allow":["GET"]}}],"collection":[{"href":"https:\/\/blogs.fu-berlin.de\/itunesu\/wp-json\/wp\/v2\/posts"}],"about":[{"href":"https:\/\/blogs.fu-berlin.de\/itunesu\/wp-json\/wp\/v2\/types\/post"}],"author":[{"embeddable":true,"href":"https:\/\/blogs.fu-berlin.de\/itunesu\/wp-json\/wp\/v2\/users\/534"}],"replies":[{"embeddable":true,"href":"https:\/\/blogs.fu-berlin.de\/itunesu\/wp-json\/wp\/v2\/comments?post=375"}],"version-history":[{"count":3,"href":"https:\/\/blogs.fu-berlin.de\/itunesu\/wp-json\/wp\/v2\/posts\/375\/revisions"}],"predecessor-version":[{"id":403,"href":"https:\/\/blogs.fu-berlin.de\/itunesu\/wp-json\/wp\/v2\/posts\/375\/revisions\/403"}],"wp:attachment":[{"href":"https:\/\/blogs.fu-berlin.de\/itunesu\/wp-json\/wp\/v2\/media?parent=375"}],"wp:term":[{"taxonomy":"category","embeddable":true,"href":"https:\/\/blogs.fu-berlin.de\/itunesu\/wp-json\/wp\/v2\/categories?post=375"},{"taxonomy":"post_tag","embeddable":true,"href":"https:\/\/blogs.fu-berlin.de\/itunesu\/wp-json\/wp\/v2\/tags?post=375"}],"curies":[{"name":"wp","href":"https:\/\/api.w.org\/{rel}","templated":true}]}}