{"id":77,"date":"2014-01-31T10:40:50","date_gmt":"2014-01-31T10:40:50","guid":{"rendered":"https:\/\/blogs.fu-berlin.de\/itunesu\/?p=77"},"modified":"2014-03-28T08:31:54","modified_gmt":"2014-03-28T08:31:54","slug":"einverstaendniserklaerung-fuer-externe-referenten","status":"publish","type":"post","link":"https:\/\/blogs.fu-berlin.de\/itunesu\/2014\/01\/31\/einverstaendniserklaerung-fuer-externe-referenten\/","title":{"rendered":"Einverst\u00e4ndniserkl\u00e4rung f\u00fcr externe Referenten"},"content":{"rendered":"<div>\n<p>Inwiefern m\u00fcssen sich externe Referenten (also nicht FU-Angeh\u00f6rige \/ nicht FU-Lehrende) mit der Bereitstellung einer Aufzeichnung von ihrer Person auf \u201cFreie Universit\u00e4t Berlin on iTunes U\u201d einverstanden erkl\u00e4ren?<\/p>\n<p>Diese Frage wurde in Zusammenarbeit mit dem Rechtsamt wie folgt gekl\u00e4rt:<\/p>\n<p>F\u00fcr externe Referenten bedarf es grunds\u00e4tzlich nicht der Erstellung neuer Nutzungsbedingungen oder Grundregeln f\u00fcr iTunesU. Vielmehr ist es so, dass das Filmmaterial aus einem bestimmten Bereich der Freien Universit\u00e4t Berlin zur Referenzierung auf iTunesU zu CeDiS gelangt. Dieser Bereich \u2013 vielmehr der jeweilige Content-Producer \u2013 ist in diesem Fall auch f\u00fcr die Inhalte verantwortlich. Dieser sollte mit dem jeweiligen Referenten folgende <strong>Vereinbarung<\/strong> treffen:\u00a0 <a href=\"https:\/\/blogs.fu-berlin.de\/cedis-intern\/files\/2014\/01\/Einverst%C3%A4ndnis_iTunesU_Stand27Jan2014.docx\">Einverst\u00e4ndnis_iTunesU_Stand27Jan2014<\/a><\/p>\n<p>Bitte bei Tagungen, Konferenzen o.\u00e4. mit externen Referenten darauf achten, dass die beigef\u00fcgte Erkl\u00e4rung <strong>ausgef\u00fcllt und unterzeichnet<\/strong> wird.<\/p>\n<p><strong>Dokumentation<\/strong>: das Original muss vom &#8220;beauftragenden Bereich&#8221; archiviert werden, ein Scan davon muss an CeDiS.<\/p>\n<\/div>\n","protected":false},"excerpt":{"rendered":"<p>Inwiefern m\u00fcssen sich externe Referenten (also nicht FU-Angeh\u00f6rige \/ nicht FU-Lehrende) mit der Bereitstellung einer Aufzeichnung von ihrer Person auf \u201cFreie Universit\u00e4t Berlin on iTunes U\u201d einverstanden erkl\u00e4ren? Diese Frage wurde in Zusammenarbeit mit dem Rechtsamt wie folgt gekl\u00e4rt: F\u00fcr externe Referenten bedarf es grunds\u00e4tzlich nicht der Erstellung neuer Nutzungsbedingungen oder Grundregeln f\u00fcr iTunesU. Vielmehr &hellip; <a href=\"https:\/\/blogs.fu-berlin.de\/itunesu\/2014\/01\/31\/einverstaendniserklaerung-fuer-externe-referenten\/\" class=\"more-link\">Continue reading<span class=\"screen-reader-text\"> &#8220;Einverst\u00e4ndniserkl\u00e4rung f\u00fcr externe Referenten&#8221;<\/span><\/a><\/p>\n","protected":false},"author":534,"featured_media":0,"comment_status":"open","ping_status":"open","sticky":false,"template":"","format":"standard","meta":{"footnotes":""},"categories":[368],"tags":[15107],"class_list":["post-77","post","type-post","status-publish","format-standard","hentry","category-recht","tag-einverstaendniserklaerung"],"_links":{"self":[{"href":"https:\/\/blogs.fu-berlin.de\/itunesu\/wp-json\/wp\/v2\/posts\/77","targetHints":{"allow":["GET"]}}],"collection":[{"href":"https:\/\/blogs.fu-berlin.de\/itunesu\/wp-json\/wp\/v2\/posts"}],"about":[{"href":"https:\/\/blogs.fu-berlin.de\/itunesu\/wp-json\/wp\/v2\/types\/post"}],"author":[{"embeddable":true,"href":"https:\/\/blogs.fu-berlin.de\/itunesu\/wp-json\/wp\/v2\/users\/534"}],"replies":[{"embeddable":true,"href":"https:\/\/blogs.fu-berlin.de\/itunesu\/wp-json\/wp\/v2\/comments?post=77"}],"version-history":[{"count":4,"href":"https:\/\/blogs.fu-berlin.de\/itunesu\/wp-json\/wp\/v2\/posts\/77\/revisions"}],"predecessor-version":[{"id":81,"href":"https:\/\/blogs.fu-berlin.de\/itunesu\/wp-json\/wp\/v2\/posts\/77\/revisions\/81"}],"wp:attachment":[{"href":"https:\/\/blogs.fu-berlin.de\/itunesu\/wp-json\/wp\/v2\/media?parent=77"}],"wp:term":[{"taxonomy":"category","embeddable":true,"href":"https:\/\/blogs.fu-berlin.de\/itunesu\/wp-json\/wp\/v2\/categories?post=77"},{"taxonomy":"post_tag","embeddable":true,"href":"https:\/\/blogs.fu-berlin.de\/itunesu\/wp-json\/wp\/v2\/tags?post=77"}],"curies":[{"name":"wp","href":"https:\/\/api.w.org\/{rel}","templated":true}]}}