{"id":191,"date":"2013-07-08T22:05:53","date_gmt":"2013-07-08T22:05:53","guid":{"rendered":"https:\/\/blogs.fu-berlin.de\/jfki\/?p=191"},"modified":"2013-07-08T22:07:14","modified_gmt":"2013-07-08T22:07:14","slug":"furios-bespricht-jfki-theaterstucke","status":"publish","type":"post","link":"https:\/\/blogs.fu-berlin.de\/jfki\/furios-bespricht-jfki-theaterstucke\/","title":{"rendered":"FURIOS bespricht JFKI Theaterst\u00fccke"},"content":{"rendered":"<p style=\"text-align: justify\">Das Campusmagazin der FU war bei den Auff\u00fchrungen der Theaterst\u00fccke von\u00a0\u201eThe Poor Ken\u00adne\u00addys\u201c in der vergangenen Woche dabei und offenbar sehr angetan:<\/p>\n<p style=\"text-align: justify\">&#8222;Die Pre\u00admiere der bei\u00adden Ein\u00adak\u00adter am Diens\u00adtag war ein vol\u00adler Erfolg (&#8230;)&#8220;, hei\u00dft es da.<\/p>\n<p style=\"text-align: justify\">F\u00fcr alle die nicht selbst dabei sein konnten, <a href=\"https:\/\/www.furios-campus.de\/2013\/07\/03\/ein-marchenhafter-theaterabend-am-jfk\/\">hier der Link zu der Rezension, inklusive einiger Bilder<\/a>. Au\u00dferdem noch die Info, dass am heutigen Dienstag, sowie am kommenden Donnerstag (also dem 8. und 10. Juli) noch ein weiteres St\u00fcck aufgef\u00fchrt werden wird.<\/p>\n","protected":false},"excerpt":{"rendered":"<p>Das Campusmagazin der FU war bei den Auff\u00fchrungen der Theaterst\u00fccke von\u00a0\u201eThe Poor Ken\u00adne\u00addys\u201c in der vergangenen Woche dabei und offenbar sehr angetan: &#8222;Die Pre\u00admiere der bei\u00adden Ein\u00adak\u00adter am Diens\u00adtag war ein vol\u00adler Erfolg (&#8230;)&#8220;, hei\u00dft es da. F\u00fcr alle die nicht selbst dabei sein konnten, hier der Link zu der Rezension, inklusive einiger Bilder. Au\u00dferdem [&hellip;]<\/p>\n","protected":false},"author":762,"featured_media":0,"comment_status":"open","ping_status":"open","sticky":false,"template":"","format":"standard","meta":{"footnotes":""},"categories":[1834,14576],"tags":[],"class_list":["post-191","post","type-post","status-publish","format-standard","hentry","category-announcements","category-student-life"],"_links":{"self":[{"href":"https:\/\/blogs.fu-berlin.de\/jfki\/wp-json\/wp\/v2\/posts\/191","targetHints":{"allow":["GET"]}}],"collection":[{"href":"https:\/\/blogs.fu-berlin.de\/jfki\/wp-json\/wp\/v2\/posts"}],"about":[{"href":"https:\/\/blogs.fu-berlin.de\/jfki\/wp-json\/wp\/v2\/types\/post"}],"author":[{"embeddable":true,"href":"https:\/\/blogs.fu-berlin.de\/jfki\/wp-json\/wp\/v2\/users\/762"}],"replies":[{"embeddable":true,"href":"https:\/\/blogs.fu-berlin.de\/jfki\/wp-json\/wp\/v2\/comments?post=191"}],"version-history":[{"count":4,"href":"https:\/\/blogs.fu-berlin.de\/jfki\/wp-json\/wp\/v2\/posts\/191\/revisions"}],"predecessor-version":[{"id":194,"href":"https:\/\/blogs.fu-berlin.de\/jfki\/wp-json\/wp\/v2\/posts\/191\/revisions\/194"}],"wp:attachment":[{"href":"https:\/\/blogs.fu-berlin.de\/jfki\/wp-json\/wp\/v2\/media?parent=191"}],"wp:term":[{"taxonomy":"category","embeddable":true,"href":"https:\/\/blogs.fu-berlin.de\/jfki\/wp-json\/wp\/v2\/categories?post=191"},{"taxonomy":"post_tag","embeddable":true,"href":"https:\/\/blogs.fu-berlin.de\/jfki\/wp-json\/wp\/v2\/tags?post=191"}],"curies":[{"name":"wp","href":"https:\/\/api.w.org\/{rel}","templated":true}]}}