{"id":443,"date":"2013-12-10T17:24:26","date_gmt":"2013-12-10T17:24:26","guid":{"rendered":"https:\/\/blogs.fu-berlin.de\/jfki\/?p=443"},"modified":"2013-12-10T17:24:26","modified_gmt":"2013-12-10T17:24:26","slug":"annual-conference-of-the-historians-german-association-of-american-studies","status":"publish","type":"post","link":"https:\/\/blogs.fu-berlin.de\/jfki\/annual-conference-of-the-historians-german-association-of-american-studies\/","title":{"rendered":"Annual Conference of the Historians, German Association of American Studies"},"content":{"rendered":"<p>Date: February 21-23, 2014<\/p>\n<p>Venue: Akademie f\u00fcr politische Bildung, Tutzing<\/p>\n<p>Wir laden alle Interessierten sehr herzlich zur Jahrestagung der Historikerinnen und Historiker der Deutschen Gesellschaft f\u00fcr Amerikastudien ein, die 2014 von Michaela Hampf und Barbara L\u00fcthi (K\u00f6ln) organisiert wird. Die Konferenz tr\u00e4gt den Titel \u201e Military, Security, and Use of Force in U.S. History\u201c und findet vom 21.-23.2.2014 in Tutzing bei M\u00fcnchen statt. Gegenstand der Tagung sind die Wechselbeziehungen und Verflechtungen zwischen bewaffneten Konflikten und verschiedenen Konzeptionen von Sicherheit in der amerikanischen Geschichte. Die etwa 15 Beitr\u00e4ge internationaler Wissenschaftlerinnen und Wissenschaftler beleuchten den Einsatz und die Legitimation staatlicher und nichtstaatlicher Gewalt im Innern und in \u00dcbersee aus der Perspektive der Security Studies, der Neuen Milit\u00e4rgeschichte und der Kulturgeschichte der Gewalt.<\/p>\n<p>Promovierende k\u00f6nnen sich noch zu einem der themenoffenen Workshops anmelden, in denen die Gelegenheit besteht, Promotionsprojekte und andere works in progress in informeller Atmosph\u00e4re vorzustellen und zu diskutieren. Die Konferenzgeb\u00fchr kann erstattet werden. F\u00fcr Fragen und Anmeldung steht Michaela Hampf zur Verf\u00fcgung: hampf@jfki.fu-berlin.de.<\/p>\n<p>Die Konferenz findet in der Akademie f\u00fcr politische Bildung in Tutzing am Starnberger See statt: https:\/\/www.apb-tutzing.de\/.<\/p>\n<p>Weitere Informationen finden Sie auf der Konferenz-Webseite. Anmeldungen bitte bis zum 27.1.2014 an Frau Katja Niederschulte niedersk@uni-koeln.de.<\/p>\n","protected":false},"excerpt":{"rendered":"<p>Date: February 21-23, 2014 Venue: Akademie f\u00fcr politische Bildung, Tutzing Wir laden alle Interessierten sehr herzlich zur Jahrestagung der Historikerinnen und Historiker der Deutschen Gesellschaft f\u00fcr Amerikastudien ein, die 2014 von Michaela Hampf und Barbara L\u00fcthi (K\u00f6ln) organisiert wird. Die Konferenz tr\u00e4gt den Titel \u201e Military, Security, and Use of Force in U.S. History\u201c und [&hellip;]<\/p>\n","protected":false},"author":1588,"featured_media":0,"comment_status":"open","ping_status":"open","sticky":false,"template":"","format":"standard","meta":{"footnotes":""},"categories":[9],"tags":[],"class_list":["post-443","post","type-post","status-publish","format-standard","hentry","category-allgemein"],"_links":{"self":[{"href":"https:\/\/blogs.fu-berlin.de\/jfki\/wp-json\/wp\/v2\/posts\/443","targetHints":{"allow":["GET"]}}],"collection":[{"href":"https:\/\/blogs.fu-berlin.de\/jfki\/wp-json\/wp\/v2\/posts"}],"about":[{"href":"https:\/\/blogs.fu-berlin.de\/jfki\/wp-json\/wp\/v2\/types\/post"}],"author":[{"embeddable":true,"href":"https:\/\/blogs.fu-berlin.de\/jfki\/wp-json\/wp\/v2\/users\/1588"}],"replies":[{"embeddable":true,"href":"https:\/\/blogs.fu-berlin.de\/jfki\/wp-json\/wp\/v2\/comments?post=443"}],"version-history":[{"count":1,"href":"https:\/\/blogs.fu-berlin.de\/jfki\/wp-json\/wp\/v2\/posts\/443\/revisions"}],"predecessor-version":[{"id":459,"href":"https:\/\/blogs.fu-berlin.de\/jfki\/wp-json\/wp\/v2\/posts\/443\/revisions\/459"}],"wp:attachment":[{"href":"https:\/\/blogs.fu-berlin.de\/jfki\/wp-json\/wp\/v2\/media?parent=443"}],"wp:term":[{"taxonomy":"category","embeddable":true,"href":"https:\/\/blogs.fu-berlin.de\/jfki\/wp-json\/wp\/v2\/categories?post=443"},{"taxonomy":"post_tag","embeddable":true,"href":"https:\/\/blogs.fu-berlin.de\/jfki\/wp-json\/wp\/v2\/tags?post=443"}],"curies":[{"name":"wp","href":"https:\/\/api.w.org\/{rel}","templated":true}]}}