{"id":771,"date":"2016-06-10T10:42:23","date_gmt":"2016-06-10T10:42:23","guid":{"rendered":"https:\/\/blogs.fu-berlin.de\/jfki\/?p=771"},"modified":"2016-06-10T10:42:47","modified_gmt":"2016-06-10T10:42:47","slug":"dw-tv-quadriga-trump-vs-clinton","status":"publish","type":"post","link":"https:\/\/blogs.fu-berlin.de\/jfki\/dw-tv-quadriga-trump-vs-clinton\/","title":{"rendered":"DW-TV Quadriga. Trump vs. Clinton."},"content":{"rendered":"<p style=\"text-align: center\">Talk-Runde<\/p>\n<p><a href=\"https:\/\/www.dw.com\/de\/quadriga-trump-vs-clinton-wut-gegen-establishment-2016-06-09\/e-19272747-9801\" target=\"_blank\">DW-TV Quadriga vom 09.06.2016<\/a>.<\/p>\n<h2>Quadriga &#8211; Trump vs Clinton &#8211; Wut gegen Establishment?<\/h2>\n<p class=\"episode_teaser\">Es ist das politische Duell des Jahres. Donald Trump und Hillary Clinton sind die Kandidaten Ihrer Parteien f\u00fcr die amerikanischen Pr\u00e4sidentschaftswahlen.<\/p>\n<p class=\"episode_teaser\"><strong>Irwin Collier <\/strong>ist Amerikaner und Wirtschaftsprofessor an der Freien Universit\u00e4t Berlin.<\/p>\n<p class=\"episode_teaser\"><strong>Malte Lehming <\/strong>ist Leiter der Meinungsseite beim Tagesspiegel.<\/p>\n<p><strong>Sabine M\u00fcller <\/strong>war lange Zeit H\u00f6rfunk-Korrespondentin in Washington.<\/p>\n","protected":false},"excerpt":{"rendered":"<p>Talk-Runde DW-TV Quadriga vom 09.06.2016. Quadriga &#8211; Trump vs Clinton &#8211; Wut gegen Establishment? Es ist das politische Duell des Jahres. Donald Trump und Hillary Clinton sind die Kandidaten Ihrer Parteien f\u00fcr die amerikanischen Pr\u00e4sidentschaftswahlen. Irwin Collier ist Amerikaner und Wirtschaftsprofessor an der Freien Universit\u00e4t Berlin. Malte Lehming ist Leiter der Meinungsseite beim Tagesspiegel. Sabine [&hellip;]<\/p>\n","protected":false},"author":1615,"featured_media":0,"comment_status":"open","ping_status":"closed","sticky":false,"template":"","format":"standard","meta":{"footnotes":""},"categories":[14563,9],"tags":[],"class_list":["post-771","post","type-post","status-publish","format-standard","hentry","category-department-of-economics","category-allgemein"],"_links":{"self":[{"href":"https:\/\/blogs.fu-berlin.de\/jfki\/wp-json\/wp\/v2\/posts\/771","targetHints":{"allow":["GET"]}}],"collection":[{"href":"https:\/\/blogs.fu-berlin.de\/jfki\/wp-json\/wp\/v2\/posts"}],"about":[{"href":"https:\/\/blogs.fu-berlin.de\/jfki\/wp-json\/wp\/v2\/types\/post"}],"author":[{"embeddable":true,"href":"https:\/\/blogs.fu-berlin.de\/jfki\/wp-json\/wp\/v2\/users\/1615"}],"replies":[{"embeddable":true,"href":"https:\/\/blogs.fu-berlin.de\/jfki\/wp-json\/wp\/v2\/comments?post=771"}],"version-history":[{"count":1,"href":"https:\/\/blogs.fu-berlin.de\/jfki\/wp-json\/wp\/v2\/posts\/771\/revisions"}],"predecessor-version":[{"id":772,"href":"https:\/\/blogs.fu-berlin.de\/jfki\/wp-json\/wp\/v2\/posts\/771\/revisions\/772"}],"wp:attachment":[{"href":"https:\/\/blogs.fu-berlin.de\/jfki\/wp-json\/wp\/v2\/media?parent=771"}],"wp:term":[{"taxonomy":"category","embeddable":true,"href":"https:\/\/blogs.fu-berlin.de\/jfki\/wp-json\/wp\/v2\/categories?post=771"},{"taxonomy":"post_tag","embeddable":true,"href":"https:\/\/blogs.fu-berlin.de\/jfki\/wp-json\/wp\/v2\/tags?post=771"}],"curies":[{"name":"wp","href":"https:\/\/api.w.org\/{rel}","templated":true}]}}