{"id":101,"date":"2011-02-07T14:17:55","date_gmt":"2011-02-07T12:17:55","guid":{"rendered":"https:\/\/blogs.fu-berlin.de\/jfkpol\/?p=101"},"modified":"2011-02-07T14:19:07","modified_gmt":"2011-02-07T12:19:07","slug":"obamas-versuchte-gesundheitsreform-apuz-42010","status":"publish","type":"post","link":"https:\/\/blogs.fu-berlin.de\/jfkpol\/2011\/02\/07\/obamas-versuchte-gesundheitsreform-apuz-42010\/","title":{"rendered":"Obamas (versuchte) Gesundheitsreform [APuZ 4\/2010]"},"content":{"rendered":"<p style=\"text-align: justify\"><span style=\"font-size: 11.6667px\">US-Pr\u00e4sident\u00a0Barack Obama sagte in einer Rede vor beiden Kammern des Kongresses am 9. September 2009: &#8222;Ich bin nicht der erste US-Pr\u00e4sident, der sich dem Problem der\u00a0Reform der Krankenversicherung annimmt, aber ich bin entschlossen, der letzte zu sein.&#8220;[1]\u00a0Aus dieser Bemerkung wird nicht nur das historische Ausma\u00df der Reforminitiative im Gesundheitsbereich deutlich, sondern auch das Engagement und der Optimismus, mit dem Obama hinter seinem Vorschlag steht. Schon im Wahlkampf zwischen ihm und seinem republikanischen Konkurrenten John McCain stand die Reform des Krankenversicherungssystems ganz oben auf der politischen Priorit\u00e4tenliste. Und trotz der massiven Wirtschaftskrise, den Kriegen im Irak und in Afghanistan und der daraus resultierenden desolaten Lage der \u00f6ffentlichen Haushalte in den\u00a0USA\u00a0hat sich der 44. US-Pr\u00e4sident bereits in seinem ersten Amtsjahr an das umfassende Reformprojekt gesetzt, auch wissend, dass die Handlungsmacht eines Pr\u00e4sidenten im ersten Jahr am gr\u00f6\u00dften ist.<\/span><\/p>\n<p><a href=\"https:\/\/www.bpb.de\/publikationen\/C3X711,0,Obamas_(versuchte)_Gesundheitsreform.html\">WEITERLESEN<\/a><\/p>\n","protected":false},"excerpt":{"rendered":"<p>US-Pr\u00e4sident\u00a0Barack Obama sagte in einer Rede vor beiden Kammern des Kongresses am 9. September 2009: &#8222;Ich bin nicht der erste US-Pr\u00e4sident, der sich dem Problem der\u00a0Reform der Krankenversicherung annimmt, aber ich bin entschlossen, der letzte zu sein.&#8220;[1]\u00a0Aus dieser Bemerkung wird nicht nur das historische Ausma\u00df der Reforminitiative im Gesundheitsbereich deutlich, sondern auch das Engagement und [&hellip;]<\/p>\n","protected":false},"author":772,"featured_media":0,"comment_status":"open","ping_status":"closed","sticky":false,"template":"","format":"standard","meta":{"footnotes":""},"categories":[111,204,2186],"tags":[],"class_list":["post-101","post","type-post","status-publish","format-standard","hentry","category-domestic-politics","category-health-care","category-veroffentlichung"],"_links":{"self":[{"href":"https:\/\/blogs.fu-berlin.de\/jfkpol\/wp-json\/wp\/v2\/posts\/101","targetHints":{"allow":["GET"]}}],"collection":[{"href":"https:\/\/blogs.fu-berlin.de\/jfkpol\/wp-json\/wp\/v2\/posts"}],"about":[{"href":"https:\/\/blogs.fu-berlin.de\/jfkpol\/wp-json\/wp\/v2\/types\/post"}],"author":[{"embeddable":true,"href":"https:\/\/blogs.fu-berlin.de\/jfkpol\/wp-json\/wp\/v2\/users\/772"}],"replies":[{"embeddable":true,"href":"https:\/\/blogs.fu-berlin.de\/jfkpol\/wp-json\/wp\/v2\/comments?post=101"}],"version-history":[{"count":3,"href":"https:\/\/blogs.fu-berlin.de\/jfkpol\/wp-json\/wp\/v2\/posts\/101\/revisions"}],"predecessor-version":[{"id":105,"href":"https:\/\/blogs.fu-berlin.de\/jfkpol\/wp-json\/wp\/v2\/posts\/101\/revisions\/105"}],"wp:attachment":[{"href":"https:\/\/blogs.fu-berlin.de\/jfkpol\/wp-json\/wp\/v2\/media?parent=101"}],"wp:term":[{"taxonomy":"category","embeddable":true,"href":"https:\/\/blogs.fu-berlin.de\/jfkpol\/wp-json\/wp\/v2\/categories?post=101"},{"taxonomy":"post_tag","embeddable":true,"href":"https:\/\/blogs.fu-berlin.de\/jfkpol\/wp-json\/wp\/v2\/tags?post=101"}],"curies":[{"name":"wp","href":"https:\/\/api.w.org\/{rel}","templated":true}]}}