{"id":1477,"date":"2016-03-08T12:30:48","date_gmt":"2016-03-08T10:30:48","guid":{"rendered":"https:\/\/blogs.fu-berlin.de\/jfkpol\/?p=1477"},"modified":"2016-03-08T12:31:22","modified_gmt":"2016-03-08T10:31:22","slug":"schwarzer-humor-im-weissen-haus","status":"publish","type":"post","link":"https:\/\/blogs.fu-berlin.de\/jfkpol\/2016\/03\/08\/schwarzer-humor-im-weissen-haus\/","title":{"rendered":"Schwarzer Humor im Wei\u00dfen Haus"},"content":{"rendered":"<h3>Comic-Reporter Joe Sacco verbindet mit \u201eBUMF\u201c den Biss seines Fr\u00fchwerks mit analytischem Tiefgang. Politikwissenschaftler Thomas Greven hat den Comic analysiert<\/h3>\n<p>Barack Obama hat sein letztes Jahr als amerikanischer Pr\u00e4sident begonnen; der <a href=\"https:\/\/www.tagesspiegel.de\/themen\/meine-us-wahl-2016\/vorwahlen-in-nevada-und-south-carolina-clinton-und-trump-sind-sieger-unter-vorbehalt\/12993360.html\" target=\"_blank\">Wahlkampf \u00fcber seine Nachfolge dominiert bereits die Medien<\/a>. Es beginnt damit auch die Zeit der vorl\u00e4ufigen Bewertungen seiner Pr\u00e4sidentschaft, der historischen Vergleiche, der Einordnung. Ein besonderer Platz in den Geschichtsb\u00fcchern ist Obama als erstem afro-amerikanischen Pr\u00e4sidenten sicher, aber <a href=\"https:\/\/www.tagesspiegel.de\/politik\/us-praesident-was-bleibt-von-barack-obama\/12556208.html\" target=\"_blank\">war seine Pr\u00e4sidentschaft ein Erfolg<\/a>, war sie besonders, war sie jenseits seiner Hautfarbe gar \u201ehistorisch\u201c?<\/p>\n<p>In seinem <a href=\"https:\/\/www.tagesspiegel.de\/kultur\/comics\/comics-und-politik-als-joe-sacco-den-kaiser-fertigmachte\/12673436.html\" target=\"_blank\">2015 in den USA erschienenen und jetzt auf Deutsch vorliegenden Comic \u201eBUMF\u201c <\/a>zeigt Joe Sacco Pr\u00e4sident Obama als Wiederg\u00e4nger Richard Nixons und in Kontinuit\u00e4t zu anderen Kriegspr\u00e4sidenten, insbesondere zu George W. Bush.<\/p>\n<p><a href=\"https:\/\/www.tagesspiegel.de\/kultur\/comics\/neues-von-comic-journalist-joe-sacco-schwarzer-humor-im-weissen-haus\/12994094.html\">DEN GANZEN BEITRAG BEIM TAGESSPIEGEL LESEN<\/a><\/p>\n","protected":false},"excerpt":{"rendered":"<p>Comic-Reporter Joe Sacco verbindet mit \u201eBUMF\u201c den Biss seines Fr\u00fchwerks mit analytischem Tiefgang. Politikwissenschaftler Thomas Greven hat den Comic analysiert Barack Obama hat sein letztes Jahr als amerikanischer Pr\u00e4sident begonnen; der Wahlkampf \u00fcber seine Nachfolge dominiert bereits die Medien. Es beginnt damit auch die Zeit der vorl\u00e4ufigen Bewertungen seiner Pr\u00e4sidentschaft, der historischen Vergleiche, der Einordnung. [&hellip;]<\/p>\n","protected":false},"author":156,"featured_media":0,"comment_status":"closed","ping_status":"closed","sticky":false,"template":"","format":"standard","meta":{"footnotes":""},"categories":[111,112,2186],"tags":[],"class_list":["post-1477","post","type-post","status-publish","format-standard","hentry","category-domestic-politics","category-foreign-politics","category-veroffentlichung"],"_links":{"self":[{"href":"https:\/\/blogs.fu-berlin.de\/jfkpol\/wp-json\/wp\/v2\/posts\/1477","targetHints":{"allow":["GET"]}}],"collection":[{"href":"https:\/\/blogs.fu-berlin.de\/jfkpol\/wp-json\/wp\/v2\/posts"}],"about":[{"href":"https:\/\/blogs.fu-berlin.de\/jfkpol\/wp-json\/wp\/v2\/types\/post"}],"author":[{"embeddable":true,"href":"https:\/\/blogs.fu-berlin.de\/jfkpol\/wp-json\/wp\/v2\/users\/156"}],"replies":[{"embeddable":true,"href":"https:\/\/blogs.fu-berlin.de\/jfkpol\/wp-json\/wp\/v2\/comments?post=1477"}],"version-history":[{"count":3,"href":"https:\/\/blogs.fu-berlin.de\/jfkpol\/wp-json\/wp\/v2\/posts\/1477\/revisions"}],"predecessor-version":[{"id":1480,"href":"https:\/\/blogs.fu-berlin.de\/jfkpol\/wp-json\/wp\/v2\/posts\/1477\/revisions\/1480"}],"wp:attachment":[{"href":"https:\/\/blogs.fu-berlin.de\/jfkpol\/wp-json\/wp\/v2\/media?parent=1477"}],"wp:term":[{"taxonomy":"category","embeddable":true,"href":"https:\/\/blogs.fu-berlin.de\/jfkpol\/wp-json\/wp\/v2\/categories?post=1477"},{"taxonomy":"post_tag","embeddable":true,"href":"https:\/\/blogs.fu-berlin.de\/jfkpol\/wp-json\/wp\/v2\/tags?post=1477"}],"curies":[{"name":"wp","href":"https:\/\/api.w.org\/{rel}","templated":true}]}}