{"id":20,"date":"2007-07-04T23:24:48","date_gmt":"2007-07-04T21:24:48","guid":{"rendered":"https:\/\/blogs.fu-berlin.de\/jfkpol\/2007\/07\/04\/pendelschwunge-der-macht-im-politischen-system-die-zukunft-von-%e2%80%98checks-and-balances%e2%80%99-ist-nach-dem-11-september-2001-offen\/"},"modified":"2007-11-29T23:13:56","modified_gmt":"2007-11-29T21:13:56","slug":"pendelschwunge-der-macht-im-politischen-system-die-zukunft-von-%e2%80%98checks-and-balances%e2%80%99-ist-nach-dem-11-september-2001-offen","status":"publish","type":"post","link":"https:\/\/blogs.fu-berlin.de\/jfkpol\/2007\/07\/04\/pendelschwunge-der-macht-im-politischen-system-die-zukunft-von-%e2%80%98checks-and-balances%e2%80%99-ist-nach-dem-11-september-2001-offen\/","title":{"rendered":"Pendelschw\u00fcnge der Macht im politischen System. Die Zukunft von \u2018checks and balances\u2019 ist nach dem 11. September 2001 offen"},"content":{"rendered":"<p class=\"MsoNormal\">Noch vor wenigen Jahren bef\u00fcrchteten manche Beobachter, dass das politische System der USA in eine Situation permanenter Politikblockade geraten war: Einerseits durch das in der Verfassung angelegte, elaborierte System der Gewaltenteilung und \u2013verschr\u00e4nkung (\u201achecks and balances\u2019), das durch die Fragmentierung staatlicher Macht konstitutiv f\u00fcr die amerikanische Demokratie ist, aber mit seiner Verhinderung einer \u201eTyrannei der Mehrheit\u201c (James Madison) eben auch der Bewahrung des Status quo dient. Andererseits durch lange Perioden von \u201adivided government\u2019 in der amerikanischer Politik, also der geteilten Kontrolle von Pr\u00e4sidentenamt und Legislative durch die beiden gro\u00dfen Parteien, Republikaner und Demokraten.<\/p>\n<p class=\"MsoNormal\">Die einzelnen Ma\u00dfnahmen im \u201eKrieg gegen den Terrorismus\u201c sollen hier nicht detailliert wiedergegeben werden, es reicht, festzuhalten, dass erstens der Kongress sowohl per Gesetz (vor allem mit dem USA PATRIOT Act) als auch stillschweigend der Exekutive einen erheblichen Machtzuwachs und vergr\u00f6\u00dferten Entscheidungsspielraum hat zukommen lassen, und dass zweitens der Pr\u00e4sident aktiv gr\u00f6\u00dfere Kompetenzen und Befugnisse f\u00fcr sich und seine Beh\u00f6rden einfordert und sich dabei hoher \u00f6ffentlicher Zustimmung gewiss sein kann (der so genannte \u201eRally-Effekt\u201c; s.u.). Krisen sind immer die Stunde der Exekutive und nicht zum ersten Mal in der amerikanischen Geschichte sehen B\u00fcrgerrechtsorganisationen verfassungsm\u00e4\u00dfige Rechte in Gefahr. Doch ist durch die im \u201eKrieg gegen den Terrorismus\u201c m\u00f6gliche permanente Mobilisierung der Bev\u00f6lkerung das System der \u201achecks and balances\u2019 auf lange Sicht ausgehebelt?<\/p>\n<p><span>Greven, Thomas (2003): Pendelschw\u00fcnge der Macht im politischen System. Die Zukunft von \u2018checks and balances\u2019 ist nach dem 11. <\/span><span>September 2001 offen<\/span><\/p>\n<p><span>Erschienen in: <a href=\"https:\/\/www.bundestag.de\/dasparlament\/\"><em>Das Parlament<\/em><\/a>, Vol. 53, No. 5 (January 27), p. 3. <\/span><\/p>\n","protected":false},"excerpt":{"rendered":"<p>Noch vor wenigen Jahren bef\u00fcrchteten manche Beobachter, dass das politische System der USA in eine Situation permanenter Politikblockade geraten war: Einerseits durch das in der Verfassung angelegte, elaborierte System der Gewaltenteilung und \u2013verschr\u00e4nkung (\u201achecks and balances\u2019), das durch die Fragmentierung staatlicher Macht konstitutiv f\u00fcr die amerikanische Demokratie ist, aber mit seiner Verhinderung einer \u201eTyrannei der [&hellip;]<\/p>\n","protected":false},"author":156,"featured_media":0,"comment_status":"open","ping_status":"open","sticky":false,"template":"","format":"standard","meta":{"footnotes":""},"categories":[160,157],"tags":[],"class_list":["post-20","post","type-post","status-publish","format-standard","hentry","category-congress-watch","category-the-state-of-american-democracy-innenpolitik"],"_links":{"self":[{"href":"https:\/\/blogs.fu-berlin.de\/jfkpol\/wp-json\/wp\/v2\/posts\/20","targetHints":{"allow":["GET"]}}],"collection":[{"href":"https:\/\/blogs.fu-berlin.de\/jfkpol\/wp-json\/wp\/v2\/posts"}],"about":[{"href":"https:\/\/blogs.fu-berlin.de\/jfkpol\/wp-json\/wp\/v2\/types\/post"}],"author":[{"embeddable":true,"href":"https:\/\/blogs.fu-berlin.de\/jfkpol\/wp-json\/wp\/v2\/users\/156"}],"replies":[{"embeddable":true,"href":"https:\/\/blogs.fu-berlin.de\/jfkpol\/wp-json\/wp\/v2\/comments?post=20"}],"version-history":[{"count":0,"href":"https:\/\/blogs.fu-berlin.de\/jfkpol\/wp-json\/wp\/v2\/posts\/20\/revisions"}],"wp:attachment":[{"href":"https:\/\/blogs.fu-berlin.de\/jfkpol\/wp-json\/wp\/v2\/media?parent=20"}],"wp:term":[{"taxonomy":"category","embeddable":true,"href":"https:\/\/blogs.fu-berlin.de\/jfkpol\/wp-json\/wp\/v2\/categories?post=20"},{"taxonomy":"post_tag","embeddable":true,"href":"https:\/\/blogs.fu-berlin.de\/jfkpol\/wp-json\/wp\/v2\/tags?post=20"}],"curies":[{"name":"wp","href":"https:\/\/api.w.org\/{rel}","templated":true}]}}