{"id":302,"date":"2011-03-24T10:55:07","date_gmt":"2011-03-24T08:55:07","guid":{"rendered":"https:\/\/blogs.fu-berlin.de\/jfkpol\/?p=302"},"modified":"2011-03-24T10:55:07","modified_gmt":"2011-03-24T08:55:07","slug":"veroffentlichung-solidaritat-uber-grenzen","status":"publish","type":"post","link":"https:\/\/blogs.fu-berlin.de\/jfkpol\/2011\/03\/24\/veroffentlichung-solidaritat-uber-grenzen\/","title":{"rendered":"Ver\u00f6ffentlichung: Solidarit\u00e4t \u00fcber Grenzen"},"content":{"rendered":"<p><strong>Gewerkschaften vor neuer Standortkonkurrenz<\/strong><\/p>\n<p>Frank Gerlach, Thomas Greven, Ulrich M\u00fcckenberger, Eberhard Schmidt (Hg.)<\/p>\n<p style=\"text-align: justify\"><em>Kurzbeschreibung<\/em>: Globalisierung setzt auch f\u00fcr die Gewerkschaften neue Rahmenbedingungen. Die Verlagerung von Betrieben und Investitionen stellt ihre nationale und internationale Handlungsf\u00e4higkeit vor gro\u00dfe Probleme. Der Frage, mit welchen Strategien und mit welchen Verb\u00fcndeten sie den Herausforderungen begegnen k\u00f6nnen, die sich aus den neuen Standortkonkurrenzen ergeben, ist dieser Band \u2013 eine Publikation des \u00bbHattinger Kreises\u00ab \u2013 gewidmet. In einleitenden theoretischen Aufrissen werden die grundlegenden Barrieren thematisiert, die einer Gewerkschaftspolitik grenz\u00fcberschreitender Solidarit\u00e4t entgegenstehen, aber auch Wege aufgezeigt, wie diese Hindernisse zu \u00fcberwinden w\u00e4ren: durch fairen Interessenausgleich, eine intelligente Regulierung der sozialen Dimension von Weltwirtschaft und die Beteiligung der Arbeitnehmer an diesen Prozessen. Erfolgsbedingungen und Grenzen transnationaler Solidarit\u00e4tspolitik werden im zweiten Teil des Bandes an markanten Beispielen untersucht: an den internationalen Rahmenabkommen auf Konzernebene (IFA), den Handlungschancen Europ\u00e4ischer Betriebsr\u00e4te (GM-Opel) und der Organisation transnationaler Kampagnen (United Steelworkers, Clean Clothes Campaign).<\/p>\n<p><a href=\"https:\/\/www.boeckler.de\/show_product_hbs.html?productfile=HBS-004901.xml\">Zur Ver\u00f6ffentlichung<\/a><\/p>\n","protected":false},"excerpt":{"rendered":"<p>Gewerkschaften vor neuer Standortkonkurrenz Frank Gerlach, Thomas Greven, Ulrich M\u00fcckenberger, Eberhard Schmidt (Hg.) Kurzbeschreibung: Globalisierung setzt auch f\u00fcr die Gewerkschaften neue Rahmenbedingungen. Die Verlagerung von Betrieben und Investitionen stellt ihre nationale und internationale Handlungsf\u00e4higkeit vor gro\u00dfe Probleme. Der Frage, mit welchen Strategien und mit welchen Verb\u00fcndeten sie den Herausforderungen begegnen k\u00f6nnen, die sich aus den [&hellip;]<\/p>\n","protected":false},"author":156,"featured_media":0,"comment_status":"open","ping_status":"closed","sticky":false,"template":"","format":"standard","meta":{"footnotes":""},"categories":[2186],"tags":[],"class_list":["post-302","post","type-post","status-publish","format-standard","hentry","category-veroffentlichung"],"_links":{"self":[{"href":"https:\/\/blogs.fu-berlin.de\/jfkpol\/wp-json\/wp\/v2\/posts\/302","targetHints":{"allow":["GET"]}}],"collection":[{"href":"https:\/\/blogs.fu-berlin.de\/jfkpol\/wp-json\/wp\/v2\/posts"}],"about":[{"href":"https:\/\/blogs.fu-berlin.de\/jfkpol\/wp-json\/wp\/v2\/types\/post"}],"author":[{"embeddable":true,"href":"https:\/\/blogs.fu-berlin.de\/jfkpol\/wp-json\/wp\/v2\/users\/156"}],"replies":[{"embeddable":true,"href":"https:\/\/blogs.fu-berlin.de\/jfkpol\/wp-json\/wp\/v2\/comments?post=302"}],"version-history":[{"count":3,"href":"https:\/\/blogs.fu-berlin.de\/jfkpol\/wp-json\/wp\/v2\/posts\/302\/revisions"}],"predecessor-version":[{"id":305,"href":"https:\/\/blogs.fu-berlin.de\/jfkpol\/wp-json\/wp\/v2\/posts\/302\/revisions\/305"}],"wp:attachment":[{"href":"https:\/\/blogs.fu-berlin.de\/jfkpol\/wp-json\/wp\/v2\/media?parent=302"}],"wp:term":[{"taxonomy":"category","embeddable":true,"href":"https:\/\/blogs.fu-berlin.de\/jfkpol\/wp-json\/wp\/v2\/categories?post=302"},{"taxonomy":"post_tag","embeddable":true,"href":"https:\/\/blogs.fu-berlin.de\/jfkpol\/wp-json\/wp\/v2\/tags?post=302"}],"curies":[{"name":"wp","href":"https:\/\/api.w.org\/{rel}","templated":true}]}}