{"id":39,"date":"2007-11-16T16:42:00","date_gmt":"2007-11-16T14:42:00","guid":{"rendered":"https:\/\/blogs.fu-berlin.de\/jfkpol\/2007\/11\/16\/frank-unger-woodrow-wilson-und-die-oktoberrevolution\/"},"modified":"2007-11-16T16:43:21","modified_gmt":"2007-11-16T14:43:21","slug":"frank-unger-woodrow-wilson-und-die-oktoberrevolution","status":"publish","type":"post","link":"https:\/\/blogs.fu-berlin.de\/jfkpol\/2007\/11\/16\/frank-unger-woodrow-wilson-und-die-oktoberrevolution\/","title":{"rendered":"Frank Unger: WOODROW WILSON UND DIE OKTOBERREVOLUTION"},"content":{"rendered":"<p>Vor genau 90 Jahren, am 7. November 1917, begann das kurze 20. Jahrhundert. So jedenfalls sieht es der inzwischen weltber\u00fchmte englische Historiker Eric Hobsbawm in seinem allseits gepriesenen Buch \u201eThe Age of Extremes\u201c, womit er das 20. Jahrhundert charakterisieren wollte. F\u00fcr Hobsbawm \u2013 und eigentlich f\u00fcr alle halbwegs historisch denkf\u00e4higen Menschen \u2013 war der Gegensatz zwischen dem von der Oktoberrevolution eingeleiteten und von der Sowjetunion angef\u00fchrten Sozialismus und dem im Verlauf des Jahrhunderts immer eindeutiger von den USA dominierten Kapitalismus die bestimmende Triebkraft des Jahrhunderts, das in dieser Sichtweise entsprechend schon im Jahr 1991 mit der offiziellen Aufl\u00f6sung der UdSSR sein Ende fand.<\/p>\n<p>Man muss diese Ansicht nicht teilen, um dennoch der Meinung zu sein, dass die Oktoberrevolution eins der wichtigsten Ereignisse des 20. Jahrhunderts gewesen ist \u2013 so wichtig immerhin, dass die deutsche Presse (nat\u00fcrlich mit Ausnahme der \u201eJungen Welt\u201c und des \u201eNeuen Deutschland\u201c) f\u00fcr die 90. Wiederkehr des Ereignisses \u2013 immerhin ein \u201erunder\u201c Geburtstag \u2013 nicht ein einziges Artikelchen \u00fcbrig hatte. Daf\u00fcr wurde ausgiebig an den 50.Jahrestag der Produktionsaufnahme f\u00fcr den Trabanten in der ostdeutschen Industriestadt Zwickau erinnert \u2013 als launiger Nostalgiebeitrag mit der stets untergelegten rhetorischen Frage, ob es sich bei diesem Kult-Produkt \u00fcberhaupt um ein Auto \u201eas we know it\u201c gehandelt habe.<\/p>\n<p>Weiterlesen unter <a href=\"https:\/\/rationalgalerie.de\/starsandstripes\/index_101.html\" target=\"_blank\">Stars &amp; Stripes&#8230;<\/a><\/p>\n","protected":false},"excerpt":{"rendered":"<p>Vor genau 90 Jahren, am 7. November 1917, begann das kurze 20. Jahrhundert. So jedenfalls sieht es der inzwischen weltber\u00fchmte englische Historiker Eric Hobsbawm in seinem allseits gepriesenen Buch \u201eThe Age of Extremes\u201c, womit er das 20. Jahrhundert charakterisieren wollte. F\u00fcr Hobsbawm \u2013 und eigentlich f\u00fcr alle halbwegs historisch denkf\u00e4higen Menschen \u2013 war der Gegensatz [&hellip;]<\/p>\n","protected":false},"author":149,"featured_media":0,"comment_status":"open","ping_status":"open","sticky":false,"template":"","format":"standard","meta":{"footnotes":""},"categories":[158],"tags":[],"class_list":["post-39","post","type-post","status-publish","format-standard","hentry","category-krieg-und-frieden-us-foreign-policy-watch"],"_links":{"self":[{"href":"https:\/\/blogs.fu-berlin.de\/jfkpol\/wp-json\/wp\/v2\/posts\/39","targetHints":{"allow":["GET"]}}],"collection":[{"href":"https:\/\/blogs.fu-berlin.de\/jfkpol\/wp-json\/wp\/v2\/posts"}],"about":[{"href":"https:\/\/blogs.fu-berlin.de\/jfkpol\/wp-json\/wp\/v2\/types\/post"}],"author":[{"embeddable":true,"href":"https:\/\/blogs.fu-berlin.de\/jfkpol\/wp-json\/wp\/v2\/users\/149"}],"replies":[{"embeddable":true,"href":"https:\/\/blogs.fu-berlin.de\/jfkpol\/wp-json\/wp\/v2\/comments?post=39"}],"version-history":[{"count":0,"href":"https:\/\/blogs.fu-berlin.de\/jfkpol\/wp-json\/wp\/v2\/posts\/39\/revisions"}],"wp:attachment":[{"href":"https:\/\/blogs.fu-berlin.de\/jfkpol\/wp-json\/wp\/v2\/media?parent=39"}],"wp:term":[{"taxonomy":"category","embeddable":true,"href":"https:\/\/blogs.fu-berlin.de\/jfkpol\/wp-json\/wp\/v2\/categories?post=39"},{"taxonomy":"post_tag","embeddable":true,"href":"https:\/\/blogs.fu-berlin.de\/jfkpol\/wp-json\/wp\/v2\/tags?post=39"}],"curies":[{"name":"wp","href":"https:\/\/api.w.org\/{rel}","templated":true}]}}