{"id":42,"date":"2007-11-27T00:49:21","date_gmt":"2007-11-26T22:49:21","guid":{"rendered":"https:\/\/blogs.fu-berlin.de\/jfkpol\/2007\/11\/27\/margit-mayer-schutz-der-heimat-uber-die-aushohlung-der-burgerrechte-in-den-vereinigten-staaten\/"},"modified":"2007-11-27T00:49:21","modified_gmt":"2007-11-26T22:49:21","slug":"margit-mayer-schutz-der-heimat-uber-die-aushohlung-der-burgerrechte-in-den-vereinigten-staaten","status":"publish","type":"post","link":"https:\/\/blogs.fu-berlin.de\/jfkpol\/2007\/11\/27\/margit-mayer-schutz-der-heimat-uber-die-aushohlung-der-burgerrechte-in-den-vereinigten-staaten\/","title":{"rendered":"Margit Mayer: Schutz der Heimat. \u00dcber die Aush\u00f6hlung der B\u00fcrgerrechte in den Vereinigten Staaten"},"content":{"rendered":"<p>Nachdem die USA die Terrorakte vom 11. September 2001 als kriegerischen Akt und nicht als Verbrechen gedeutet haben, regten sich Bef\u00fcrchtungen \u00fcber die Folgen, die die Kriegserkl\u00e4rung f\u00fcr die US-amerikanischen liberalen Normen mit ihrer Wertsch\u00e4tzung f\u00fcr Toleranz und Privatsph\u00e4re haben w\u00fcrde. In einem Krieg f\u00fchrenden Land seien die fundamentalen Werte des Verfassungssystems unausweichlich bedroht, so der Tenor in einem breiten Spektrum liberaler, b\u00fcrgerrechtlicher wie konservativer Kreise.<\/p>\n<p>Erschienen in: <a href=\"https:\/\/www.blaetter.de\/artikel.php?pr=1568\">Bl\u00e4tter f\u00fcr deutsche und internationale Politik 7, 2003, S. 843-852<\/a><\/p>\n","protected":false},"excerpt":{"rendered":"<p>Nachdem die USA die Terrorakte vom 11. September 2001 als kriegerischen Akt und nicht als Verbrechen gedeutet haben, regten sich Bef\u00fcrchtungen \u00fcber die Folgen, die die Kriegserkl\u00e4rung f\u00fcr die US-amerikanischen liberalen Normen mit ihrer Wertsch\u00e4tzung f\u00fcr Toleranz und Privatsph\u00e4re haben w\u00fcrde. In einem Krieg f\u00fchrenden Land seien die fundamentalen Werte des Verfassungssystems unausweichlich bedroht, so [&hellip;]<\/p>\n","protected":false},"author":149,"featured_media":0,"comment_status":"open","ping_status":"open","sticky":false,"template":"","format":"standard","meta":{"footnotes":""},"categories":[160,157],"tags":[],"class_list":["post-42","post","type-post","status-publish","format-standard","hentry","category-congress-watch","category-the-state-of-american-democracy-innenpolitik"],"_links":{"self":[{"href":"https:\/\/blogs.fu-berlin.de\/jfkpol\/wp-json\/wp\/v2\/posts\/42","targetHints":{"allow":["GET"]}}],"collection":[{"href":"https:\/\/blogs.fu-berlin.de\/jfkpol\/wp-json\/wp\/v2\/posts"}],"about":[{"href":"https:\/\/blogs.fu-berlin.de\/jfkpol\/wp-json\/wp\/v2\/types\/post"}],"author":[{"embeddable":true,"href":"https:\/\/blogs.fu-berlin.de\/jfkpol\/wp-json\/wp\/v2\/users\/149"}],"replies":[{"embeddable":true,"href":"https:\/\/blogs.fu-berlin.de\/jfkpol\/wp-json\/wp\/v2\/comments?post=42"}],"version-history":[{"count":0,"href":"https:\/\/blogs.fu-berlin.de\/jfkpol\/wp-json\/wp\/v2\/posts\/42\/revisions"}],"wp:attachment":[{"href":"https:\/\/blogs.fu-berlin.de\/jfkpol\/wp-json\/wp\/v2\/media?parent=42"}],"wp:term":[{"taxonomy":"category","embeddable":true,"href":"https:\/\/blogs.fu-berlin.de\/jfkpol\/wp-json\/wp\/v2\/categories?post=42"},{"taxonomy":"post_tag","embeddable":true,"href":"https:\/\/blogs.fu-berlin.de\/jfkpol\/wp-json\/wp\/v2\/tags?post=42"}],"curies":[{"name":"wp","href":"https:\/\/api.w.org\/{rel}","templated":true}]}}