{"id":47,"date":"2008-01-07T23:14:55","date_gmt":"2008-01-07T21:14:55","guid":{"rendered":"https:\/\/blogs.fu-berlin.de\/jfkpol\/2008\/01\/07\/frank-unger-wer-eigentlich-ist-mike-huckabee-nachtrag-zu-den-%e2%80%9evorwahlen%e2%80%9c-in-iowa\/"},"modified":"2008-06-11T09:33:01","modified_gmt":"2008-06-11T07:33:01","slug":"frank-unger-wer-eigentlich-ist-mike-huckabee-nachtrag-zu-den-%e2%80%9evorwahlen%e2%80%9c-in-iowa","status":"publish","type":"post","link":"https:\/\/blogs.fu-berlin.de\/jfkpol\/2008\/01\/07\/frank-unger-wer-eigentlich-ist-mike-huckabee-nachtrag-zu-den-%e2%80%9evorwahlen%e2%80%9c-in-iowa\/","title":{"rendered":"Frank Unger: WER EIGENTLICH IST MIKE HUCKABEE? &#8211; Nachtrag zu den \u201eVorwahlen\u201c in Iowa"},"content":{"rendered":"<p>Am Donnerstag fand im amerikanischen Bundesstaat Iowa die erste einer ganzen Reihe von Vorwahlen zur Bestimmung der jeweiligen Kandidaten der beiden einzig relevanten amerikanische Parteien f\u00fcr die im November stattfindenden Pr\u00e4sidentschaftswahlen statt. Ab jetzt wird gut zehn Monate lang in den amerikanischen und etwas weniger, aber immer noch mehr als genug auch in den europ\u00e4ischen Medien an herausragender Stelle berichtet, analysiert, kommentiert, spekuliert, r\u00e4sonniert, prognostiziert und palavert werden, welcher der insgesamt 15 oder 16 (kann schlie\u00dflich noch jemand hinzusto\u00dfen!) Bewerbern einschlie\u00dflich einer Bewerberin schlie\u00dflich am Ende das Rennen machen wird.<\/p>\n<p><a href=\"https:\/\/rationalgalerie.de\/starsandstripes\/index_106.html\" target=\"_blank\">Weiterlesen auf Stars &amp; Stripes&#8230; <\/a><\/p>\n","protected":false},"excerpt":{"rendered":"<p>Am Donnerstag fand im amerikanischen Bundesstaat Iowa die erste einer ganzen Reihe von Vorwahlen zur Bestimmung der jeweiligen Kandidaten der beiden einzig relevanten amerikanische Parteien f\u00fcr die im November stattfindenden Pr\u00e4sidentschaftswahlen statt. Ab jetzt wird gut zehn Monate lang in den amerikanischen und etwas weniger, aber immer noch mehr als genug auch in den europ\u00e4ischen [&hellip;]<\/p>\n","protected":false},"author":149,"featured_media":0,"comment_status":"closed","ping_status":"closed","sticky":false,"template":"","format":"standard","meta":{"footnotes":""},"categories":[164],"tags":[],"class_list":["post-47","post","type-post","status-publish","format-standard","hentry","category-wahlkampf"],"_links":{"self":[{"href":"https:\/\/blogs.fu-berlin.de\/jfkpol\/wp-json\/wp\/v2\/posts\/47","targetHints":{"allow":["GET"]}}],"collection":[{"href":"https:\/\/blogs.fu-berlin.de\/jfkpol\/wp-json\/wp\/v2\/posts"}],"about":[{"href":"https:\/\/blogs.fu-berlin.de\/jfkpol\/wp-json\/wp\/v2\/types\/post"}],"author":[{"embeddable":true,"href":"https:\/\/blogs.fu-berlin.de\/jfkpol\/wp-json\/wp\/v2\/users\/149"}],"replies":[{"embeddable":true,"href":"https:\/\/blogs.fu-berlin.de\/jfkpol\/wp-json\/wp\/v2\/comments?post=47"}],"version-history":[{"count":0,"href":"https:\/\/blogs.fu-berlin.de\/jfkpol\/wp-json\/wp\/v2\/posts\/47\/revisions"}],"wp:attachment":[{"href":"https:\/\/blogs.fu-berlin.de\/jfkpol\/wp-json\/wp\/v2\/media?parent=47"}],"wp:term":[{"taxonomy":"category","embeddable":true,"href":"https:\/\/blogs.fu-berlin.de\/jfkpol\/wp-json\/wp\/v2\/categories?post=47"},{"taxonomy":"post_tag","embeddable":true,"href":"https:\/\/blogs.fu-berlin.de\/jfkpol\/wp-json\/wp\/v2\/tags?post=47"}],"curies":[{"name":"wp","href":"https:\/\/api.w.org\/{rel}","templated":true}]}}