{"id":49,"date":"2008-01-16T16:26:13","date_gmt":"2008-01-16T14:26:13","guid":{"rendered":"https:\/\/blogs.fu-berlin.de\/jfkpol\/2008\/01\/16\/thomas-greven-die-seiu-spielt-die-transnationale-karte\/"},"modified":"2008-01-16T16:26:13","modified_gmt":"2008-01-16T14:26:13","slug":"thomas-greven-die-seiu-spielt-die-transnationale-karte","status":"publish","type":"post","link":"https:\/\/blogs.fu-berlin.de\/jfkpol\/2008\/01\/16\/thomas-greven-die-seiu-spielt-die-transnationale-karte\/","title":{"rendered":"Thomas Greven: Die SEIU spielt die transnationale Karte"},"content":{"rendered":"<p>ORGANIZING nach US-Vorbild &#8211; Es w\u00e4re nicht ratsam, die strategischen<br \/>\nKampagnen amerikanischer Gewerkschaften eins zu eins auf Deutschland zu<br \/>\n\u00fcbertragen. Gleichwohl k\u00f6nnen sie das k\u00e4mpferische Repertoire deutscher<br \/>\nGewerkschaften erweitern.<\/p>\n<p>Erschienen in: <a href=\"https:\/\/www.boeckler.de\/cps\/rde\/xchg\/hbs\/hs.xsl\/107.html\" target=\"_blank\">Mitbestimmung , 12\/2007 <\/a><\/p>\n","protected":false},"excerpt":{"rendered":"<p>ORGANIZING nach US-Vorbild &#8211; Es w\u00e4re nicht ratsam, die strategischen Kampagnen amerikanischer Gewerkschaften eins zu eins auf Deutschland zu \u00fcbertragen. Gleichwohl k\u00f6nnen sie das k\u00e4mpferische Repertoire deutscher Gewerkschaften erweitern. Erschienen in: Mitbestimmung , 12\/2007<\/p>\n","protected":false},"author":156,"featured_media":0,"comment_status":"open","ping_status":"open","sticky":false,"template":"","format":"standard","meta":{"footnotes":""},"categories":[159],"tags":[],"class_list":["post-49","post","type-post","status-publish","format-standard","hentry","category-the-state-of-the-union-die-amerikanischen-gewerkschaften"],"_links":{"self":[{"href":"https:\/\/blogs.fu-berlin.de\/jfkpol\/wp-json\/wp\/v2\/posts\/49","targetHints":{"allow":["GET"]}}],"collection":[{"href":"https:\/\/blogs.fu-berlin.de\/jfkpol\/wp-json\/wp\/v2\/posts"}],"about":[{"href":"https:\/\/blogs.fu-berlin.de\/jfkpol\/wp-json\/wp\/v2\/types\/post"}],"author":[{"embeddable":true,"href":"https:\/\/blogs.fu-berlin.de\/jfkpol\/wp-json\/wp\/v2\/users\/156"}],"replies":[{"embeddable":true,"href":"https:\/\/blogs.fu-berlin.de\/jfkpol\/wp-json\/wp\/v2\/comments?post=49"}],"version-history":[{"count":0,"href":"https:\/\/blogs.fu-berlin.de\/jfkpol\/wp-json\/wp\/v2\/posts\/49\/revisions"}],"wp:attachment":[{"href":"https:\/\/blogs.fu-berlin.de\/jfkpol\/wp-json\/wp\/v2\/media?parent=49"}],"wp:term":[{"taxonomy":"category","embeddable":true,"href":"https:\/\/blogs.fu-berlin.de\/jfkpol\/wp-json\/wp\/v2\/categories?post=49"},{"taxonomy":"post_tag","embeddable":true,"href":"https:\/\/blogs.fu-berlin.de\/jfkpol\/wp-json\/wp\/v2\/tags?post=49"}],"curies":[{"name":"wp","href":"https:\/\/api.w.org\/{rel}","templated":true}]}}