{"id":511,"date":"2012-10-17T16:26:26","date_gmt":"2012-10-17T14:26:26","guid":{"rendered":"https:\/\/blogs.fu-berlin.de\/jfkpol\/?p=511"},"modified":"2012-10-17T16:30:24","modified_gmt":"2012-10-17T14:30:24","slug":"wahlkampf-und-die-schwache-der-medien","status":"publish","type":"post","link":"https:\/\/blogs.fu-berlin.de\/jfkpol\/2012\/10\/17\/wahlkampf-und-die-schwache-der-medien\/","title":{"rendered":"Wahlkampf und die Schw\u00e4che der Medien"},"content":{"rendered":"<h5><em>Auf campus.leben wurde k\u00fcrzlich ein Artikel zum Thema US Wahlkampf und Medien von Gisela Gross ver\u00f6ffentlicht, f\u00fcr welchen ich interviewt wurde:<\/em><\/h5>\n<h2>\u201eWahlkampf ist immer ein Ausnahmezustand\u201c<\/h2>\n<h3>Meinung statt Recherche: Wie sich die Krise des Journalismus auf den US-Wahlkampf auswirkt<\/h3>\n<p style=\"text-align: justify\">Demokraten und Republikaner brauchen in diesem Wahlkampf ein dickes Fell: Multimillion\u00e4r Mitt Romney wird in Wahlwerbespots nicht nur als weltfremder Schn\u00f6sel dargestellt, zuletzt unterstellt man ihm gar die Mitschuld am Tod einer Frau. Die Republikaner schrecken im Gegenzug nicht davor zur\u00fcck, Reden von Barack Obama sinnentfremdet neu zusammenzuschneiden. \u201eSolche perfiden Filme werden oftmals nur produziert, damit Journalisten dar\u00fcber schreiben \u2013 im Fernsehen sind sie h\u00e4ufig gar nicht zu sehen\u201c, sagt Curd Kn\u00fcpfer. Der Doktorand forscht an der Graduiertenschule f\u00fcr Nordamerikastudien der Freien Universit\u00e4t Berlin \u00fcber die Ver\u00e4nderungen in der amerikanischen Medienlandschaft w\u00e4hrend der vergangenen 20 Jahre.<\/p>\n<p><a href=\"https:\/\/www.fu-berlin.de\/campusleben\/campus\/2012\/121008_knuepfer\/index.html\">Weiterlesen auf campus.leben<\/a><\/p>\n<h5><em>Und hier noch ein paar Links zu Seiten und Inhalten, die in dem Artikel erw\u00e4hnt werden:<\/em><\/h5>\n<div>\n<ul>\n<li><a href=\"https:\/\/www.youtube.com\/watch?v=Nj70XqOxptU\"><em>Das angesprochene Video, in dem Mitt Romney unterstellt wird, indirekt f\u00fcr den Tod einer Frau verantwortlich zu sein<\/em><\/a><\/li>\n<li><a href=\"https:\/\/www.youtube.com\/watch?v=sNHeTwoy5vI\"><em>Das erw\u00e4hnte Video in dem eine Obama Rede neu zusammengeschnitten wird<\/em><\/a><\/li>\n<\/ul>\n<\/div>\n<p><span style=\"text-decoration: underline\">Prominente &#8222;Fact-Checking&#8220; Seiten:<\/span><\/p>\n<div>\n<ul>\n<li><a href=\"https:\/\/www.factcheck.org\/\" target=\"_blank\">https:\/\/www.factcheck.org<\/a><\/li>\n<li><a href=\"https:\/\/www.politifact.com\/\" target=\"_blank\">https:\/\/www.politifact.com\/<\/a><\/li>\n<li><a href=\"https:\/\/www.washingtonpost.com\/blogs\/fact-checker\" target=\"_blank\">https:\/\/www.washingtonpost.com\/blogs\/fact-checker<\/a><\/li>\n<li><a href=\"https:\/\/www.washingtonpost.com\/2011\/02\/25\/ABjfuEJ_category.html?blogId=fact-checker&amp;tag=Political%20Ads\">Explizit zum Thema Wahlkampfspots<\/a><\/li>\n<li>\n<div><a href=\"https:\/\/www.barackobama.com\/truth-team\/\">Pr\u00e4sident Obamas &#8222;Truth Team&#8220;<\/a><\/div>\n<\/li>\n<\/ul>\n<\/div>\n<div><\/div>\n","protected":false},"excerpt":{"rendered":"<p>Auf campus.leben wurde k\u00fcrzlich ein Artikel zum Thema US Wahlkampf und Medien von Gisela Gross ver\u00f6ffentlicht, f\u00fcr welchen ich interviewt wurde: \u201eWahlkampf ist immer ein Ausnahmezustand\u201c Meinung statt Recherche: Wie sich die Krise des Journalismus auf den US-Wahlkampf auswirkt Demokraten und Republikaner brauchen in diesem Wahlkampf ein dickes Fell: Multimillion\u00e4r Mitt Romney wird in Wahlwerbespots [&hellip;]<\/p>\n","protected":false},"author":762,"featured_media":0,"comment_status":"open","ping_status":"closed","sticky":false,"template":"","format":"standard","meta":{"footnotes":""},"categories":[157,2186],"tags":[],"class_list":["post-511","post","type-post","status-publish","format-standard","hentry","category-the-state-of-american-democracy-innenpolitik","category-veroffentlichung"],"_links":{"self":[{"href":"https:\/\/blogs.fu-berlin.de\/jfkpol\/wp-json\/wp\/v2\/posts\/511","targetHints":{"allow":["GET"]}}],"collection":[{"href":"https:\/\/blogs.fu-berlin.de\/jfkpol\/wp-json\/wp\/v2\/posts"}],"about":[{"href":"https:\/\/blogs.fu-berlin.de\/jfkpol\/wp-json\/wp\/v2\/types\/post"}],"author":[{"embeddable":true,"href":"https:\/\/blogs.fu-berlin.de\/jfkpol\/wp-json\/wp\/v2\/users\/762"}],"replies":[{"embeddable":true,"href":"https:\/\/blogs.fu-berlin.de\/jfkpol\/wp-json\/wp\/v2\/comments?post=511"}],"version-history":[{"count":8,"href":"https:\/\/blogs.fu-berlin.de\/jfkpol\/wp-json\/wp\/v2\/posts\/511\/revisions"}],"predecessor-version":[{"id":516,"href":"https:\/\/blogs.fu-berlin.de\/jfkpol\/wp-json\/wp\/v2\/posts\/511\/revisions\/516"}],"wp:attachment":[{"href":"https:\/\/blogs.fu-berlin.de\/jfkpol\/wp-json\/wp\/v2\/media?parent=511"}],"wp:term":[{"taxonomy":"category","embeddable":true,"href":"https:\/\/blogs.fu-berlin.de\/jfkpol\/wp-json\/wp\/v2\/categories?post=511"},{"taxonomy":"post_tag","embeddable":true,"href":"https:\/\/blogs.fu-berlin.de\/jfkpol\/wp-json\/wp\/v2\/tags?post=511"}],"curies":[{"name":"wp","href":"https:\/\/api.w.org\/{rel}","templated":true}]}}