{"id":644,"date":"2012-12-18T20:56:29","date_gmt":"2012-12-18T18:56:29","guid":{"rendered":"https:\/\/blogs.fu-berlin.de\/jfkpol\/?p=644"},"modified":"2012-12-18T20:56:29","modified_gmt":"2012-12-18T18:56:29","slug":"the-fiscal-cliff","status":"publish","type":"post","link":"https:\/\/blogs.fu-berlin.de\/jfkpol\/2012\/12\/18\/the-fiscal-cliff\/","title":{"rendered":"The Fiscal Cliff"},"content":{"rendered":"<h6 style=\"text-align: justify\">von Johannes\u00a0Dudziak<\/h6>\n<p style=\"text-align: justify\">Kaum hatte das amerikanische Volk Pr\u00e4sident Obama f\u00fcr eine zweite Amtsperiode Anfang November gew\u00e4hlt, konzentrierte sich die mediale Berichterstattung auf die Verhandlungen im amerikanischen Kongress \u00fcber den bis Anfang 2013 zu verabschiedenden Haushalt. Diese Berichterstattung wurde in einen Begriff zusammengefasst, der die n\u00e4chste Bedrohung Amerikas ank\u00fcndigt: <a href=\"https:\/\/www.washingtonpost.com\/blogs\/wonkblog\/wp\/2012\/11\/27\/absolutely-everything-you-need-to-know-about-the-fiscal-cliff-in-one-faq\/\">The Fiscal Cliff<\/a>.<\/p>\n<p style=\"text-align: justify\">Wenn Republikaner und Demokraten sich nicht \u00fcber Sparma\u00dfnahmen und Steuererh\u00f6hungen einigen k\u00f6nnten, so die Erz\u00e4hlweise in den Medien, w\u00fcrde das Land \u00fcber die fiskale Klippe fallen. Doch die Metapher verwirrt. Der Staatshaushalt kurz davor \u00fcber die Klippe in die\u00a0 Schuldenschlucht zu st\u00fcrzen? Das passt nicht.<\/p>\n<p style=\"text-align: justify\">Bei einem Scheitern der Verhandlungen w\u00fcrde das Gegenteil eintreten: Das Defizit w\u00fcrde dramatisch reduziert werden. Austerit\u00e4tspolitik w\u00e4re die Folge. Steuererh\u00f6hungen um die 500 Milliarden US Dollar und um die 200 Milliarden US Dollar an K\u00fcrzungen f\u00fcr sozialstaatliche Programme w\u00fcrden im Januar 2013 in Kraft treten wenn die Politiker im Kongress und Wei\u00dfen Haus keinen Kompromiss schlie\u00dfen. Dies w\u00fcrde<a href=\"https:\/\/cbo.gov\/publication\/43694\"> laut Congressional Budget Office<\/a> die Konjunktur abw\u00fcrgen \u2013 von der fiskalen Klippe (was immer das hei\u00dfen mag) fiele der Staat aber kaum.<\/p>\n<p style=\"text-align: justify\">\u00a0<a href=\"https:\/\/www.washingtonpost.com\/blogs\/wonkblog\/wp\/2012\/12\/17\/a-fiscal-cliff-deal-is-near-here-are-the-details\/\">Hier mehr zur wahrscheinlichen Entscheidung des Fiscal Cliffs.<\/a><\/p>\n","protected":false},"excerpt":{"rendered":"<p>von Johannes\u00a0Dudziak Kaum hatte das amerikanische Volk Pr\u00e4sident Obama f\u00fcr eine zweite Amtsperiode Anfang November gew\u00e4hlt, konzentrierte sich die mediale Berichterstattung auf die Verhandlungen im amerikanischen Kongress \u00fcber den bis Anfang 2013 zu verabschiedenden Haushalt. Diese Berichterstattung wurde in einen Begriff zusammengefasst, der die n\u00e4chste Bedrohung Amerikas ank\u00fcndigt: The Fiscal Cliff. Wenn Republikaner und Demokraten [&hellip;]<\/p>\n","protected":false},"author":762,"featured_media":0,"comment_status":"open","ping_status":"closed","sticky":false,"template":"","format":"standard","meta":{"footnotes":""},"categories":[157],"tags":[],"class_list":["post-644","post","type-post","status-publish","format-standard","hentry","category-the-state-of-american-democracy-innenpolitik"],"_links":{"self":[{"href":"https:\/\/blogs.fu-berlin.de\/jfkpol\/wp-json\/wp\/v2\/posts\/644","targetHints":{"allow":["GET"]}}],"collection":[{"href":"https:\/\/blogs.fu-berlin.de\/jfkpol\/wp-json\/wp\/v2\/posts"}],"about":[{"href":"https:\/\/blogs.fu-berlin.de\/jfkpol\/wp-json\/wp\/v2\/types\/post"}],"author":[{"embeddable":true,"href":"https:\/\/blogs.fu-berlin.de\/jfkpol\/wp-json\/wp\/v2\/users\/762"}],"replies":[{"embeddable":true,"href":"https:\/\/blogs.fu-berlin.de\/jfkpol\/wp-json\/wp\/v2\/comments?post=644"}],"version-history":[{"count":2,"href":"https:\/\/blogs.fu-berlin.de\/jfkpol\/wp-json\/wp\/v2\/posts\/644\/revisions"}],"predecessor-version":[{"id":646,"href":"https:\/\/blogs.fu-berlin.de\/jfkpol\/wp-json\/wp\/v2\/posts\/644\/revisions\/646"}],"wp:attachment":[{"href":"https:\/\/blogs.fu-berlin.de\/jfkpol\/wp-json\/wp\/v2\/media?parent=644"}],"wp:term":[{"taxonomy":"category","embeddable":true,"href":"https:\/\/blogs.fu-berlin.de\/jfkpol\/wp-json\/wp\/v2\/categories?post=644"},{"taxonomy":"post_tag","embeddable":true,"href":"https:\/\/blogs.fu-berlin.de\/jfkpol\/wp-json\/wp\/v2\/tags?post=644"}],"curies":[{"name":"wp","href":"https:\/\/api.w.org\/{rel}","templated":true}]}}