{"id":199,"date":"2010-07-04T21:24:21","date_gmt":"2010-07-04T19:24:21","guid":{"rendered":"https:\/\/blogs.fu-berlin.de\/kobserver\/?p=199"},"modified":"2010-07-04T21:24:54","modified_gmt":"2010-07-04T19:24:54","slug":"kommentar-zu-den-regionalwahlen-in-sudkorea-vom-2-juni-2010-deutliche-absage-an-das-rechtskonservative-regierungslager","status":"publish","type":"post","link":"https:\/\/blogs.fu-berlin.de\/kobserver\/2010\/07\/04\/kommentar-zu-den-regionalwahlen-in-sudkorea-vom-2-juni-2010-deutliche-absage-an-das-rechtskonservative-regierungslager\/","title":{"rendered":"Kommentar zu den Regionalwahlen in S\u00fcdkorea vom 2. Juni 2010: Deutliche Absage an das rechtskonservative Regierungslager"},"content":{"rendered":"<p>Etwas \u00fcber 38 Millionen s\u00fcdkoreanische B\u00fcrger waren am 2. Juni bei den f\u00fcnften landesweiten Regionalwahlen aufgerufen, ihre Stimmen abzugeben. Die oppositionelle Demokratische Partei (DP) gewann diese Wahlen deutlich, die Regierungspartei Gro\u00dfe Nationalpartei (GNP) wurde klar abgestraft. Anders als die Parlamentswahlen, die weniger als ein halbes Jahr nach den Pr\u00e4sidentschaftswahlen Ende 2007 im Fr\u00fchling 2008 stattfanden, k\u00f6nnen diese Regionalwahlen als klassische \u201eBew\u00e4hrungsprobe\u201c des amtierenden Regierungslagers verstanden werden. Sie hat sie nicht bestanden.<br \/>\nNeben 16 Oberb\u00fcrgermeistern und Provinz-Gouverneuren sowie 16 Bildungsminister\u00e4mter (Superintendenten) standen auch \u00fcber 200 Bezirksleiterposten, rund 700 Abgeordnetensitze der Bezirks- und knapp 3000 der Kommunalparlamente zur Wahl. Insgesamt standen knapp 4000 \u00c4mter zur Disposition. Die oppositionelle DP erh\u00e4lt sieben der 16 Governeurs\u00e4mter, die GNP sechs, die Restlichen gehen an die Partei f\u00fcr Freiheit und Fortschritt (FFP; Stadt Daejon) und zwei parteilose Kandidaten.<\/p>\n<p>Der komplette Kommentar ist <a href=\"https:\/\/www.geschkult.fu-berlin.de\/e\/oas\/korea-studien\/forschung\/Kommentare\/Kommunalwahlen_in_Suedkorea_2010c.pdf\">hier als PDF-Datei<\/a> abrufbar.<\/p>\n","protected":false},"excerpt":{"rendered":"<p>Etwas \u00fcber 38 Millionen s\u00fcdkoreanische B\u00fcrger waren am 2. Juni bei den f\u00fcnften landesweiten Regionalwahlen aufgerufen, ihre Stimmen abzugeben. Die oppositionelle Demokratische Partei (DP) gewann diese Wahlen deutlich, die Regierungspartei Gro\u00dfe Nationalpartei (GNP) wurde klar abgestraft. Anders als die Parlamentswahlen, die weniger als ein halbes Jahr nach den Pr\u00e4sidentschaftswahlen Ende 2007 im Fr\u00fchling 2008 stattfanden, &hellip; <a href=\"https:\/\/blogs.fu-berlin.de\/kobserver\/2010\/07\/04\/kommentar-zu-den-regionalwahlen-in-sudkorea-vom-2-juni-2010-deutliche-absage-an-das-rechtskonservative-regierungslager\/\" class=\"more-link\"><span class=\"screen-reader-text\">\u201eKommentar zu den Regionalwahlen in S\u00fcdkorea vom 2. Juni 2010: Deutliche Absage an das rechtskonservative Regierungslager\u201c<\/span> weiterlesen<\/a><\/p>\n","protected":false},"author":421,"featured_media":0,"comment_status":"open","ping_status":"open","sticky":false,"template":"","format":"standard","meta":{"footnotes":""},"categories":[1],"tags":[1358,1082,116,1868,1141,1867,1079,1871,1097,1832,1869,1870,1232],"class_list":["post-199","post","type-post","status-publish","format-standard","hentry","category-allgemein","tag-demokratie","tag-myung-bak","tag-politik","tag-rechtskonservativ","tag-regierung","tag-regionalwahlen","tag-sudkorea","tag-1871","tag-1097","tag-1832","tag-1869","tag-1870","tag-1232"],"_links":{"self":[{"href":"https:\/\/blogs.fu-berlin.de\/kobserver\/wp-json\/wp\/v2\/posts\/199","targetHints":{"allow":["GET"]}}],"collection":[{"href":"https:\/\/blogs.fu-berlin.de\/kobserver\/wp-json\/wp\/v2\/posts"}],"about":[{"href":"https:\/\/blogs.fu-berlin.de\/kobserver\/wp-json\/wp\/v2\/types\/post"}],"author":[{"embeddable":true,"href":"https:\/\/blogs.fu-berlin.de\/kobserver\/wp-json\/wp\/v2\/users\/421"}],"replies":[{"embeddable":true,"href":"https:\/\/blogs.fu-berlin.de\/kobserver\/wp-json\/wp\/v2\/comments?post=199"}],"version-history":[{"count":9,"href":"https:\/\/blogs.fu-berlin.de\/kobserver\/wp-json\/wp\/v2\/posts\/199\/revisions"}],"predecessor-version":[{"id":208,"href":"https:\/\/blogs.fu-berlin.de\/kobserver\/wp-json\/wp\/v2\/posts\/199\/revisions\/208"}],"wp:attachment":[{"href":"https:\/\/blogs.fu-berlin.de\/kobserver\/wp-json\/wp\/v2\/media?parent=199"}],"wp:term":[{"taxonomy":"category","embeddable":true,"href":"https:\/\/blogs.fu-berlin.de\/kobserver\/wp-json\/wp\/v2\/categories?post=199"},{"taxonomy":"post_tag","embeddable":true,"href":"https:\/\/blogs.fu-berlin.de\/kobserver\/wp-json\/wp\/v2\/tags?post=199"}],"curies":[{"name":"wp","href":"https:\/\/api.w.org\/{rel}","templated":true}]}}