{"id":224,"date":"2012-09-24T09:07:39","date_gmt":"2012-09-24T07:07:39","guid":{"rendered":"https:\/\/blogs.fu-berlin.de\/kobserver\/?p=224"},"modified":"2012-09-25T08:52:34","modified_gmt":"2012-09-25T06:52:34","slug":"regierungspartei-stellt-diktatorentochter-als-prasidenschaftskandidatin-auf","status":"publish","type":"post","link":"https:\/\/blogs.fu-berlin.de\/kobserver\/2012\/09\/24\/regierungspartei-stellt-diktatorentochter-als-prasidenschaftskandidatin-auf\/","title":{"rendered":"Regierungspartei stellt Diktatorentochter als Pr\u00e4sidenschaftskandidatin auf"},"content":{"rendered":"<p>28. August 2012<\/p>\n<p>Kommentar zu den Vorwahlen der regierenden Neue Welt Partei am 21. August 2012<\/p>\n<p style=\"text-align: left\">(<a title=\"Volltext\" href=\"https:\/\/www.geschkult.fu-berlin.de\/e\/oas\/korea-studien\/files\/Kommentar_NWP-Vorwahlen_2012.pdf\" target=\"_blank\">PDF<\/a>)<\/p>\n<p style=\"text-align: right\">Hannes B. Mosler<\/p>\n<p style=\"text-align: right\">Instiut f\u00fcr Koreastudien<\/p>\n<p style=\"text-align: right\">Freie Universit\u00e4t Berlin<\/p>\n<p style=\"text-align: left\">Zusammenfassung<\/p>\n<p>Die Tochter des ehemaligen Milit\u00e4rdiktators Park Chung-Hee, Park Geun-Hye, wird mit deutlicher Mehrheit zur Pr\u00e4sidentschaftskandidatin der Regierungspartei gew\u00e4hlt und nimmt damit ihren dritten Anlauf zum h\u00f6chsten politischen Amt S\u00fcdkoreas.<\/p>\n<p>Parks Wahlprogramm ist eine fast komplette Kehrtwende ihrer bisherigen stark neoliberal gepr\u00e4gten Politikvorstellungen, krankt aber noch an fundamentalen Widerspr\u00fcchen und unzureichend \u00fcberzeugender Erkl\u00e4rung.<\/p>\n<p>Parks politisches Familienerbe ist ihr Kapital und Schwachpunkt zugleich: solange sie keine klare, verantwortungsvolle Position zur dunklen Vergangenheit des Landes bezieht, bleibt ihr Sieg ungewiss.<\/p>\n<p>Die hei\u00dfe Phase des Rennens um die Pr\u00e4sidentschaft beginnt sp\u00e4testens im Oktober, wenn auch die Oppositionspartei ihren Kandidaten aufgestellt und die Frage der m\u00f6glichen Kandidaturvereinigung mit dem popul\u00e4ren Unternehmer Ahn Cheol-Su gekl\u00e4rt hat.<\/p>\n<p>_____<\/p>\n<p>Hier geht&#8217;s zum <a title=\"Volltext\" href=\"https:\/\/www.geschkult.fu-berlin.de\/e\/oas\/korea-studien\/files\/Kommentar_NWP-Vorwahlen_2012.pdf\" target=\"_blank\">Volltext<\/a> (PDF).<\/p>\n<p>_____<\/p>\n","protected":false},"excerpt":{"rendered":"<p>28. August 2012 Kommentar zu den Vorwahlen der regierenden Neue Welt Partei am 21. August 2012 (PDF) Hannes B. Mosler Instiut f\u00fcr Koreastudien Freie Universit\u00e4t Berlin Zusammenfassung Die Tochter des ehemaligen Milit\u00e4rdiktators Park Chung-Hee, Park Geun-Hye, wird mit deutlicher Mehrheit zur Pr\u00e4sidentschaftskandidatin der Regierungspartei gew\u00e4hlt und nimmt damit ihren dritten Anlauf zum h\u00f6chsten politischen Amt &hellip; <a href=\"https:\/\/blogs.fu-berlin.de\/kobserver\/2012\/09\/24\/regierungspartei-stellt-diktatorentochter-als-prasidenschaftskandidatin-auf\/\" class=\"more-link\"><span class=\"screen-reader-text\">\u201eRegierungspartei stellt Diktatorentochter als Pr\u00e4sidenschaftskandidatin auf\u201c<\/span> weiterlesen<\/a><\/p>\n","protected":false},"author":421,"featured_media":0,"comment_status":"open","ping_status":"open","sticky":false,"template":"","format":"standard","meta":{"footnotes":""},"categories":[486,1,1085],"tags":[2332,5885,5884,3046,5886,5883,1079,5887],"class_list":["post-224","post","type-post","status-publish","format-standard","hentry","category-aktuelles","category-allgemein","category-kommentar","tag-2332","tag-chung-hee","tag-diktator","tag-geun-hye","tag-jae-in","tag-prasidentschaftswahl","tag-sudkorea","tag-vergangenheit"],"_links":{"self":[{"href":"https:\/\/blogs.fu-berlin.de\/kobserver\/wp-json\/wp\/v2\/posts\/224","targetHints":{"allow":["GET"]}}],"collection":[{"href":"https:\/\/blogs.fu-berlin.de\/kobserver\/wp-json\/wp\/v2\/posts"}],"about":[{"href":"https:\/\/blogs.fu-berlin.de\/kobserver\/wp-json\/wp\/v2\/types\/post"}],"author":[{"embeddable":true,"href":"https:\/\/blogs.fu-berlin.de\/kobserver\/wp-json\/wp\/v2\/users\/421"}],"replies":[{"embeddable":true,"href":"https:\/\/blogs.fu-berlin.de\/kobserver\/wp-json\/wp\/v2\/comments?post=224"}],"version-history":[{"count":7,"href":"https:\/\/blogs.fu-berlin.de\/kobserver\/wp-json\/wp\/v2\/posts\/224\/revisions"}],"predecessor-version":[{"id":232,"href":"https:\/\/blogs.fu-berlin.de\/kobserver\/wp-json\/wp\/v2\/posts\/224\/revisions\/232"}],"wp:attachment":[{"href":"https:\/\/blogs.fu-berlin.de\/kobserver\/wp-json\/wp\/v2\/media?parent=224"}],"wp:term":[{"taxonomy":"category","embeddable":true,"href":"https:\/\/blogs.fu-berlin.de\/kobserver\/wp-json\/wp\/v2\/categories?post=224"},{"taxonomy":"post_tag","embeddable":true,"href":"https:\/\/blogs.fu-berlin.de\/kobserver\/wp-json\/wp\/v2\/tags?post=224"}],"curies":[{"name":"wp","href":"https:\/\/api.w.org\/{rel}","templated":true}]}}