{"id":168,"date":"2016-12-19T16:17:24","date_gmt":"2016-12-19T15:17:24","guid":{"rendered":"https:\/\/blogs.fu-berlin.de\/kolblog\/?p=168"},"modified":"2018-09-24T16:05:45","modified_gmt":"2018-09-24T14:05:45","slug":"marga_zenth2","status":"publish","type":"post","link":"https:\/\/blogs.fu-berlin.de\/kolblog\/marga_zenth2\/","title":{"rendered":"Der enfoque de g\u00e9nero im Friedensabkommen"},"content":{"rendered":"<p><em>Von: Marga Zenth (M.A. Interdisziplin\u00e4re Lateinamerikastudien, FU Berlin)<\/em><\/p>\n<p>Die <em>subcomisi\u00f3n de g\u00e9nero<\/em> konnte nur dank des <a href=\"https:\/\/www.lai.fu-berlin.de\/forschung\/lehrforschung\/Stimmen_zu_Kolumbien\/index.html\">Engagements<\/a> vieler Menschen, die sich f\u00fcr die Rechte von Frauen und f\u00fcr eine sexuelle Vielfalt im Land stark gemacht haben, erreichen, dass die Genderperspektive in alle Punkte des finalen Friedensabkommens aufgenommen wurde. Zahlreiche <a href=\"https:\/\/www.humanas.org.co\/pagina.php?p_a=82\">Treffen, Vortr\u00e4ge, Forumsdiskussionen, Nationale und Internationale Gipfel sowie Demonstrationen<\/a>, die seitens der Frauen organisiert und mobilisiert werden, machen das breite <a href=\"https:\/\/colombia2020.elespectador.com\/politica\/los-logros-de-la-subcomision-de-genero-en-tres-acuerdos-de-la-habana\">zivilgesellschaftliche Engagement<\/a> der Menschen deutlich, die sich f\u00fcr eine gr\u00f6\u00dfere Beteiligung von Frauen im Friedensprozess einsetzen m\u00f6chten.<\/p>\n<p>Insgesamt wird im Abschlussdokument der Genderfokus 144 Mal erw\u00e4hnt. Laut der Juristin<a href=\"https:\/\/www.las2orillas.co\/wp-content\/uploads\/2016\/10\/ENFOQUE-DE-GE%CC%81NERO-EN-ACUERDO-FINAL-LA-HABANA.pdf\"> Ilva Myriam Hoyos Casta\u00f1eda<\/a> ist die unterschiedliche Verwendung des Begriffs zu beachten. Einerseits wurde der Begriff <em>enfoque<\/em> in verschiedenen Bereichen verwendet (enfoque territorial, enfoque multidimensional, enfoque reparador, enfoque \u00e9tnico etc.), andererseits wird die Ebene auf die er sich bezieht unterschiedlich definiert (manchmal als Analyseinstrument auf bestimmte policies bezogen, manchmal jedoch auch als Ziel an sich innerhalb einer bestimmten policy). Die Autorin f\u00fchrt das zu dem Schluss, dass es sich bei dem Friedensabkommen eher weniger um eine St\u00e4rkung der Rechte der Frauen handelt, als um das heimliche Einbringen einer \u201e<a href=\"https:\/\/www.unidosporlavida.com\/2016\/09\/los-acuerdos-de-paz-del-gobierno-santos-farc-plagados-de-la-ideologia-de-genero\/\">Gender-Ideologie<\/a>\u201c. Sie repr\u00e4sentiert damit einen Teil des Gegenwinds durch konservative Str\u00f6mungen und kirchliche Akteure, die vor einer Gender-Ideologie warnen. Ebenfalls die \u201eNo\u201c-Kampagne der ultra-derecha, die den Genderfokus abzulehnt, da dieser ihrer Meinung nach die Rechte der traditionellen Familie und die Entwicklung von Kindern gef\u00e4hrde.<\/p>\n<p>In einer Stellungnahme der Mujeres Farianas wird dies explizit verneint und bekr\u00e4ftigt, dass<\/p>\n<p><em>Ni el enfoque de g\u00e9nero, ni ning\u00fan proceso de formaci\u00f3n que busque acercar a las comunidades a este tema va a hacerle da\u00f1o al pueblo colombiano; al contrario, sentar\u00e1 las bases de una sociedad menos excluyente y discriminatoria.<\/em><\/p>\n<p>Dass die Bev\u00f6lkerung im Referendum des 2.10.2016 die verhandelte Version des Friedensvertrags ablehnt, hat zur Folge, dass das \u00fcber einzelne Inhalte des Abkommens noch einmal verhandelt wird. In diesen Verhandlungen werden die Gegner der Friedensverhandlungen mit an den Verhandlungstisch geholt. Vergleicht man beide Dokumente wird deutlich sichtbar, dass der Genderfokus an unz\u00e4hligen Stellen aus den Dokument gestrichen werden musste oder teilweise durch Hinweise auf besondere Rechte der Frauen (oder der Frauen und M\u00e4nner) ersetzt wurde.<\/p>\n<p>Auf die Zukunft und die Implementierung bezogen geht das zivilgesellschaftliche Engagement der Frauen weiter. Auf dem II Cumbre Nacional de Mujeres y Paz im September 2016 beispielsweise diskutieren die Teilnehmerinnen die Realisierung des Abkommens und wie der Frieden mit allen Beteiligten der Gesellschaft und besonders mit einer starken politischen und institutionellen Beteiligung der Frauen realisiert<br \/>\nwerden kann. In einem Interview stellt die<a href=\"https:\/\/colombia2020.elespectador.com\/pais\/que-proponen-las-mujeres-para-implementar-los-acuerdos-de-paz\"> Aktivistin Beatriz Quintero <\/a>zusammenfassend fest:<\/p>\n<p><em>A nosotras no nos interesa un proceso de paz en el que no cambiemos nada, sino uno en el que construyamos una nueva realidad y nos comprometamos a eliminar la violencia contra las mujeres.<\/em><\/p>\n","protected":false},"excerpt":{"rendered":"<p>Von: Marga Zenth (M.A. Interdisziplin\u00e4re Lateinamerikastudien, FU Berlin) Die subcomisi\u00f3n de g\u00e9nero konnte nur dank des Engagements vieler Menschen, die sich f\u00fcr die Rechte von Frauen und f\u00fcr eine sexuelle Vielfalt im Land stark gemacht haben, erreichen, dass die Genderperspektive in alle Punkte des finalen Friedensabkommens aufgenommen wurde. Zahlreiche Treffen, Vortr\u00e4ge, Forumsdiskussionen, Nationale und Internationale &hellip; <a href=\"https:\/\/blogs.fu-berlin.de\/kolblog\/marga_zenth2\/\" class=\"more-link\"><span class=\"screen-reader-text\">\u201eDer enfoque de g\u00e9nero im Friedensabkommen\u201c<\/span> weiterlesen<\/a><\/p>\n","protected":false},"author":2806,"featured_media":0,"comment_status":"open","ping_status":"open","sticky":false,"template":"","format":"standard","meta":{"footnotes":""},"categories":[2789],"tags":[],"class_list":["post-168","post","type-post","status-publish","format-standard","hentry","category-gender"],"_links":{"self":[{"href":"https:\/\/blogs.fu-berlin.de\/kolblog\/wp-json\/wp\/v2\/posts\/168","targetHints":{"allow":["GET"]}}],"collection":[{"href":"https:\/\/blogs.fu-berlin.de\/kolblog\/wp-json\/wp\/v2\/posts"}],"about":[{"href":"https:\/\/blogs.fu-berlin.de\/kolblog\/wp-json\/wp\/v2\/types\/post"}],"author":[{"embeddable":true,"href":"https:\/\/blogs.fu-berlin.de\/kolblog\/wp-json\/wp\/v2\/users\/2806"}],"replies":[{"embeddable":true,"href":"https:\/\/blogs.fu-berlin.de\/kolblog\/wp-json\/wp\/v2\/comments?post=168"}],"version-history":[{"count":8,"href":"https:\/\/blogs.fu-berlin.de\/kolblog\/wp-json\/wp\/v2\/posts\/168\/revisions"}],"predecessor-version":[{"id":547,"href":"https:\/\/blogs.fu-berlin.de\/kolblog\/wp-json\/wp\/v2\/posts\/168\/revisions\/547"}],"wp:attachment":[{"href":"https:\/\/blogs.fu-berlin.de\/kolblog\/wp-json\/wp\/v2\/media?parent=168"}],"wp:term":[{"taxonomy":"category","embeddable":true,"href":"https:\/\/blogs.fu-berlin.de\/kolblog\/wp-json\/wp\/v2\/categories?post=168"},{"taxonomy":"post_tag","embeddable":true,"href":"https:\/\/blogs.fu-berlin.de\/kolblog\/wp-json\/wp\/v2\/tags?post=168"}],"curies":[{"name":"wp","href":"https:\/\/api.w.org\/{rel}","templated":true}]}}