{"id":106,"date":"2023-09-29T19:05:30","date_gmt":"2023-09-29T17:05:30","guid":{"rendered":"https:\/\/blogs.fu-berlin.de\/lai-alumni-mentoring\/?p=106"},"modified":"2023-09-29T19:05:30","modified_gmt":"2023-09-29T17:05:30","slug":"7-francisco-robles-rivera","status":"publish","type":"post","link":"https:\/\/blogs.fu-berlin.de\/lai-alumni-mentoring\/2023\/09\/29\/7-francisco-robles-rivera\/","title":{"rendered":"7. Francisco Robles Rivera"},"content":{"rendered":"\n<div class=\"wp-block-media-text alignwide is-stacked-on-mobile\" style=\"grid-template-columns:42% auto\"><figure class=\"wp-block-media-text__media\"><img loading=\"lazy\" decoding=\"async\" width=\"1024\" height=\"968\" src=\"https:\/\/blogs.fu-berlin.de\/lai-alumni-mentoring\/files\/2023\/09\/foto-2022-1024x968.jpg\" alt=\"\" class=\"wp-image-64 size-full\" srcset=\"https:\/\/blogs.fu-berlin.de\/lai-alumni-mentoring\/files\/2023\/09\/foto-2022-1024x968.jpg 1024w, https:\/\/blogs.fu-berlin.de\/lai-alumni-mentoring\/files\/2023\/09\/foto-2022-300x283.jpg 300w, https:\/\/blogs.fu-berlin.de\/lai-alumni-mentoring\/files\/2023\/09\/foto-2022-768x726.jpg 768w, https:\/\/blogs.fu-berlin.de\/lai-alumni-mentoring\/files\/2023\/09\/foto-2022-1536x1451.jpg 1536w, https:\/\/blogs.fu-berlin.de\/lai-alumni-mentoring\/files\/2023\/09\/foto-2022-2048x1935.jpg 2048w, https:\/\/blogs.fu-berlin.de\/lai-alumni-mentoring\/files\/2023\/09\/foto-2022-1200x1134.jpg 1200w\" sizes=\"auto, (max-width: 709px) 85vw, (max-width: 909px) 67vw, (max-width: 1362px) 62vw, 840px\" \/><\/figure><div class=\"wp-block-media-text__content\">\n<p class=\"has-small-font-size\">Profesor Catedr\u00e1tico de la Universidad de Costa Rica. Realiza investigaciones comparativas sobre la desigualdad, los medios de comunicaci\u00f3n, las \u00e9lites, la financiaci\u00f3n privada de los partidos pol\u00edticos y el poder en Am\u00e9rica Latina. El Dr. Robles-Rivera es doctor en Ciencias Pol\u00edticas por la Freie Universit\u00e4t de Berl\u00edn (DE), as\u00ed como m\u00e1ster en Estudios Latinoamericanos por la Universidad Nacional de Costa Rica. Co-cordina la Red de Investigaci\u00f3n sobre \u00c9lites en Am\u00e9rica Latina -REAL-, el grupo de Trabajo de CLACSO sobre \u00c9lites, Estado y Desigualdades y el Working Group Elites and Wealth. La mayor parte de su investigaci\u00f3n se ha centrado en Centroam\u00e9rica, una regi\u00f3n poco estudiada en Am\u00e9rica Latina. El Dr. Robles-Rivera ha recibido diferentes becas de organizaciones internacionales como el Departamento de Intercambio Alem\u00e1n (DAAD), el Centro de Altos Estudios Latinoamericanos Mar\u00eda Sibylla Merian (CALAS), el Centro de Estudios Latinoamericanos y del Caribe de la Universidad de Indiana y CLACSO. Ha publicado internacionalmente en diferentes Revistas: Revista de Ciencia Pol\u00edtica, Revista Espa\u00f1ola de Sociolog\u00edas, Revista Mexicana de Sociolog\u00eda, Colombia Internacional, UNRISD, entre otras.<\/p>\n<\/div><\/div>\n\n\n\n<p>Algunas preguntas a Francisco:<\/p>\n\n\n\n<div class=\"wp-block-columns is-layout-flex wp-container-core-columns-is-layout-9d6595d7 wp-block-columns-is-layout-flex\">\n<div class=\"wp-block-column is-layout-flow wp-block-column-is-layout-flow\">\n<p class=\"has-background\" style=\"background-color:#fffacf\">\u00bfQu\u00e9 es lo que te conecta con el LAI?<\/p>\n<\/div>\n\n\n\n<div class=\"wp-block-column is-layout-flow wp-block-column-is-layout-flow\">\n<p>Mi trayectoria en los estudios de doctorado entre 2014-2019<\/p>\n<\/div>\n<\/div>\n\n\n\n<div class=\"wp-block-columns is-layout-flex wp-container-core-columns-is-layout-9d6595d7 wp-block-columns-is-layout-flex\">\n<div class=\"wp-block-column is-layout-flow wp-block-column-is-layout-flow\">\n<p class=\"has-background\" style=\"background-color:#fffacf\">Describe brevemente que est\u00e1s haciendo en este puesto de trabajo.<\/p>\n<\/div>\n\n\n\n<div class=\"wp-block-column is-layout-flow wp-block-column-is-layout-flow\">\n<p>En la Universidad de Costa Rica soy profesor de la Escuela de Ciencias de Comunicaci\u00f3n Colectiva donde tengo cursos sobre metodolog\u00edas cuantitativas y cualitativas, as\u00ed como otros cursos de teor\u00eda y de realidad nacional. Adem\u00e1s, soy investigador del Instituto de Investigaciones Sociales donde estudi\u00f3 desde diferentes \u00e1ngulos la desigualdad, en particular, los medios de comunicaci\u00f3n, el financiamiento de campa\u00f1as electorales y las \u00e9lites econ\u00f3micas.<\/p>\n<\/div>\n<\/div>\n\n\n\n<div class=\"wp-block-columns is-layout-flex wp-container-core-columns-is-layout-9d6595d7 wp-block-columns-is-layout-flex\">\n<div class=\"wp-block-column is-layout-flow wp-block-column-is-layout-flow\">\n<p class=\"has-background\" style=\"background-color:#fffacf\">\u00bfQu\u00e9 es lo que m\u00e1s te gusta de tu trabajo?<\/p>\n<\/div>\n\n\n\n<div class=\"wp-block-column is-layout-flow wp-block-column-is-layout-flow\">\n<p>Aprender continuamente de la vida, la investigaci\u00f3n y del intercambio con las personas.<\/p>\n<\/div>\n<\/div>\n\n\n\n<div class=\"wp-block-columns is-layout-flex wp-container-core-columns-is-layout-9d6595d7 wp-block-columns-is-layout-flex\">\n<div class=\"wp-block-column is-layout-flow wp-block-column-is-layout-flow\">\n<p class=\"has-background\" style=\"background-color:#fffacf\">\u00bfQu\u00e9 es lo m\u00e1s complejo \/ dif\u00edcil?<\/p>\n<\/div>\n\n\n\n<div class=\"wp-block-column is-layout-flow wp-block-column-is-layout-flow\">\n<p>Estudiar la desigualdad en Am\u00e9rica Central es complejo, por un lado, por la falta de acceso a informaci\u00f3n, y sobre todo porque puede llegar a ser peligroso.<\/p>\n<\/div>\n<\/div>\n\n\n\n<div class=\"wp-block-columns is-layout-flex wp-container-core-columns-is-layout-9d6595d7 wp-block-columns-is-layout-flex\">\n<div class=\"wp-block-column is-layout-flow wp-block-column-is-layout-flow\">\n<p class=\"has-background\" style=\"background-color:#fffacf\">\u00bfQu\u00e9 dir\u00edas a un estudiante que busca un camino profesional parecido al tuyo? \u00bfQu\u00e9 le aconsejar\u00edas?<\/p>\n<\/div>\n\n\n\n<div class=\"wp-block-column is-layout-flow wp-block-column-is-layout-flow\">\n<p>Intenta buscar espacios donde nadie quiera conocer las causas y los porqu\u00e9 de lo que te interesa. Tom\u00e1 el tiempo, respira y segu\u00ed, hay muchas preguntas en la vida para contestar desde las ciencias sociales.<\/p>\n<\/div>\n<\/div>\n\n\n\n<div class=\"wp-block-columns is-layout-flex wp-container-core-columns-is-layout-9d6595d7 wp-block-columns-is-layout-flex\">\n<div class=\"wp-block-column is-layout-flow wp-block-column-is-layout-flow\">\n<p class=\"has-background\" style=\"background-color:#fffacf\">\u00bfQu\u00e9 te hubiese gustado saber iniciando tu carrera profesional?<\/p>\n<\/div>\n\n\n\n<div class=\"wp-block-column is-layout-flow wp-block-column-is-layout-flow\">\n<p>M\u00e1s sobre oportunidades despu\u00e9s del doctorado.<\/p>\n<\/div>\n<\/div>\n\n\n\n<div class=\"wp-block-columns is-layout-flex wp-container-core-columns-is-layout-9d6595d7 wp-block-columns-is-layout-flex\">\n<div class=\"wp-block-column is-layout-flow wp-block-column-is-layout-flow\">\n<p class=\"has-background\" style=\"background-color:#fffacf\">Comparte una fuerza tuya y una debilidad<\/p>\n<\/div>\n\n\n\n<div class=\"wp-block-column is-layout-flow wp-block-column-is-layout-flow\">\n<p>Las ganas de aprender, la ansiedad.<\/p>\n<\/div>\n<\/div>\n\n\n\n<div class=\"wp-block-columns is-layout-flex wp-container-core-columns-is-layout-9d6595d7 wp-block-columns-is-layout-flex\">\n<div class=\"wp-block-column is-layout-flow wp-block-column-is-layout-flow\">\n<p class=\"has-background\" style=\"background-color:#fffacf\">\u00bfQu\u00e9 es lo que te motiva en tu vida y en tu carrera?<\/p>\n<\/div>\n\n\n\n<div class=\"wp-block-column is-layout-flow wp-block-column-is-layout-flow\">\n<p>Pensar que puede haber un futuro m\u00e1s decente y digno para todas las personas.<\/p>\n<\/div>\n<\/div>\n\n\n\n<div class=\"wp-block-columns is-layout-flex wp-container-core-columns-is-layout-9d6595d7 wp-block-columns-is-layout-flex\">\n<div class=\"wp-block-column is-layout-flow wp-block-column-is-layout-flow\">\n<p class=\"has-background\" style=\"background-color:#fffacf\">\u00bfC\u00f3mo llegaste hasta donde est\u00e1s ahora (profesionalmente)<\/p>\n<\/div>\n\n\n\n<div class=\"wp-block-column is-layout-flow wp-block-column-is-layout-flow\">\n<p>Con el apoyo de muchas personas, agradecer a colegas y estudiantes, la academia no es un ejercicio individual, es un crecimiento colectivo<\/p>\n<\/div>\n<\/div>\n\n\n\n<div class=\"wp-block-columns is-layout-flex wp-container-core-columns-is-layout-9d6595d7 wp-block-columns-is-layout-flex\">\n<div class=\"wp-block-column is-layout-flow wp-block-column-is-layout-flow\">\n<p class=\"has-background\" style=\"background-color:#fffacf\">Tu consejo\/ motto general (y sabio)\u2026<\/p>\n<\/div>\n\n\n\n<div class=\"wp-block-column is-layout-flow wp-block-column-is-layout-flow\">\n<p>La tesis tiene 3 crisis: al inicio, en el medio y al final.<\/p>\n<\/div>\n<\/div>\n\n\n\n<div class=\"wp-block-columns is-layout-flex wp-container-core-columns-is-layout-9d6595d7 wp-block-columns-is-layout-flex\">\n<div class=\"wp-block-column is-layout-flow wp-block-column-is-layout-flow\">\n<p class=\"has-background\" style=\"background-color:#fffacf\">\u00bfQu\u00e9 podr\u00edas ofrecer a alumni de la maestria del LAI que te contactan? (ayuda para encontrar contactos, una pasant\u00eda, consejos, e.g.)<\/p>\n<\/div>\n\n\n\n<div class=\"wp-block-column is-layout-flow wp-block-column-is-layout-flow\">\n<p>Apoyo en metodolog\u00edas e ideas de investigaci\u00f3n sobre Am\u00e9rica Central, una regi\u00f3n sub estudiada y donde podemos aprender mucho. Anim\u00e9nse.<\/p>\n<\/div>\n<\/div>\n\n\n\n<div class=\"wp-block-columns is-layout-flex wp-container-core-columns-is-layout-9d6595d7 wp-block-columns-is-layout-flex\">\n<div class=\"wp-block-column is-layout-flow wp-block-column-is-layout-flow\">\n<p class=\"has-background\" style=\"background-color:#fffacf\">Compartes un contacto para que te contacten lxs estudiantes del LAI? (por favor, indique el e-mail \/ contacto)<\/p>\n<\/div>\n\n\n\n<div class=\"wp-block-column is-layout-flow wp-block-column-is-layout-flow\">\n<p>S\u00ed (Cont\u00e1ctenos en alumni@lai.fu-berlin para recibir el correo electr\u00f3nico.)<\/p>\n<\/div>\n<\/div>\n","protected":false},"excerpt":{"rendered":"<p>Profesor Catedr\u00e1tico de la Universidad de Costa Rica. Realiza investigaciones comparativas sobre la desigualdad, los medios de comunicaci\u00f3n, las \u00e9lites, la financiaci\u00f3n privada de los partidos pol\u00edticos y el poder en Am\u00e9rica Latina. El Dr. Robles-Rivera es doctor en Ciencias Pol\u00edticas por la Freie Universit\u00e4t de Berl\u00edn (DE), as\u00ed como m\u00e1ster en Estudios Latinoamericanos por &hellip; <a href=\"https:\/\/blogs.fu-berlin.de\/lai-alumni-mentoring\/2023\/09\/29\/7-francisco-robles-rivera\/\" class=\"more-link\"><span class=\"screen-reader-text\">\u201e7. Francisco Robles Rivera\u201c<\/span> weiterlesen<\/a><\/p>\n","protected":false},"author":7741,"featured_media":0,"comment_status":"open","ping_status":"open","sticky":false,"template":"","format":"standard","meta":{"footnotes":""},"categories":[9],"tags":[],"class_list":["post-106","post","type-post","status-publish","format-standard","hentry","category-allgemein"],"_links":{"self":[{"href":"https:\/\/blogs.fu-berlin.de\/lai-alumni-mentoring\/wp-json\/wp\/v2\/posts\/106","targetHints":{"allow":["GET"]}}],"collection":[{"href":"https:\/\/blogs.fu-berlin.de\/lai-alumni-mentoring\/wp-json\/wp\/v2\/posts"}],"about":[{"href":"https:\/\/blogs.fu-berlin.de\/lai-alumni-mentoring\/wp-json\/wp\/v2\/types\/post"}],"author":[{"embeddable":true,"href":"https:\/\/blogs.fu-berlin.de\/lai-alumni-mentoring\/wp-json\/wp\/v2\/users\/7741"}],"replies":[{"embeddable":true,"href":"https:\/\/blogs.fu-berlin.de\/lai-alumni-mentoring\/wp-json\/wp\/v2\/comments?post=106"}],"version-history":[{"count":1,"href":"https:\/\/blogs.fu-berlin.de\/lai-alumni-mentoring\/wp-json\/wp\/v2\/posts\/106\/revisions"}],"predecessor-version":[{"id":107,"href":"https:\/\/blogs.fu-berlin.de\/lai-alumni-mentoring\/wp-json\/wp\/v2\/posts\/106\/revisions\/107"}],"wp:attachment":[{"href":"https:\/\/blogs.fu-berlin.de\/lai-alumni-mentoring\/wp-json\/wp\/v2\/media?parent=106"}],"wp:term":[{"taxonomy":"category","embeddable":true,"href":"https:\/\/blogs.fu-berlin.de\/lai-alumni-mentoring\/wp-json\/wp\/v2\/categories?post=106"},{"taxonomy":"post_tag","embeddable":true,"href":"https:\/\/blogs.fu-berlin.de\/lai-alumni-mentoring\/wp-json\/wp\/v2\/tags?post=106"}],"curies":[{"name":"wp","href":"https:\/\/api.w.org\/{rel}","templated":true}]}}