{"id":108,"date":"2023-09-29T19:05:57","date_gmt":"2023-09-29T17:05:57","guid":{"rendered":"https:\/\/blogs.fu-berlin.de\/lai-alumni-mentoring\/?p=108"},"modified":"2023-09-29T19:43:41","modified_gmt":"2023-09-29T17:43:41","slug":"8-lucia-aguerre","status":"publish","type":"post","link":"https:\/\/blogs.fu-berlin.de\/lai-alumni-mentoring\/2023\/09\/29\/8-lucia-aguerre\/","title":{"rendered":"8. Luc\u00eda Aguerre"},"content":{"rendered":"\n<div class=\"wp-block-media-text alignwide is-stacked-on-mobile\" style=\"grid-template-columns:39% auto\"><figure class=\"wp-block-media-text__media\"><img loading=\"lazy\" decoding=\"async\" width=\"1000\" height=\"1000\" src=\"https:\/\/blogs.fu-berlin.de\/lai-alumni-mentoring\/files\/2023\/09\/PHOTO-2023-09-25-19-03-34.jpg\" alt=\"\" class=\"wp-image-65 size-full\" srcset=\"https:\/\/blogs.fu-berlin.de\/lai-alumni-mentoring\/files\/2023\/09\/PHOTO-2023-09-25-19-03-34.jpg 1000w, https:\/\/blogs.fu-berlin.de\/lai-alumni-mentoring\/files\/2023\/09\/PHOTO-2023-09-25-19-03-34-300x300.jpg 300w, https:\/\/blogs.fu-berlin.de\/lai-alumni-mentoring\/files\/2023\/09\/PHOTO-2023-09-25-19-03-34-150x150.jpg 150w, https:\/\/blogs.fu-berlin.de\/lai-alumni-mentoring\/files\/2023\/09\/PHOTO-2023-09-25-19-03-34-768x768.jpg 768w\" sizes=\"auto, (max-width: 709px) 85vw, (max-width: 909px) 67vw, (max-width: 1362px) 62vw, 840px\" \/><\/figure><div class=\"wp-block-media-text__content\">\n<p class=\"has-small-font-size\">Es Licenciada y Doctora en Filosof\u00eda por la Universidad de Buenos Aires (UBA). Coordina la Unidad de Investigaci\u00f3n y Vinculaci\u00f3n Cient\u00edfica de la Biblioteca del Congreso de la Naci\u00f3n de Argentina (BCN), donde lleva adelante actividades de investigaci\u00f3n, transferencia, y direcci\u00f3n del Programa de Becas para Estancias de Investigaci\u00f3n. Es Asesora de Vinculaci\u00f3n con el Sistema Cient\u00edfico en el Consejo Econ\u00f3mico y Social y la Secretar\u00eda de Asuntos Estrat\u00e9gicos de Argentina.<strong> <\/strong>Fue becaria de investigaci\u00f3n del Consejo Nacional de Investigaciones Cient\u00edficas y T\u00e9cnicas (CONICET), del Deutscher Akademischer Austauschdienst (DAAD), y de la Red DesiguALdades.net. En ese marco, realiz\u00f3 una estancia de investigaci\u00f3n doctoral en el Lateinamerika-Institut de FU Berlin.<strong><\/strong> Integra proyectos de investigaci\u00f3n sobre producci\u00f3n, circulaci\u00f3n e impactos del conocimiento. Entre ellos, investigadora responsable del Nodo PBA del proyecto \u201cCapacidades estatales en una agenda pospandemia\u201d del Programa de Investigaci\u00f3n sobre la Sociedad Argentina Contempor\u00e1nea de la Agencia I+D+i; y miembro del equipo organizador del ciclo \u201cAsimetr\u00edas del Conocimiento. Producci\u00f3n, Circulaci\u00f3n, Impactos&#8220;, conformado por BCN Argentina e Ibero-Amerikanisches Institut, financiado por Fundaci\u00f3n EU-LAC.<\/p>\n<\/div><\/div>\n\n\n\n<p class=\"has-small-font-size\">Es autora de libros y art\u00edculos en revistas cient\u00edficas sobre filosof\u00eda pr\u00e1ctica, pensamiento latinoamericano, conocimiento y sociedad. Entre las m\u00e1s recientes: Conocimiento y sociedad. La investigaci\u00f3n y las pol\u00edticas en di\u00e1logo (en coautor\u00eda con Niro, 2021), \u201cSarmiento y Mart\u00ed\u0301: continuidades y rupturas en la b\u00fasqueda del nuevo sujeto pol\u00edtico\u201d (2022) \u201cHermen\u00e9utica intercultural de la cr\u00edtica cl\u00e1sica alv\u00ednculo colonialidad\/universalidad\u201d (2020), El fen\u00f3meno migratorio y su relaci\u00f3n con la crisis de la noci\u00f3n moderna de ciudadan\u00eda (2018).<\/p>\n\n\n\n<p>Algunas preguntas a Luc\u00eda:<\/p>\n\n\n\n<div class=\"wp-block-columns is-layout-flex wp-container-core-columns-is-layout-9d6595d7 wp-block-columns-is-layout-flex\">\n<div class=\"wp-block-column is-layout-flow wp-block-column-is-layout-flow\">\n<p class=\"has-background\" style=\"background-color:#bac2ff;font-size:16px\">\u00bfQu\u00e9 es lo que te conecta con el LAI?<\/p>\n<\/div>\n\n\n\n<div class=\"wp-block-column is-layout-flow wp-block-column-is-layout-flow\">\n<p style=\"font-size:16px\">Mi conexi\u00f3n con el LAI comenz\u00f3 al realizar una estancia de investigaci\u00f3n doctoral en el marco de la Red DesiguALdades.net, una red de investigaci\u00f3n interdisciplinaria, internacional e interinstitucional sobre desigualdades interdependientes en Am\u00e9rica Latina.<\/p>\n<\/div>\n<\/div>\n\n\n\n<div class=\"wp-block-columns is-layout-flex wp-container-core-columns-is-layout-9d6595d7 wp-block-columns-is-layout-flex\">\n<div class=\"wp-block-column is-layout-flow wp-block-column-is-layout-flow\">\n<p class=\"has-background\" style=\"background-color:#bac2ff;font-size:16px\">Describe brevemente que est\u00e1s haciendo en este puesto de trabajo.<\/p>\n<\/div>\n\n\n\n<div class=\"wp-block-column is-layout-flow wp-block-column-is-layout-flow\">\n<p style=\"font-size:16px\">En la Unidad de Investigaci\u00f3n y Vinculaci\u00f3n Cient\u00edfica de la BCN llevo adelante actividades de investigaci\u00f3n en humanidades y ciencias sociales y coordino el Programa de Becas para Estancias de Investigaci\u00f3n en la Biblioteca del Congreso de la Naci\u00f3n, destinadas a que investigadores\/as de posgrado puedan llevar adelante estancias de investigaci\u00f3n haciendo uso de los fondos documentales y colecciones especiales de la BCN. En la Secretar\u00eda de Asuntos Estrat\u00e9gicos asesoro sobre la vinculaci\u00f3n de las pol\u00edticas p\u00fablicas con los conocimientos producidos por el sistema cient\u00edfico y universitario del pa\u00eds.<\/p>\n<\/div>\n<\/div>\n\n\n\n<div class=\"wp-block-columns is-layout-flex wp-container-core-columns-is-layout-9d6595d7 wp-block-columns-is-layout-flex\">\n<div class=\"wp-block-column is-layout-flow wp-block-column-is-layout-flow\">\n<p class=\"has-background\" style=\"background-color:#bac2ff;font-size:16px\">\u00bfQu\u00e9 es lo que m\u00e1s te gusta de tu trabajo?<\/p>\n<\/div>\n\n\n\n<div class=\"wp-block-column is-layout-flow wp-block-column-is-layout-flow\">\n<p style=\"font-size:16px\">Lo m\u00e1s interesante de mi trabajo es la posibilidad de participar en equipos de investigaci\u00f3n interdisciplinarios, fomentar la comunicaci\u00f3n entre perspectivas y tradiciones acad\u00e9micas, articularlos con otros saberes como los de las pol\u00edticas p\u00fablicas y otros sectores del entramado social; en suma, poner en circulaci\u00f3n los conocimientos. Adem\u00e1s, la posibilidad de conocer y apoyar los estudios espec\u00edficos de las y los investigadores, y reflexionar sobre los aspectos filos\u00f3ficos que encierra cada tema.<\/p>\n<\/div>\n<\/div>\n\n\n\n<div class=\"wp-block-columns is-layout-flex wp-container-core-columns-is-layout-9d6595d7 wp-block-columns-is-layout-flex\">\n<div class=\"wp-block-column is-layout-flow wp-block-column-is-layout-flow\">\n<p class=\"has-background\" style=\"background-color:#bac2ff;font-size:16px\">\u00bfQu\u00e9 es lo m\u00e1s complejo \/ dif\u00edcil?<\/p>\n<\/div>\n\n\n\n<div class=\"wp-block-column is-layout-flow wp-block-column-is-layout-flow\">\n<p style=\"font-size:16px\">Lo m\u00e1s complejo es encontrar los canales iniciales y los puntos comunes para que ese di\u00e1logo e intercambio suceda. Y si bien es un aspecto complejo, se trata de un desaf\u00edo con resultados muy valiosos.<\/p>\n<\/div>\n<\/div>\n\n\n\n<div class=\"wp-block-columns is-layout-flex wp-container-core-columns-is-layout-9d6595d7 wp-block-columns-is-layout-flex\">\n<div class=\"wp-block-column is-layout-flow wp-block-column-is-layout-flow\">\n<p class=\"has-background\" style=\"background-color:#bac2ff;font-size:16px\">\u00bfQu\u00e9 dir\u00edas a un estudiante que busca un camino profesional parecido al tuyo? \u00bfQu\u00e9 le aconsejar\u00edas?<\/p>\n<\/div>\n\n\n\n<div class=\"wp-block-column is-layout-flow wp-block-column-is-layout-flow\">\n<p style=\"font-size:16px\">Le aconsejar\u00eda animarse a insertarse en equipos de trabajo por fuera del \u00e1mbito exclusivamente acad\u00e9mico. Eso permite ver en perspectiva la investigaci\u00f3n y acercarse a problemas que requieren del trabajo cient\u00edfico orientado. Generar relaciones y v\u00ednculos a trav\u00e9s del trabajo y la cooperaci\u00f3n. Adem\u00e1s, aconsejar\u00eda realizar estancias de investigaci\u00f3n en otros pa\u00edses (\u00a1aunque muchos de ustedes ya lo est\u00e1n haciendo!).<\/p>\n<\/div>\n<\/div>\n\n\n\n<div class=\"wp-block-columns is-layout-flex wp-container-core-columns-is-layout-9d6595d7 wp-block-columns-is-layout-flex\">\n<div class=\"wp-block-column is-layout-flow wp-block-column-is-layout-flow\">\n<p class=\"has-background\" style=\"background-color:#bac2ff;font-size:16px\">\u00bfQu\u00e9 te hubiese gustado saber iniciando tu carrera profesional?<\/p>\n<\/div>\n\n\n\n<div class=\"wp-block-column is-layout-flow wp-block-column-is-layout-flow\">\n<p style=\"font-size:16px\">Que la creatividad es un valor importante tanto para la investigaci\u00f3n como para la realizaci\u00f3n de proyectos de distinto tipo, por lo que es bueno animarse, confiar en uno mismo y tomar riesgos.<\/p>\n<\/div>\n<\/div>\n\n\n\n<div class=\"wp-block-columns is-layout-flex wp-container-core-columns-is-layout-9d6595d7 wp-block-columns-is-layout-flex\">\n<div class=\"wp-block-column is-layout-flow wp-block-column-is-layout-flow\">\n<p class=\"has-background\" style=\"background-color:#bac2ff;font-size:16px\">Comparte una fuerza tuya y una debilidad<\/p>\n<\/div>\n\n\n\n<div class=\"wp-block-column is-layout-flow wp-block-column-is-layout-flow\">\n<p style=\"font-size:16px\">Una de mis fortalezas es que persigo objetivos y disfruto lograrlos, buscando siempre nuevas experiencias y horizontes que renueven mis intereses. Un aspecto que mejorar\u00eda es que a menudo me cuesta decir que no, lo que me genera situaciones de stress cuando las fechas l\u00edmite se empiezan a superponer.<\/p>\n<\/div>\n<\/div>\n\n\n\n<div class=\"wp-block-columns is-layout-flex wp-container-core-columns-is-layout-9d6595d7 wp-block-columns-is-layout-flex\">\n<div class=\"wp-block-column is-layout-flow wp-block-column-is-layout-flow\">\n<p class=\"has-background\" style=\"background-color:#bac2ff;font-size:16px\">\u00bfQu\u00e9 es lo que te motiva en tu vida y en tu carrera?<\/p>\n<\/div>\n\n\n\n<div class=\"wp-block-column is-layout-flow wp-block-column-is-layout-flow\">\n<p style=\"font-size:16px\">Me motivan los nuevos desaf\u00edos y los contextos que demanden reflexi\u00f3n y trabajo para mejorarlos. Tanto en la vida como en la carrera me motiva compartir con otrxs colegas, apoyarme en los afectos personales y cumplir con las metas que me propongo.<\/p>\n<\/div>\n<\/div>\n\n\n\n<div class=\"wp-block-columns is-layout-flex wp-container-core-columns-is-layout-9d6595d7 wp-block-columns-is-layout-flex\">\n<div class=\"wp-block-column is-layout-flow wp-block-column-is-layout-flow\">\n<p class=\"has-background\" style=\"background-color:#bac2ff;font-size:16px\">\u00bfC\u00f3mo llegaste hasta donde est\u00e1s ahora (profesionalmente)<\/p>\n<\/div>\n\n\n\n<div class=\"wp-block-column is-layout-flow wp-block-column-is-layout-flow\">\n<p style=\"font-size:16px\">De una forma mixta. Por un lado, planificando y poni\u00e9ndome objetivos, como terminar el doctorado, postularme a becas de investigaci\u00f3n, presentar proyectos. Es decir, pasos ordenados que implicaron disciplina personal. Pero tambi\u00e9n, transitando caminos m\u00e1s espont\u00e1neos, probando nuevos espacios de desempe\u00f1o profesional, proponiendo actividades y programas en instituciones acad\u00e9micas y de gesti\u00f3n, es decir, fomentando un aspecto creativo en lo profesional.<\/p>\n<\/div>\n<\/div>\n\n\n\n<div class=\"wp-block-columns is-layout-flex wp-container-core-columns-is-layout-9d6595d7 wp-block-columns-is-layout-flex\">\n<div class=\"wp-block-column is-layout-flow wp-block-column-is-layout-flow\">\n<p class=\"has-background\" style=\"background-color:#bac2ff;font-size:16px\">Tu consejo\/ motto general (y sabio)\u2026<\/p>\n<\/div>\n\n\n\n<div class=\"wp-block-column is-layout-flow wp-block-column-is-layout-flow\">\n<p style=\"font-size:16px\">Cada experiencia es una instancia de aprendizaje. Tanto los momentos satisfactorios como los no tan buenos son oportunidades para conocer un poco m\u00e1s sobre las personas, las instituciones, nuestras capacidades y tambi\u00e9n nuestras debilidades. Lo que aprendemos de experiencias dif\u00edciles es un valor y una herramienta para conseguir objetivos positivos en futuras oportunidades. Nunca desanimarse, y buscar equipos, amigxs y colegas con quienes avanzar.<\/p>\n<\/div>\n<\/div>\n\n\n\n<div class=\"wp-block-columns is-layout-flex wp-container-core-columns-is-layout-9d6595d7 wp-block-columns-is-layout-flex\">\n<div class=\"wp-block-column is-layout-flow wp-block-column-is-layout-flow\">\n<p class=\"has-background\" style=\"background-color:#bac2ff;font-size:16px\">\u00bfQu\u00e9 podr\u00edas ofrecer a alumni de la maestria del LAI que te contactan? (ayuda para encontrar contactos, una pasant\u00eda, consejos, e.g.)<\/p>\n<\/div>\n\n\n\n<div class=\"wp-block-column is-layout-flow wp-block-column-is-layout-flow\">\n<p style=\"font-size:16px\">En primer lugar, ofrecer la posibilidad de realizar estancias en el \u00e1mbito de investigaci\u00f3n de la Biblioteca del Congreso, con un equipo que brinda orientaci\u00f3n y acompa\u00f1amiento en las investigaciones. Adem\u00e1s, facilitar la conexi\u00f3n con actores acad\u00e9micos en distintas universidades de Argentina, y tambi\u00e9n con actores gubernamentales que puedan tener vinculaci\u00f3n con los temas de estudio.<\/p>\n<\/div>\n<\/div>\n\n\n\n<div class=\"wp-block-columns is-layout-flex wp-container-core-columns-is-layout-9d6595d7 wp-block-columns-is-layout-flex\">\n<div class=\"wp-block-column is-layout-flow wp-block-column-is-layout-flow\">\n<p class=\"has-background\" style=\"background-color:#bac2ff;font-size:16px\">Compartes un contacto para que te contacten lxs estudiantes del LAI? (por favor, indique el e-mail \/ contacto)<\/p>\n<\/div>\n\n\n\n<div class=\"wp-block-column is-layout-flow wp-block-column-is-layout-flow\">\n<p style=\"font-size:16px\">S\u00ed (Cont\u00e1ctenos en alumni@lai.fu-berlin para recibir el correo electr\u00f3nico.)<\/p>\n<\/div>\n<\/div>\n","protected":false},"excerpt":{"rendered":"<p>Es Licenciada y Doctora en Filosof\u00eda por la Universidad de Buenos Aires (UBA). Coordina la Unidad de Investigaci\u00f3n y Vinculaci\u00f3n Cient\u00edfica de la Biblioteca del Congreso de la Naci\u00f3n de Argentina (BCN), donde lleva adelante actividades de investigaci\u00f3n, transferencia, y direcci\u00f3n del Programa de Becas para Estancias de Investigaci\u00f3n. Es Asesora de Vinculaci\u00f3n con el &hellip; <a href=\"https:\/\/blogs.fu-berlin.de\/lai-alumni-mentoring\/2023\/09\/29\/8-lucia-aguerre\/\" class=\"more-link\"><span class=\"screen-reader-text\">\u201e8. Luc\u00eda Aguerre\u201c<\/span> weiterlesen<\/a><\/p>\n","protected":false},"author":7741,"featured_media":0,"comment_status":"open","ping_status":"open","sticky":false,"template":"","format":"standard","meta":{"footnotes":""},"categories":[9],"tags":[],"class_list":["post-108","post","type-post","status-publish","format-standard","hentry","category-allgemein"],"_links":{"self":[{"href":"https:\/\/blogs.fu-berlin.de\/lai-alumni-mentoring\/wp-json\/wp\/v2\/posts\/108","targetHints":{"allow":["GET"]}}],"collection":[{"href":"https:\/\/blogs.fu-berlin.de\/lai-alumni-mentoring\/wp-json\/wp\/v2\/posts"}],"about":[{"href":"https:\/\/blogs.fu-berlin.de\/lai-alumni-mentoring\/wp-json\/wp\/v2\/types\/post"}],"author":[{"embeddable":true,"href":"https:\/\/blogs.fu-berlin.de\/lai-alumni-mentoring\/wp-json\/wp\/v2\/users\/7741"}],"replies":[{"embeddable":true,"href":"https:\/\/blogs.fu-berlin.de\/lai-alumni-mentoring\/wp-json\/wp\/v2\/comments?post=108"}],"version-history":[{"count":3,"href":"https:\/\/blogs.fu-berlin.de\/lai-alumni-mentoring\/wp-json\/wp\/v2\/posts\/108\/revisions"}],"predecessor-version":[{"id":136,"href":"https:\/\/blogs.fu-berlin.de\/lai-alumni-mentoring\/wp-json\/wp\/v2\/posts\/108\/revisions\/136"}],"wp:attachment":[{"href":"https:\/\/blogs.fu-berlin.de\/lai-alumni-mentoring\/wp-json\/wp\/v2\/media?parent=108"}],"wp:term":[{"taxonomy":"category","embeddable":true,"href":"https:\/\/blogs.fu-berlin.de\/lai-alumni-mentoring\/wp-json\/wp\/v2\/categories?post=108"},{"taxonomy":"post_tag","embeddable":true,"href":"https:\/\/blogs.fu-berlin.de\/lai-alumni-mentoring\/wp-json\/wp\/v2\/tags?post=108"}],"curies":[{"name":"wp","href":"https:\/\/api.w.org\/{rel}","templated":true}]}}