{"id":112,"date":"2023-09-29T19:06:43","date_gmt":"2023-09-29T17:06:43","guid":{"rendered":"https:\/\/blogs.fu-berlin.de\/lai-alumni-mentoring\/?p=112"},"modified":"2023-09-29T19:07:51","modified_gmt":"2023-09-29T17:07:51","slug":"10-marcela-bustamante","status":"publish","type":"post","link":"https:\/\/blogs.fu-berlin.de\/lai-alumni-mentoring\/2023\/09\/29\/10-marcela-bustamante\/","title":{"rendered":"10. Marcela Bustamante"},"content":{"rendered":"\n<div class=\"wp-block-media-text alignwide is-stacked-on-mobile\" style=\"grid-template-columns:41% auto\"><figure class=\"wp-block-media-text__media\"><img loading=\"lazy\" decoding=\"async\" width=\"720\" height=\"719\" src=\"https:\/\/blogs.fu-berlin.de\/lai-alumni-mentoring\/files\/2023\/09\/Foto-Marce-1.jpg\" alt=\"\" class=\"wp-image-80 size-full\" srcset=\"https:\/\/blogs.fu-berlin.de\/lai-alumni-mentoring\/files\/2023\/09\/Foto-Marce-1.jpg 720w, https:\/\/blogs.fu-berlin.de\/lai-alumni-mentoring\/files\/2023\/09\/Foto-Marce-1-300x300.jpg 300w, https:\/\/blogs.fu-berlin.de\/lai-alumni-mentoring\/files\/2023\/09\/Foto-Marce-1-150x150.jpg 150w\" sizes=\"auto, (max-width: 709px) 85vw, (max-width: 909px) 67vw, (max-width: 984px) 61vw, (max-width: 1362px) 45vw, 600px\" \/><\/figure><div class=\"wp-block-media-text__content\">\n<p class=\"has-small-font-size\">Abogada de la Universidad Externado de Colombia, con Maestria en Estudios Interdisciplinarios Latinaom\u00e9ricanos con \u00e9nfasis en transformaciones socio-pol\u00edticas y g\u00e9nero, de la Universidad Libre de Berlin, y especializada en resoluci\u00f3n alternativa de conflictos socio-ambientales de la Pontificie Universidad Cat\u00f3lica del Per\u00fa. Cuenta con m\u00e1s de 13 a\u00f1os de experiencia en el campo del desarrollo y la cooperaci\u00f3n internacional. Trabaj\u00f3 en Per\u00fa dos a\u00f1os para la cooperaci\u00f3n alemana GIZ, asesorando al gobierno en la implementaci\u00f3n del derecho internacional humanitario en el ordenamiento interno. En Colombia, trabaj\u00f3 como experta de v\u00edctimas del conflicto armado para un programa que implementaba USAID denominado Pol\u00edticas P\u00fablicas, que asesor\u00f3 al gobierno en fortalecer su institucionalidad de cara a la reparaci\u00f3n de las v\u00edctimas del conflicto. Posteriormente trabaj\u00f3 como Jefe de Asuntos Internacionales de la Defensor\u00eda del Pueblo de Colombia, en la que su rol principal era posicionar los temas de derechos humanos a nivel internacional frente a Agencia de Naciones Unidas. Igualmente ten\u00eda a su cargo velar por el cumplimiento de los derechos humanos en las cinco fronteras de Colombia. Ten\u00eda a su cargo el \u00e1rea de cooperaci\u00f3n internacional y manejo con donantes. <\/p>\n<\/div><\/div>\n\n\n\n<p class=\"has-small-font-size\">Hace seis a\u00f1os trabaja para la organizaci\u00f3n internacional HelpAge, con sede en Londres, y actualmente su cargo es representante regional para Am\u00e9rica Latina y el Caribe, cuyo rol principal es posicionar la agenda de los derechos humanos de las personas mayores ante gobiernos. As\u00ed mismo velar para que las personas construyan su envejecimiento en condiciones dignas. En este momento lidera a nivel regional una red con 50 organizaciones que trabajan con la vejez y envejecimiento. Ha liderado varias investigaciones a nivel regional en el \u00e1rea de migraci\u00f3n y envejecimiento.<\/p>\n\n\n\n<p>Algunas preguntas a Marcela: <\/p>\n\n\n\n<div class=\"wp-block-columns is-layout-flex wp-container-core-columns-is-layout-9d6595d7 wp-block-columns-is-layout-flex\">\n<div class=\"wp-block-column is-layout-flow wp-block-column-is-layout-flow\">\n<p>\u00bfQu\u00e9 es lo que te conecta con el LAI?<\/p>\n<\/div>\n\n\n\n<div class=\"wp-block-column is-layout-flow wp-block-column-is-layout-flow\">\n<p>Termine MA en Estudios Latinoamericanos Interdisciplinarios en el 2008.<\/p>\n<\/div>\n<\/div>\n\n\n\n<div class=\"wp-block-columns is-layout-flex wp-container-core-columns-is-layout-9d6595d7 wp-block-columns-is-layout-flex\">\n<div class=\"wp-block-column is-layout-flow wp-block-column-is-layout-flow\">\n<p class=\"has-background\" style=\"background-color:#bac2ff\">Describe brevemente que est\u00e1s haciendo en este puesto de trabajo.<\/p>\n<\/div>\n\n\n\n<div class=\"wp-block-column is-layout-flow wp-block-column-is-layout-flow\">\n<p>Represento la organizaci\u00f3n regionalmente. Hago un fuerte trabajo de incidencia y cabildeo para posicionar la agenda de vejez y envejecimiento en las pol\u00edticas p\u00fablicas. Investigamos la interseccionalidad entre vejez y migraci\u00f3n, cambio clim\u00e1tico, g\u00e9nero. Consolido alianzas con gobiernos, Agencias de Naciones Unidas, y Sociedad Civil.&nbsp;<\/p>\n<\/div>\n<\/div>\n\n\n\n<div class=\"wp-block-columns is-layout-flex wp-container-core-columns-is-layout-9d6595d7 wp-block-columns-is-layout-flex\">\n<div class=\"wp-block-column is-layout-flow wp-block-column-is-layout-flow\">\n<p class=\"has-background\" style=\"background-color:#bac2ff\">\u00bfQu\u00e9 es lo que m\u00e1s te gusta de tu trabajo?<\/p>\n<\/div>\n\n\n\n<div class=\"wp-block-column is-layout-flow wp-block-column-is-layout-flow\">\n<p>Me gusta que trabajamos en un \u00e1rea marginal como es la vejez y el envejecimiento. La regi\u00f3n envejece aceleradamente, y esto tiene un impacto social, econ\u00f3mico, en salud, frente a lo cual no hay una agenda p\u00fablica que le de cara a los retos del envejecimiento de la poblaci\u00f3n. Existen nuevas vejeces y nuevos desaf\u00edos que la sociedad debe encarar.<\/p>\n<\/div>\n<\/div>\n\n\n\n<div class=\"wp-block-columns is-layout-flex wp-container-core-columns-is-layout-9d6595d7 wp-block-columns-is-layout-flex\">\n<div class=\"wp-block-column is-layout-flow wp-block-column-is-layout-flow\">\n<p class=\"has-background\" style=\"background-color:#bac2ff\">\u00bfQu\u00e9 es lo m\u00e1s complejo \/ dif\u00edcil?<\/p>\n<\/div>\n\n\n\n<div class=\"wp-block-column is-layout-flow wp-block-column-is-layout-flow\">\n<p>El viejismo o la discriminaci\u00f3n por edad, la cultura de la \u201canti-edad\u201d, que crea estereotipos sobre la vejez y el envejecimiento, que lo que hace es que nadie se quiera reconocer como envejeciente o viejo, lo que ocasiona un vaci\u00f3 en las pol\u00edticas p\u00fablicas.<\/p>\n<\/div>\n<\/div>\n\n\n\n<div class=\"wp-block-columns is-layout-flex wp-container-core-columns-is-layout-9d6595d7 wp-block-columns-is-layout-flex\">\n<div class=\"wp-block-column is-layout-flow wp-block-column-is-layout-flow\">\n<p class=\"has-background\" style=\"background-color:#bac2ff\">\u00bfQu\u00e9 dir\u00edas a un estudiante que busca un camino profesional parecido al tuyo? \u00bfQu\u00e9 le aconsejar\u00edas?<\/p>\n<\/div>\n\n\n\n<div class=\"wp-block-column is-layout-flow wp-block-column-is-layout-flow\">\n<p>Es interesante el \u00e1rea de la cooperaci\u00f3n internacional, es un campo amplio de trabajo en ciertos pa\u00edses de la regi\u00f3n, donde los procesos de reclutamiento se hacen por convocatoria.&nbsp; En esta \u00e1rea de las ONG internacionales es un plus tener experiencia en diferentes pa\u00edses y\/o regiones. M\u00e1s que un doctorado, es una ventaja, tener experiencia de trabajo.<\/p>\n<\/div>\n<\/div>\n\n\n\n<div class=\"wp-block-columns is-layout-flex wp-container-core-columns-is-layout-9d6595d7 wp-block-columns-is-layout-flex\">\n<div class=\"wp-block-column is-layout-flow wp-block-column-is-layout-flow\">\n<p class=\"has-background\" style=\"background-color:#bac2ff\">\u00bfQu\u00e9 te hubiese gustado saber iniciando tu carrera profesional?<\/p>\n<\/div>\n\n\n\n<div class=\"wp-block-column is-layout-flow wp-block-column-is-layout-flow\">\n<p>Que el ingl\u00e9s era muy importante adquirirlo, mejorarlo al comienzo de mis estudios, porque es clave para el trabajo en la cooperaci\u00f3n internacional.<\/p>\n<\/div>\n<\/div>\n\n\n\n<div class=\"wp-block-columns is-layout-flex wp-container-core-columns-is-layout-9d6595d7 wp-block-columns-is-layout-flex\">\n<div class=\"wp-block-column is-layout-flow wp-block-column-is-layout-flow\">\n<p class=\"has-background\" style=\"background-color:#bac2ff\">Comparte una fuerza tuya y una debilidad<\/p>\n<\/div>\n\n\n\n<div class=\"wp-block-column is-layout-flow wp-block-column-is-layout-flow\">\n<p>Tengo un pensamiento estrat\u00e9gico, anal\u00edtico, innovador. La debilidad es que no soy operativa ni ejecutora. Requiero de un equipo para que ejecuten las estrategias.<\/p>\n<\/div>\n<\/div>\n\n\n\n<div class=\"wp-block-columns is-layout-flex wp-container-core-columns-is-layout-9d6595d7 wp-block-columns-is-layout-flex\">\n<div class=\"wp-block-column is-layout-flow wp-block-column-is-layout-flow\">\n<p class=\"has-background\" style=\"background-color:#bac2ff\">\u00bfQu\u00e9 es lo que te motiva en tu vida y en tu carrera?<\/p>\n<\/div>\n\n\n\n<div class=\"wp-block-column is-layout-flow wp-block-column-is-layout-flow\">\n<p>Que estoy haciendo un trabajo que me gusta, que tiene sentido, que estoy aportando a mi regi\u00f3n, en un tema muy importante y necesario.<\/p>\n<\/div>\n<\/div>\n\n\n\n<div class=\"wp-block-columns is-layout-flex wp-container-core-columns-is-layout-9d6595d7 wp-block-columns-is-layout-flex\">\n<div class=\"wp-block-column is-layout-flow wp-block-column-is-layout-flow\">\n<p class=\"has-background\" style=\"background-color:#bac2ff\">\u00bfC\u00f3mo llegaste hasta donde est\u00e1s ahora (profesionalmente)<\/p>\n<\/div>\n\n\n\n<div class=\"wp-block-column is-layout-flow wp-block-column-is-layout-flow\">\n<p>A punta de esfuerzo. Despu\u00e9s del Master aplique a la GIZ, en Per\u00fa. Luego regrese &nbsp;a Colombia, y me vincule en varios programas de USAID, pase por la&nbsp; Defensor\u00eda del Pueblo en el \u00e1rea internacional, y por \u00faltimo aplique a una organizaci\u00f3n internacional.<\/p>\n<\/div>\n<\/div>\n\n\n\n<div class=\"wp-block-columns is-layout-flex wp-container-core-columns-is-layout-9d6595d7 wp-block-columns-is-layout-flex\">\n<div class=\"wp-block-column is-layout-flow wp-block-column-is-layout-flow\">\n<p class=\"has-background\" style=\"background-color:#bac2ff\">Tu consejo\/ motto general (y sabio)\u2026<\/p>\n<\/div>\n\n\n\n<div class=\"wp-block-column is-layout-flow wp-block-column-is-layout-flow\">\n<p>Ser flexible, tener experiencia en diferentes pa\u00edses, contextos, culturas, y buscar siempre el bien com\u00fan y regresar a sus respectivos pa\u00edses con algo de ambici\u00f3n pero tambi\u00e9n con humildad.<\/p>\n<\/div>\n<\/div>\n\n\n\n<div class=\"wp-block-columns is-layout-flex wp-container-core-columns-is-layout-9d6595d7 wp-block-columns-is-layout-flex\">\n<div class=\"wp-block-column is-layout-flow wp-block-column-is-layout-flow\">\n<p class=\"has-background\" style=\"background-color:#bac2ff\">\u00bfQu\u00e9 podr\u00edas ofrecer a alumni de la maestria del LAI que te contactan? (ayuda para encontrar contactos, una pasant\u00eda, consejos, e.g.)<\/p>\n<\/div>\n\n\n\n<div class=\"wp-block-column is-layout-flow wp-block-column-is-layout-flow\">\n<p>Consejos y Contactos.<\/p>\n<\/div>\n<\/div>\n\n\n\n<div class=\"wp-block-columns is-layout-flex wp-container-core-columns-is-layout-9d6595d7 wp-block-columns-is-layout-flex\">\n<div class=\"wp-block-column is-layout-flow wp-block-column-is-layout-flow\">\n<p class=\"has-background\" style=\"background-color:#bac2ff\">Compartes un contacto para que te contacten lxs estudiantes del LAI? (por favor, indique el e-mail \/ contacto)<\/p>\n<\/div>\n\n\n\n<div class=\"wp-block-column is-layout-flow wp-block-column-is-layout-flow\">\n<p>S\u00ed (Cont\u00e1ctenos en alumni@lai.fu-berlin para recibir el correo electr\u00f3nico.)<\/p>\n<\/div>\n<\/div>\n","protected":false},"excerpt":{"rendered":"<p>Abogada de la Universidad Externado de Colombia, con Maestria en Estudios Interdisciplinarios Latinaom\u00e9ricanos con \u00e9nfasis en transformaciones socio-pol\u00edticas y g\u00e9nero, de la Universidad Libre de Berlin, y especializada en resoluci\u00f3n alternativa de conflictos socio-ambientales de la Pontificie Universidad Cat\u00f3lica del Per\u00fa. Cuenta con m\u00e1s de 13 a\u00f1os de experiencia en el campo del desarrollo y &hellip; <a href=\"https:\/\/blogs.fu-berlin.de\/lai-alumni-mentoring\/2023\/09\/29\/10-marcela-bustamante\/\" class=\"more-link\"><span class=\"screen-reader-text\">\u201e10. Marcela Bustamante\u201c<\/span> weiterlesen<\/a><\/p>\n","protected":false},"author":7741,"featured_media":0,"comment_status":"open","ping_status":"open","sticky":false,"template":"","format":"standard","meta":{"footnotes":""},"categories":[9],"tags":[],"class_list":["post-112","post","type-post","status-publish","format-standard","hentry","category-allgemein"],"_links":{"self":[{"href":"https:\/\/blogs.fu-berlin.de\/lai-alumni-mentoring\/wp-json\/wp\/v2\/posts\/112","targetHints":{"allow":["GET"]}}],"collection":[{"href":"https:\/\/blogs.fu-berlin.de\/lai-alumni-mentoring\/wp-json\/wp\/v2\/posts"}],"about":[{"href":"https:\/\/blogs.fu-berlin.de\/lai-alumni-mentoring\/wp-json\/wp\/v2\/types\/post"}],"author":[{"embeddable":true,"href":"https:\/\/blogs.fu-berlin.de\/lai-alumni-mentoring\/wp-json\/wp\/v2\/users\/7741"}],"replies":[{"embeddable":true,"href":"https:\/\/blogs.fu-berlin.de\/lai-alumni-mentoring\/wp-json\/wp\/v2\/comments?post=112"}],"version-history":[{"count":1,"href":"https:\/\/blogs.fu-berlin.de\/lai-alumni-mentoring\/wp-json\/wp\/v2\/posts\/112\/revisions"}],"predecessor-version":[{"id":113,"href":"https:\/\/blogs.fu-berlin.de\/lai-alumni-mentoring\/wp-json\/wp\/v2\/posts\/112\/revisions\/113"}],"wp:attachment":[{"href":"https:\/\/blogs.fu-berlin.de\/lai-alumni-mentoring\/wp-json\/wp\/v2\/media?parent=112"}],"wp:term":[{"taxonomy":"category","embeddable":true,"href":"https:\/\/blogs.fu-berlin.de\/lai-alumni-mentoring\/wp-json\/wp\/v2\/categories?post=112"},{"taxonomy":"post_tag","embeddable":true,"href":"https:\/\/blogs.fu-berlin.de\/lai-alumni-mentoring\/wp-json\/wp\/v2\/tags?post=112"}],"curies":[{"name":"wp","href":"https:\/\/api.w.org\/{rel}","templated":true}]}}