{"id":114,"date":"2023-09-29T19:07:18","date_gmt":"2023-09-29T17:07:18","guid":{"rendered":"https:\/\/blogs.fu-berlin.de\/lai-alumni-mentoring\/?p=114"},"modified":"2023-09-29T19:07:18","modified_gmt":"2023-09-29T17:07:18","slug":"11-barbara-mora","status":"publish","type":"post","link":"https:\/\/blogs.fu-berlin.de\/lai-alumni-mentoring\/2023\/09\/29\/11-barbara-mora\/","title":{"rendered":"11. B\u00e1rbara Mora"},"content":{"rendered":"\n<div class=\"wp-block-media-text alignwide is-stacked-on-mobile\" style=\"grid-template-columns:44% auto\"><figure class=\"wp-block-media-text__media\"><img loading=\"lazy\" decoding=\"async\" width=\"325\" height=\"430\" src=\"https:\/\/blogs.fu-berlin.de\/lai-alumni-mentoring\/files\/2023\/09\/Bild2.png\" alt=\"\" class=\"wp-image-82 size-full\" srcset=\"https:\/\/blogs.fu-berlin.de\/lai-alumni-mentoring\/files\/2023\/09\/Bild2.png 325w, https:\/\/blogs.fu-berlin.de\/lai-alumni-mentoring\/files\/2023\/09\/Bild2-227x300.png 227w\" sizes=\"auto, (max-width: 325px) 85vw, 325px\" \/><\/figure><div class=\"wp-block-media-text__content\">\n<p class=\"has-small-font-size\">Abogada con maestr\u00eda en Estudios Latinoamericanos Interdisciplinarios con enfoque en g\u00e9nero de la Universidad Libre de Berl\u00edn y diplom\u00e1tica de carrera de Colombia.&nbsp;Ha enfocado su trayectoria profesional principalmente en el sector p\u00fablico y, tem\u00e1ticamente, en los derechos humanos. Dentro de ese \u00e1mbito, ha trabajado en proyectos de litigio estrat\u00e9gico y en el sistema de justicia transicional llevando a cabo investigaciones sobre justicia, impunidad y responsabilidades colectivas en el conflicto armado colombiano en la Comisi\u00f3n para el Esclarecimiento de la Verdad, la Convivencia y la No Repetici\u00f3n. Adem\u00e1s, ha trabajado en la ejecuci\u00f3n de medidas de protecci\u00f3n estatal, el seguimiento de \u00f3rdenes y recomendaciones internacionales en materia de derechos humanos y derecho internacional humanitario y en la representaci\u00f3n del Estado ante el Comit\u00e9 del Pacto Internacional de Derechos Humanos.&nbsp;Obtuvo el primer puesto en el Curso de Capacitaci\u00f3n Diplom\u00e1tica y Consular 2023 y actualmente trabaja en la Direcci\u00f3n de Asuntos Jur\u00eddicos Internacionales del Ministerio de Relaciones Exteriores de Colombia.&nbsp;&nbsp;<\/p>\n<\/div><\/div>\n\n\n\n<p>Algunas preguntas a B\u00e1rbara: <\/p>\n\n\n\n<div class=\"wp-block-columns is-layout-flex wp-container-core-columns-is-layout-9d6595d7 wp-block-columns-is-layout-flex\">\n<div class=\"wp-block-column is-layout-flow wp-block-column-is-layout-flow\">\n<p class=\"has-background\" style=\"background-color:#fffacf\">\u00bfQu\u00e9 es lo que te conecta con el LAI?<\/p>\n<\/div>\n\n\n\n<div class=\"wp-block-column is-layout-flow wp-block-column-is-layout-flow\">\n<p>Estudi\u00e9 la maestr\u00eda de estudios interdisciplinarios latinoamericanos en la que opt\u00e9 por el enfoque en g\u00e9nero.<\/p>\n<\/div>\n<\/div>\n\n\n\n<div class=\"wp-block-columns is-layout-flex wp-container-core-columns-is-layout-9d6595d7 wp-block-columns-is-layout-flex\">\n<div class=\"wp-block-column is-layout-flow wp-block-column-is-layout-flow\">\n<p class=\"has-background\" style=\"background-color:#fffacf\">Describe brevemente que est\u00e1s haciendo en este puesto de trabajo.<\/p>\n<\/div>\n\n\n\n<div class=\"wp-block-column is-layout-flow wp-block-column-is-layout-flow\">\n<p>En primer lugar, quiero aclarar que en mi situaci\u00f3n no se trata simplemente de un trabajo, sino de una carrera. La carrera diplom\u00e1tica implica un constante cambio de ubicaci\u00f3n, responsabilidades y \u00e1reas de enfoque. Estos aspectos son precisamente algunos de los factores que me motivaron a ingresar a esta carrera. En la actualidad, desempe\u00f1o el papel de asesora en casos relacionados con nacionalidad, refugio y apatridia. Esto implica la revisi\u00f3n y toma de decisiones que afectan directamente la vida y los derechos de las personas, por ejemplo, el decidir si conceder o no el estatus de refugiado a una persona. Adem\u00e1s, particip\u00f3 activamente en la formulaci\u00f3n y mejora de la normativa en relaci\u00f3n con estos temas.<\/p>\n<\/div>\n<\/div>\n\n\n\n<div class=\"wp-block-columns is-layout-flex wp-container-core-columns-is-layout-9d6595d7 wp-block-columns-is-layout-flex\">\n<div class=\"wp-block-column is-layout-flow wp-block-column-is-layout-flow\">\n<p class=\"has-background\" style=\"background-color:#fffacf\">\u00bfQu\u00e9 es lo que m\u00e1s te gusta de tu trabajo?<\/p>\n<\/div>\n\n\n\n<div class=\"wp-block-column is-layout-flow wp-block-column-is-layout-flow\">\n<p>Los temas en los que me desempe\u00f1o, como migraci\u00f3n, refugio y apatridia, los percibo como cuestiones relevantes tanto para Colombia como para el mundo. Mi conexi\u00f3n personal con estos temas es innegable, dado que soy hija de migrantes colombianos en Venezuela y por mi experiencia de migraci\u00f3n en Alemania. Estas vivencias han reforzado mi compromiso con la promoci\u00f3n de pol\u00edticas y acciones que aborden de manera justa y compasiva las necesidades de los migrantes y refugiados. Por otro lado, valoro enormemente la responsabilidad que conlleva el poder de tomar decisiones en casos individuales lo que me impulsa a buscar soluciones justas, incluso creativas que aborden las necesidades de los migrantes y refugiados. Respecto de la carrera diplom\u00e1tica y consular hay varios aspectos que me resultan atractivos. Entre ellos, la dignidad asociada a la obtenci\u00f3n y el mantenimiento de un cargo meritocr\u00e1tico que continuamente fomenta la actualizaci\u00f3n y la adquisici\u00f3n de nuevos conocimientos y habilidades. Me atrae la naturaleza din\u00e1mica de este trabajo, que abarca la variabilidad de temas, ubicaciones y responsabilidades. En el \u00e1mbito diplom\u00e1tico, encuentro particularmente enriquecedora la capacidad de abordar la resoluci\u00f3n de conflictos y colaborar en la b\u00fasqueda de soluciones a problemas globales. Por otro lado, en la esfera consular, experimentar la satisfacci\u00f3n de ayudar a las personas en momentos de necesidad agrega un componente gratificante a mi labor. Adicionalmente, valoro la intersecci\u00f3n que existe en mi trabajo entre lo t\u00e9cnico y lo pol\u00edtico. Estos son solo algunos de los aspectos que me atraen de esta carrera; estoy ansiosa por explorar y aprender m\u00e1s en el transcurso de mi trayectoria profesional.<\/p>\n<\/div>\n<\/div>\n\n\n\n<div class=\"wp-block-columns is-layout-flex wp-container-core-columns-is-layout-9d6595d7 wp-block-columns-is-layout-flex\">\n<div class=\"wp-block-column is-layout-flow wp-block-column-is-layout-flow\">\n<p class=\"has-background\" style=\"background-color:#fffacf\">\u00bfQu\u00e9 es lo m\u00e1s complejo \/ dif\u00edcil?<\/p>\n<\/div>\n\n\n\n<div class=\"wp-block-column is-layout-flow wp-block-column-is-layout-flow\">\n<p>Desde mi perspectiva, uno de los desaf\u00edos m\u00e1s significativos en el trabajo y en la carrera en general es aprender a desenvolverse en un entorno jer\u00e1rquico y burocr\u00e1tico. Este desaf\u00edo se manifiesta en la minuciosidad requerida en cada uno de los pasos para llevar a cabo las funciones laborales. Uno siempre quisiera que los cambios y mejoras pudiesen implementarse con mayor rapidez y eficiencia.<\/p>\n<\/div>\n<\/div>\n\n\n\n<div class=\"wp-block-columns is-layout-flex wp-container-core-columns-is-layout-9d6595d7 wp-block-columns-is-layout-flex\">\n<div class=\"wp-block-column is-layout-flow wp-block-column-is-layout-flow\">\n<p class=\"has-background\" style=\"background-color:#fffacf\">\u00bfQu\u00e9 dir\u00edas a un estudiante que busca un camino profesional parecido al tuyo? \u00bfQu\u00e9 le aconsejar\u00edas?<\/p>\n<\/div>\n\n\n\n<div class=\"wp-block-column is-layout-flow wp-block-column-is-layout-flow\">\n<p>A m\u00ed me llev\u00f3 tiempo descubrir lo que realmente quer\u00eda en la vida, por esto esta raz\u00f3n lo que m\u00e1s recomendar\u00eda es tener paciencia y persistencia.<\/p>\n\n\n\n<p>Paciencia para ser compasivo consigo mismo si a\u00fan no se ha encontrado un prop\u00f3sito claro. A veces, puede llevar tiempo identificar lo que realmente nos apasiona. Por otro lado, una vez que se tenga claridad sobre lo que se quiere hacer o a d\u00f3nde se quiere llegar, la persistencia se vuelve fundamental. En ocasiones, puede resultar dif\u00edcil comprender c\u00f3mo nuestros diversos intereses pueden converger y contribuir a la construcci\u00f3n de una carrera significativa, pero con el tiempo esto puede suceder<\/p>\n<\/div>\n<\/div>\n\n\n\n<div class=\"wp-block-columns is-layout-flex wp-container-core-columns-is-layout-9d6595d7 wp-block-columns-is-layout-flex\">\n<div class=\"wp-block-column is-layout-flow wp-block-column-is-layout-flow\">\n<p class=\"has-background\" style=\"background-color:#fffacf\">\u00bfQu\u00e9 te hubiese gustado saber iniciando tu carrera profesional?<\/p>\n<\/div>\n\n\n\n<div class=\"wp-block-column is-layout-flow wp-block-column-is-layout-flow\">\n<p>M\u00e1s que saber, hubiese sido de gran valor para m\u00ed el haber contado con la gu\u00eda o mentor\u00eda de otras personas m\u00e1s experimentadas.<\/p>\n<\/div>\n<\/div>\n\n\n\n<div class=\"wp-block-columns is-layout-flex wp-container-core-columns-is-layout-9d6595d7 wp-block-columns-is-layout-flex\">\n<div class=\"wp-block-column is-layout-flow wp-block-column-is-layout-flow\">\n<p class=\"has-background\" style=\"background-color:#fffacf\">Comparte una fuerza tuya y una debilidad<\/p>\n<\/div>\n\n\n\n<div class=\"wp-block-column is-layout-flow wp-block-column-is-layout-flow\">\n<p>Una debilidad es que a veces suelo ser muy severa con mis juicios. Ya sea frente a las cosas a mi alrededor, las otras personas, pero, principalmente frente a m\u00ed misma. Mi fortaleza es la disciplina con la que hago las cosas, tanto el trabajo profesional como el personal. Me entrego de lleno, d\u00eda a d\u00eda. &nbsp;<\/p>\n<\/div>\n<\/div>\n\n\n\n<div class=\"wp-block-columns is-layout-flex wp-container-core-columns-is-layout-9d6595d7 wp-block-columns-is-layout-flex\">\n<div class=\"wp-block-column is-layout-flow wp-block-column-is-layout-flow\">\n<p class=\"has-background\" style=\"background-color:#fffacf\">\u00bfQu\u00e9 es lo que te motiva en tu vida y en tu carrera?<\/p>\n<\/div>\n\n\n\n<div class=\"wp-block-column is-layout-flow wp-block-column-is-layout-flow\">\n<p>Ya sea trabajando en investigaci\u00f3n sobre el conflicto armado en Colombia, decidiendo solicitudes de refugio o resolviendo un problema burocr\u00e1tico para una persona en un tr\u00e1mite cualquiera mi b\u00fasqueda profesional es lograr un mundo m\u00e1s justo y solidario y amable con los dem\u00e1s humanos y la naturaleza.<\/p>\n<\/div>\n<\/div>\n\n\n\n<div class=\"wp-block-columns is-layout-flex wp-container-core-columns-is-layout-9d6595d7 wp-block-columns-is-layout-flex\">\n<div class=\"wp-block-column is-layout-flow wp-block-column-is-layout-flow\">\n<p class=\"has-background\" style=\"background-color:#fffacf\">\u00bfC\u00f3mo llegaste hasta d\u00f3nde est\u00e1s ahora (profesionalmente)<\/p>\n<\/div>\n\n\n\n<div class=\"wp-block-column is-layout-flow wp-block-column-is-layout-flow\">\n<p>Mi camino no ha sido lineal ni claro desde el principio. M\u00e1s bien, lo describir\u00eda como un recorrido lleno de altibajos, donde tuve que enfrentar desaf\u00edos personales y emocionales para dar forma a mi vida profesional. Finalizando mi la maestr\u00eda en Alemania, atraves\u00e9 una crisis existencial y no sab\u00eda si quedarme en el pa\u00eds o c\u00f3mo definir mi carrera. Esto me llev\u00f3 a un per\u00edodo de autoexploraci\u00f3n que incluy\u00f3 un a\u00f1o sab\u00e1tico en Asia. Volv\u00ed a Colombia a trav\u00e9s de un proyecto de cooperaci\u00f3n con la GIZ a trabajar como investigadora en la Comisi\u00f3n de la Verdad. Posteriormente, me present\u00e9 al proceso de selecci\u00f3n para la carrera diplom\u00e1tica. Aunque no pas\u00e9 la primera vez, lo logr\u00e9 en el segundo intento. Luego, afront\u00e9 varias etapas, incluyendo entrevistas y ex\u00e1menes, y finalmente obtuve el primer puesto en el concurso, a pesar de su intensidad y competencia.<\/p>\n<\/div>\n<\/div>\n\n\n\n<div class=\"wp-block-columns is-layout-flex wp-container-core-columns-is-layout-9d6595d7 wp-block-columns-is-layout-flex\">\n<div class=\"wp-block-column is-layout-flow wp-block-column-is-layout-flow\">\n<p class=\"has-background\" style=\"background-color:#fffacf\">Tu consejo\/ <em>motto<\/em> general (y sabio) \u2026<\/p>\n<\/div>\n\n\n\n<div class=\"wp-block-column is-layout-flow wp-block-column-is-layout-flow\">\n<p>Con el pesimismo de la raz\u00f3n y el optimismo de la voluntad.<\/p>\n<\/div>\n<\/div>\n\n\n\n<div class=\"wp-block-columns is-layout-flex wp-container-core-columns-is-layout-9d6595d7 wp-block-columns-is-layout-flex\">\n<div class=\"wp-block-column is-layout-flow wp-block-column-is-layout-flow\">\n<p class=\"has-background\" style=\"background-color:#fffacf\">\u00bfQu\u00e9 podr\u00edas ofrecer a Alumni de la maestr\u00eda del LAI que te contactan? (ayuda para encontrar contactos, una pasant\u00eda, consejos, e.g.)<\/p>\n<\/div>\n\n\n\n<div class=\"wp-block-column is-layout-flow wp-block-column-is-layout-flow\">\n<p>Como mentora de estudiantes de la maestr\u00eda, puedo brindar orientaci\u00f3n acad\u00e9mica, desarrollo de habilidades, asesoramiento profesional, facilitar conexiones con otros profesionales a trav\u00e9s del networking y ofrecer apoyo emocional. Por ejemplo, puedo compartir ideas y experiencias relacionadas con la preparaci\u00f3n de ex\u00e1menes, la creaci\u00f3n de curr\u00edculos y la preparaci\u00f3n para entrevistas. Adem\u00e1s, puedo ofrecer asesoramiento en la investigaci\u00f3n en \u00e1reas de mi experiencia, como derechos humanos, conflicto armado colombiano, migraci\u00f3n y diplomacia. Estoy disponible para escuchar y brindar apoyo en momentos de estr\u00e9s especialmente desde mi perspectiva como mujer latina y mi experiencia como migrante.<\/p>\n<\/div>\n<\/div>\n\n\n\n<div class=\"wp-block-columns is-layout-flex wp-container-core-columns-is-layout-9d6595d7 wp-block-columns-is-layout-flex\">\n<div class=\"wp-block-column is-layout-flow wp-block-column-is-layout-flow\">\n<p class=\"has-background\" style=\"background-color:#fffacf\">Compartes un contacto para que te contacten lxs estudiantes del LAI? (por favor, indique el e-mail \/ contacto)<\/p>\n<\/div>\n\n\n\n<div class=\"wp-block-column is-layout-flow wp-block-column-is-layout-flow\">\n<p>S\u00ed (Cont\u00e1ctenos en alumni@lai.fu-berlin para recibir el correo electr\u00f3nico.)<\/p>\n<\/div>\n<\/div>\n","protected":false},"excerpt":{"rendered":"<p>Abogada con maestr\u00eda en Estudios Latinoamericanos Interdisciplinarios con enfoque en g\u00e9nero de la Universidad Libre de Berl\u00edn y diplom\u00e1tica de carrera de Colombia.&nbsp;Ha enfocado su trayectoria profesional principalmente en el sector p\u00fablico y, tem\u00e1ticamente, en los derechos humanos. Dentro de ese \u00e1mbito, ha trabajado en proyectos de litigio estrat\u00e9gico y en el sistema de justicia &hellip; <a href=\"https:\/\/blogs.fu-berlin.de\/lai-alumni-mentoring\/2023\/09\/29\/11-barbara-mora\/\" class=\"more-link\"><span class=\"screen-reader-text\">\u201e11. B\u00e1rbara Mora\u201c<\/span> weiterlesen<\/a><\/p>\n","protected":false},"author":7741,"featured_media":0,"comment_status":"open","ping_status":"open","sticky":false,"template":"","format":"standard","meta":{"footnotes":""},"categories":[9],"tags":[],"class_list":["post-114","post","type-post","status-publish","format-standard","hentry","category-allgemein"],"_links":{"self":[{"href":"https:\/\/blogs.fu-berlin.de\/lai-alumni-mentoring\/wp-json\/wp\/v2\/posts\/114","targetHints":{"allow":["GET"]}}],"collection":[{"href":"https:\/\/blogs.fu-berlin.de\/lai-alumni-mentoring\/wp-json\/wp\/v2\/posts"}],"about":[{"href":"https:\/\/blogs.fu-berlin.de\/lai-alumni-mentoring\/wp-json\/wp\/v2\/types\/post"}],"author":[{"embeddable":true,"href":"https:\/\/blogs.fu-berlin.de\/lai-alumni-mentoring\/wp-json\/wp\/v2\/users\/7741"}],"replies":[{"embeddable":true,"href":"https:\/\/blogs.fu-berlin.de\/lai-alumni-mentoring\/wp-json\/wp\/v2\/comments?post=114"}],"version-history":[{"count":1,"href":"https:\/\/blogs.fu-berlin.de\/lai-alumni-mentoring\/wp-json\/wp\/v2\/posts\/114\/revisions"}],"predecessor-version":[{"id":115,"href":"https:\/\/blogs.fu-berlin.de\/lai-alumni-mentoring\/wp-json\/wp\/v2\/posts\/114\/revisions\/115"}],"wp:attachment":[{"href":"https:\/\/blogs.fu-berlin.de\/lai-alumni-mentoring\/wp-json\/wp\/v2\/media?parent=114"}],"wp:term":[{"taxonomy":"category","embeddable":true,"href":"https:\/\/blogs.fu-berlin.de\/lai-alumni-mentoring\/wp-json\/wp\/v2\/categories?post=114"},{"taxonomy":"post_tag","embeddable":true,"href":"https:\/\/blogs.fu-berlin.de\/lai-alumni-mentoring\/wp-json\/wp\/v2\/tags?post=114"}],"curies":[{"name":"wp","href":"https:\/\/api.w.org\/{rel}","templated":true}]}}